{"id":48229,"date":"2026-09-04T20:14:37","date_gmt":"2026-09-04T23:14:37","guid":{"rendered":"https:\/\/ecosdelsur.com\/?p=48229"},"modified":"2026-09-04T20:14:37","modified_gmt":"2026-09-04T23:14:37","slug":"amira-varas-la-joven-boxeadora-de-caleta-olivia-que-vencio-al-bullying-a-fuerza-de-punos-y-disciplina","status":"publish","type":"post","link":"https:\/\/ecosdelsur.com\/?p=48229","title":{"rendered":"Amira Varas, la joven boxeadora de Caleta Olivia que venci\u00f3 al bullying a fuerza de pu\u00f1os y disciplina"},"content":{"rendered":"<p>A los 13 a\u00f1os y con casi cinco de trayectoria en la Escuela Amir, la p\u00fagil santacruce\u00f1a super\u00f3 el acoso escolar a trav\u00e9s de la disciplina del cuadril\u00e1tero. Entrena con la mirada puesta en su revancha en Comodoro Rivadavia, sue\u00f1a con ingresar a la polic\u00eda provincial y demuestra, junto a su familia, que el verdadero combate contra la adversidad se gana con perseverancia y trabajo en equipo.<\/p>\n<p>El boxeo no solo ense\u00f1a a esquivar golpes sobre la lona, sino tambi\u00e9n a levantarse frente a los embates de la vida. A sus 13 a\u00f1os, Amira Vargas es el reflejo claro de esa premisa. Tras pasar por el f\u00fatbol y atravesar una dif\u00edcil etapa de acoso escolar, encontr\u00f3 en el deporte de los pu\u00f1os el refugio exacto para transformar el temor en seguridad, forjar su car\u00e1cter y construir un futuro lleno de metas.<\/p>\n<p>Acompa\u00f1ada incondicionalmente por su mam\u00e1, Lorena Baquenzay, y bajo la gu\u00eda t\u00e9cnica de Miguel Zurita en la Escuela de Box Amir, la zurda de Caleta Olivia ya suma cinco peleas en su historial y se alista para su pr\u00f3ximo desaf\u00edo en Comodoro Rivadavia. Entre guanteos, la exigencia acad\u00e9mica de la secundaria y el esfuerzo familiar por costear cada viaje, Amira repasa en esta charla c\u00f3mo el ring se convirti\u00f3 en su mejor escuela.<\/p>\n<p><a href=\"https:\/\/www.facebook.com\/share\/v\/1bN11Rpt95\/\">https:\/\/www.facebook.com\/share\/v\/1bN11Rpt95\/<\/a><\/p>\n<p>El impacto del deporte y la contenci\u00f3n familiar<\/p>\n<p>Lorena Baquenzay detalla que la llegada de Amira al boxeo naci\u00f3 de la necesidad de superar la inseguridad provocada por el bullying escolar. El gimnasio pas\u00f3 a ser un espacio de fortaleza emocional y crecimiento personal.<\/p>\n<p>Su madre marca un l\u00edmite claro entre el rol de contenci\u00f3n materna y el trabajo del entrenador. &#8220;El profesor se encarga de lo t\u00e9cnico; mi lugar es escucharla y calmar los nervios&#8221;, sostiene.<\/p>\n<p>En la casa de Amira la premisa es clara: el estudio no se negocia. Mientras la joven proyecta su carrera deportiva y sue\u00f1a con ser polic\u00eda provincial, su madre enfatiza que terminar el secundario es la herramienta principal para defenderse en la vida.<\/p>\n<p>Preparaci\u00f3n t\u00e9cnica y la revancha en Comodoro<\/p>\n<p>Siendo zurda, Amira destaca la potencia de su mano izquierda como su principal arma, mientras trabaja en ajustar la derecha, la movilidad y la lectura de combate.<\/p>\n<p>Su estilo prioriza el an\u00e1lisis: utiliza el primer asalto para estudiar los desplazamientos del rival antes de lanzar las combinaciones de ataque.<\/p>\n<p>Se prepara para afrontar su sexto combate en Comodoro Rivadavia (octava pelea de la velada), donde buscar\u00e1 la revancha frente a Jazm\u00edn Rodr\u00edguez tras corregir los detalles de su primer enfrentamiento.<\/p>\n<p>Su rutina combina trabajos de fuerza, bolsa y sparring intenso con compa\u00f1eros de mayor edad, lo que le permiti\u00f3 ganar aplomo y perder el miedo al contacto.<\/p>\n<p>El esfuerzo autogestionado del boxeo amateur<\/p>\n<p>Costos de competencia: Los viajes, pesajes, traslados y la nutrici\u00f3n implican un reto econ\u00f3mico diario para la familia y la Escuela de Box.<\/p>\n<p>Para financiar la actividad, la comunidad del gimnasio organiza bingos, ventas de comida y rifas, demostrando que el esp\u00edritu de equipo excede los l\u00edmites del cuadril\u00e1tero.<\/p>\n<p>A pesar del respaldo de comerciantes locales del barrio 3 de Febrero, el equipo contin\u00faa sumando apoyos para garantizar la continuidad deportiva de Amira.<\/p>\n","protected":false},"excerpt":{"rendered":"<p>A los 13 a\u00f1os y con casi cinco de trayectoria en la Escuela Amir, la p\u00fagil santacruce\u00f1a super\u00f3 el acoso<\/p>\n","protected":false},"author":8,"featured_media":48230,"comment_status":"open","ping_status":"closed","sticky":false,"template":"","format":"standard","meta":{"footnotes":""},"categories":[37],"tags":[1920,1770,1921],"class_list":["post-48229","post","type-post","status-publish","format-standard","has-post-thumbnail","hentry","category-deportes","tag-amira-varas","tag-boxeo-caleta-olivia","tag-historias-de-superacion-deportiva"],"_links":{"self":[{"href":"https:\/\/ecosdelsur.com\/index.php?rest_route=\/wp\/v2\/posts\/48229","targetHints":{"allow":["GET"]}}],"collection":[{"href":"https:\/\/ecosdelsur.com\/index.php?rest_route=\/wp\/v2\/posts"}],"about":[{"href":"https:\/\/ecosdelsur.com\/index.php?rest_route=\/wp\/v2\/types\/post"}],"author":[{"embeddable":true,"href":"https:\/\/ecosdelsur.com\/index.php?rest_route=\/wp\/v2\/users\/8"}],"replies":[{"embeddable":true,"href":"https:\/\/ecosdelsur.com\/index.php?rest_route=%2Fwp%2Fv2%2Fcomments&post=48229"}],"version-history":[{"count":1,"href":"https:\/\/ecosdelsur.com\/index.php?rest_route=\/wp\/v2\/posts\/48229\/revisions"}],"predecessor-version":[{"id":48231,"href":"https:\/\/ecosdelsur.com\/index.php?rest_route=\/wp\/v2\/posts\/48229\/revisions\/48231"}],"wp:featuredmedia":[{"embeddable":true,"href":"https:\/\/ecosdelsur.com\/index.php?rest_route=\/wp\/v2\/media\/48230"}],"wp:attachment":[{"href":"https:\/\/ecosdelsur.com\/index.php?rest_route=%2Fwp%2Fv2%2Fmedia&parent=48229"}],"wp:term":[{"taxonomy":"category","embeddable":true,"href":"https:\/\/ecosdelsur.com\/index.php?rest_route=%2Fwp%2Fv2%2Fcategories&post=48229"},{"taxonomy":"post_tag","embeddable":true,"href":"https:\/\/ecosdelsur.com\/index.php?rest_route=%2Fwp%2Fv2%2Ftags&post=48229"}],"curies":[{"name":"wp","href":"https:\/\/api.w.org\/{rel}","templated":true}]}}