{"id":48216,"date":"2026-09-04T18:40:22","date_gmt":"2026-09-04T21:40:22","guid":{"rendered":"https:\/\/ecosdelsur.com\/?p=48216"},"modified":"2026-09-04T18:40:22","modified_gmt":"2026-09-04T21:40:22","slug":"infraestructura-escolar-inversion-constante-y-acciones-concretas-en-puerto-deseado","status":"publish","type":"post","link":"https:\/\/ecosdelsur.com\/?p=48216","title":{"rendered":"Infraestructura escolar: Inversi\u00f3n constante y acciones concretas en Puerto Deseado"},"content":{"rendered":"<p><span style=\"color: #ff0000;\">04 de Septiembre 2026. <\/span>En el marco del Plan Provincial de Recuperaci\u00f3n Hist\u00f3rica de Escuelas, el Consejo Provincial de Educaci\u00f3n (CPE) concret\u00f3 un nuevo operativo de mantenimiento preventivo y correctivo en establecimientos educativos de Puerto Deseado.<\/p>\n<div class=\"redes mb-3\">\n<div class=\"d-flex flex-wrap justify-content-between align-items-center gap-3 my-2 mx-1\">\n<section class=\"ssi-block-main mb-5\">\n<div class=\"mb-2\">\n<div class=\"article-full\">\n<p>Las tareas abarcaron intervenciones prioritarias en los sistemas de calefacci\u00f3n, redes de agua, grifer\u00edas, sanitarios y reacondicionamiento general de los espacios pedag\u00f3gicos. Esta l\u00ednea de trabajo responde a la decisi\u00f3n pol\u00edtica de sostener una inversi\u00f3n continua en materia edilicia, priorizando soluciones efectivas que permitan mantener los edificios escolares en condiciones \u00f3ptimas para el desarrollo de las clases.<\/p>\n<h2>Inversi\u00f3n hist\u00f3rica para las escuelas de la provincia<\/h2>\n<p>Para concretar estas mejoras, se destinaron\u00a0<strong>$257.000.000 en trabajos directos de mantenimiento escolar<\/strong>, a los que se\u00a0<strong>suman $168.000.000 adicionales\u00a0<\/strong>volcados a trav\u00e9s de convenios estrat\u00e9gicos con el municipio local. Esta importante inversi\u00f3n combinada permite atender de manera integral las necesidades edilicias y\u00a0<strong>garantizar espacios adecuados para toda la comunidad educativa.<\/strong><\/p>\n<h2>Supervisi\u00f3n directa y presencia en el territorio<\/h2>\n<p>Con el objetivo de verificar el desarrollo y la calidad de las obras finalizadas, la directora Regional Zona Norte,\u00a0<strong>Magdalena Paredes<\/strong>, junto a la directora\u00a0<strong>del Colegio Provincial de Educaci\u00f3n Secundaria N\u00b0 24 de Puerto Deseado,<\/strong>\u00a0encabez\u00f3 este\u00a0<strong>jueves 3 de septiembre<\/strong>\u00a0una recorrida de supervisi\u00f3n por las instalaciones del establecimiento.<\/p>\n<p>Durante el relevamiento, las autoridades constataron las mejoras ejecutadas por los equipos t\u00e9cnicos y dialogaron sobre el impacto positivo de estas labores en la rutina diaria de la comunidad educativa.<\/p>\n<h2>Pol\u00edtica p\u00fablica centrada en los estudiantes<\/h2>\n<p>La recuperaci\u00f3n y el mantenimiento constante de la infraestructura de las escuelas constituyen un pilar fundamental para asegurar el\u00a0<strong>derecho a la educaci\u00f3n en entornos seguros y adecuados<\/strong>. Desde el Consejo Provincial de Educaci\u00f3n se reafirma el compromiso de dar respuestas territoriales efectivas a las demandas de cada localidad, acompa\u00f1ando el fortalecimiento de las trayectorias escolares de\u00a0<strong>ni\u00f1os, ni\u00f1as y j\u00f3venes en toda la provincia.<\/strong><\/p>\n<\/div>\n<\/div>\n<\/section>\n<aside class=\"ssi-block-side\">\n<aside class=\"a-gallery mt-2\">\n<div class=\"row g-3 ssigallery-frontend mt-3 row-cols-2 row-cols-sm-3 row-cols-md-3 row-cols-lg-4\">\n<div class=\"col-6 col-sm-4 col-md-4 col-lg-3 mt-0\"><a class=\"ssig-item\" href=\"https:\/\/noticias.santacruz.gob.ar\/media\/ssigallery\/articulos\/26424\/galeria\/2609033-MANTENIMIENTO_CPES_24_PUERTO_DESEADO__10_.jpg\" data-ssig=\"1\" data-caption=\"\" data-fancybox=\"ssigallery-article-26424\"><img decoding=\"async\" class=\"img-fluid rounded lazyload\" data-src=\"https:\/\/noticias.santacruz.gob.ar\/media\/ssigallery\/articulos\/26424\/galeria\/thumbs\/2609033-MANTENIMIENTO_CPES_24_PUERTO_DESEADO__10_.jpg\" alt=\"Infraestructura escolar: Inversi\u00f3n constante y acciones concretas en Puerto Deseado\" src=\"data:image\/svg+xml;base64,PHN2ZyB3aWR0aD0iMSIgaGVpZ2h0PSIxIiB4bWxucz0iaHR0cDovL3d3dy53My5vcmcvMjAwMC9zdmciPjwvc3ZnPg==\" \/><\/a><\/div>\n<\/div>\n<\/aside>\n<\/aside>\n<\/div>\n<\/div>\n","protected":false},"excerpt":{"rendered":"<p>04 de Septiembre 2026. En el marco del Plan Provincial de Recuperaci\u00f3n Hist\u00f3rica de Escuelas, el Consejo Provincial de Educaci\u00f3n<\/p>\n","protected":false},"author":8,"featured_media":48217,"comment_status":"open","ping_status":"closed","sticky":false,"template":"","format":"standard","meta":{"footnotes":""},"categories":[89],"tags":[],"class_list":["post-48216","post","type-post","status-publish","format-standard","has-post-thumbnail","hentry","category-educacion"],"_links":{"self":[{"href":"https:\/\/ecosdelsur.com\/index.php?rest_route=\/wp\/v2\/posts\/48216","targetHints":{"allow":["GET"]}}],"collection":[{"href":"https:\/\/ecosdelsur.com\/index.php?rest_route=\/wp\/v2\/posts"}],"about":[{"href":"https:\/\/ecosdelsur.com\/index.php?rest_route=\/wp\/v2\/types\/post"}],"author":[{"embeddable":true,"href":"https:\/\/ecosdelsur.com\/index.php?rest_route=\/wp\/v2\/users\/8"}],"replies":[{"embeddable":true,"href":"https:\/\/ecosdelsur.com\/index.php?rest_route=%2Fwp%2Fv2%2Fcomments&post=48216"}],"version-history":[{"count":1,"href":"https:\/\/ecosdelsur.com\/index.php?rest_route=\/wp\/v2\/posts\/48216\/revisions"}],"predecessor-version":[{"id":48218,"href":"https:\/\/ecosdelsur.com\/index.php?rest_route=\/wp\/v2\/posts\/48216\/revisions\/48218"}],"wp:featuredmedia":[{"embeddable":true,"href":"https:\/\/ecosdelsur.com\/index.php?rest_route=\/wp\/v2\/media\/48217"}],"wp:attachment":[{"href":"https:\/\/ecosdelsur.com\/index.php?rest_route=%2Fwp%2Fv2%2Fmedia&parent=48216"}],"wp:term":[{"taxonomy":"category","embeddable":true,"href":"https:\/\/ecosdelsur.com\/index.php?rest_route=%2Fwp%2Fv2%2Fcategories&post=48216"},{"taxonomy":"post_tag","embeddable":true,"href":"https:\/\/ecosdelsur.com\/index.php?rest_route=%2Fwp%2Fv2%2Ftags&post=48216"}],"curies":[{"name":"wp","href":"https:\/\/api.w.org\/{rel}","templated":true}]}}