{"id":48206,"date":"2026-09-04T18:28:25","date_gmt":"2026-09-04T21:28:25","guid":{"rendered":"https:\/\/ecosdelsur.com\/?p=48206"},"modified":"2026-09-04T18:28:25","modified_gmt":"2026-09-04T21:28:25","slug":"el-calafate-se-moderniza-el-gobierno-de-claudio-vidal-instalo-mas-de-300-luminarias-led-para-potenciar-la-seguridad-urbana","status":"publish","type":"post","link":"https:\/\/ecosdelsur.com\/?p=48206","title":{"rendered":"El Calafate se moderniza: el Gobierno de Claudio Vidal instal\u00f3 m\u00e1s de 300 luminarias LED para potenciar la seguridad urbana"},"content":{"rendered":"<p><span style=\"color: #ff0000;\">04 de Septiembre 2026. <\/span>La iniciativa forma parte de un plan provincial de reconversi\u00f3n lum\u00ednica y eficiencia energ\u00e9tica que contempla una inversi\u00f3n superior a los 3.400 millones de pesos para la adquisici\u00f3n de 15.000 artefactos que ya son instalados en toda la provincia.<\/p>\n<p>Como parte del plan estrat\u00e9gico de modernizaci\u00f3n impulsado por el Gobierno provincial bajo la gesti\u00f3n de\u00a0<strong>Claudio Vidal<\/strong>, en la ciudad de El Calafate se concluy\u00f3 con \u00e9xito la instalaci\u00f3n de las primeras\u00a0<strong>300 luminarias con tecnolog\u00eda LED<\/strong>.<\/p>\n<p>Esta obra clave reemplaza al antiguo sistema de sodio y\u00a0<strong>se traduce en un salto cualitativo hacia la eficiencia energ\u00e9tica<\/strong>, reduciendo el consumo el\u00e9ctrico, optimizando el mantenimiento urbano y dotando de mayor visibilidad y seguridad a vecinos, instituciones y turistas.<\/p>\n<p>El despliegue de estos nuevos equipos abarca corredores viales estrat\u00e9gicos, accesos a barrios, zonas gastron\u00f3micas y hoteleras, as\u00ed como puntos neur\u00e1lgicos de contenci\u00f3n social y educativa.<\/p>\n<figure class=\"ssi-inline-image my-3\"><img decoding=\"async\" class=\"img-fluid lazyload\" data-src=\"https:\/\/noticias.santacruz.gob.ar\/media\/ssigallery\/articulos\/26426\/inline\/WhatsApp_Image_2026-09-04_at_4.54.18_PM.jpeg\" alt=\"El Calafate se moderniza: el Gobierno de Claudio Vidal instal\u00f3 m\u00e1s de 300 luminarias LED para potenciar la seguridad urbana\" src=\"data:image\/svg+xml;base64,PHN2ZyB3aWR0aD0iMSIgaGVpZ2h0PSIxIiB4bWxucz0iaHR0cDovL3d3dy53My5vcmcvMjAwMC9zdmciPjwvc3ZnPg==\" \/><\/figure>\n<h2><strong>Zonas, instituciones y barrios alcanzados por la gesti\u00f3n provincial<\/strong><\/h2>\n<p>Las acciones del Ejecutivo a trav\u00e9s de Servicios P\u00fablicos Sociedad del Estado (SPSE), abarca arterias y accesos principales, tales como las calles Los Pioneros, Avda. Juan Esteban, Avda. Padre Agostini, Avda. Costanera Pte. N. Kirchner, el ingreso a El Calafate y la Ruta Provincial N\u00b0 11 (en el tramo comprendido entre la rotonda de ingreso a B\u00b0 Villa Parque y la rotonda de la Secretar\u00eda Municipal de Turismo).<\/p>\n<p>En relaci\u00f3n a las Instituciones educativas y comunitarias en las cuales se trabaja, desde la empresa provincial se detall\u00f3 que se trata de la Escuela Industrial N\u00b0 9, Sala CIC (Centro Integrador Comunitario), accesos a la Escuela Primaria Provincial N\u00b0 80 y Colegio Provincial N\u00b0 46, Jard\u00edn de Infantes N\u00b0 60, Centro de Jubilados y Pensionados Koraiken, y la Sede del Club Newell&#8217;s Old Boys.<\/p>\n<p>Las acciones tambi\u00e9n comprenden al sector hotelero y tur\u00edstico, comprendidos por el Hotel Bah\u00eda Redonda, Hotel Patagonia Queen y el acceso al Hotel Posada de Los \u00c1lamos.<\/p>\n<p>En cuanto a los barrios que resultaron beneficiados por este servicio, se especifican los siguientes: Cerro Calafate, \u00a0Aut\u00f3dromo Viejo, 90 Viviendas, Ca\u00f1ad\u00f3n, 30 Viviendas, Centro, \u00a0Chacras, Costanera, Villa Parque Los Glaciares, Aeropuerto Viejo, Los Tehuelches, Calafate\u00f1os, Tama e Isla Solitaria.<\/p>\n<figure class=\"ssi-inline-image my-3\"><img decoding=\"async\" class=\"img-fluid lazyload\" data-src=\"https:\/\/noticias.santacruz.gob.ar\/media\/ssigallery\/articulos\/26426\/inline\/WhatsApp_Image_2026-09-04_at_4.54.13_PM.jpeg\" alt=\"El Calafate se moderniza: el Gobierno de Claudio Vidal instal\u00f3 m\u00e1s de 300 luminarias LED para potenciar la seguridad urbana\" src=\"data:image\/svg+xml;base64,PHN2ZyB3aWR0aD0iMSIgaGVpZ2h0PSIxIiB4bWxucz0iaHR0cDovL3d3dy53My5vcmcvMjAwMC9zdmciPjwvc3ZnPg==\" \/><\/figure>\n<h2>Un plan federal y de alto impacto para Santa Cruz<\/h2>\n<p><strong>La compra de las 15.000 luminarias LED<\/strong>\u00a0\u2014anunciada el pasado 6 de agosto con una inversi\u00f3n superior a los 3.400 millones de pesos\u2014\u00a0<strong>refleja el compromiso de la gesti\u00f3n de Claudio Vidal con el desarrollo equitativo de la provincia<\/strong>.<\/p>\n<p>Este plan de modernizaci\u00f3n no solo se limita al recambio de artefactos existentes, sino que tambi\u00e9n contempla la extensi\u00f3n del tendido el\u00e9ctrico hacia sectores y calles que hist\u00f3ricamente carec\u00edan de iluminaci\u00f3n adecuada, consolidando as\u00ed espacios p\u00fablicos m\u00e1s seguros e inclusivos en todo el territorio santacruce\u00f1o.<\/p>\n<figure class=\"ssi-inline-image my-3\"><img decoding=\"async\" class=\"img-fluid lazyload\" data-src=\"https:\/\/noticias.santacruz.gob.ar\/media\/ssigallery\/articulos\/26426\/inline\/WhatsApp_Image_2026-09-04_at_4.54.13_PM__1_.jpeg\" alt=\"El Calafate se moderniza: el Gobierno de Claudio Vidal instal\u00f3 m\u00e1s de 300 luminarias LED para potenciar la seguridad urbana\" src=\"data:image\/svg+xml;base64,PHN2ZyB3aWR0aD0iMSIgaGVpZ2h0PSIxIiB4bWxucz0iaHR0cDovL3d3dy53My5vcmcvMjAwMC9zdmciPjwvc3ZnPg==\" \/><\/figure>\n","protected":false},"excerpt":{"rendered":"<p>04 de Septiembre 2026. La iniciativa forma parte de un plan provincial de reconversi\u00f3n lum\u00ednica y eficiencia energ\u00e9tica que contempla<\/p>\n","protected":false},"author":8,"featured_media":48207,"comment_status":"open","ping_status":"closed","sticky":false,"template":"","format":"standard","meta":{"footnotes":""},"categories":[1094],"tags":[],"class_list":["post-48206","post","type-post","status-publish","format-standard","has-post-thumbnail","hentry","category-gobierno"],"_links":{"self":[{"href":"https:\/\/ecosdelsur.com\/index.php?rest_route=\/wp\/v2\/posts\/48206","targetHints":{"allow":["GET"]}}],"collection":[{"href":"https:\/\/ecosdelsur.com\/index.php?rest_route=\/wp\/v2\/posts"}],"about":[{"href":"https:\/\/ecosdelsur.com\/index.php?rest_route=\/wp\/v2\/types\/post"}],"author":[{"embeddable":true,"href":"https:\/\/ecosdelsur.com\/index.php?rest_route=\/wp\/v2\/users\/8"}],"replies":[{"embeddable":true,"href":"https:\/\/ecosdelsur.com\/index.php?rest_route=%2Fwp%2Fv2%2Fcomments&post=48206"}],"version-history":[{"count":1,"href":"https:\/\/ecosdelsur.com\/index.php?rest_route=\/wp\/v2\/posts\/48206\/revisions"}],"predecessor-version":[{"id":48208,"href":"https:\/\/ecosdelsur.com\/index.php?rest_route=\/wp\/v2\/posts\/48206\/revisions\/48208"}],"wp:featuredmedia":[{"embeddable":true,"href":"https:\/\/ecosdelsur.com\/index.php?rest_route=\/wp\/v2\/media\/48207"}],"wp:attachment":[{"href":"https:\/\/ecosdelsur.com\/index.php?rest_route=%2Fwp%2Fv2%2Fmedia&parent=48206"}],"wp:term":[{"taxonomy":"category","embeddable":true,"href":"https:\/\/ecosdelsur.com\/index.php?rest_route=%2Fwp%2Fv2%2Fcategories&post=48206"},{"taxonomy":"post_tag","embeddable":true,"href":"https:\/\/ecosdelsur.com\/index.php?rest_route=%2Fwp%2Fv2%2Ftags&post=48206"}],"curies":[{"name":"wp","href":"https:\/\/api.w.org\/{rel}","templated":true}]}}