{"id":48203,"date":"2026-09-04T18:25:31","date_gmt":"2026-09-04T21:25:31","guid":{"rendered":"https:\/\/ecosdelsur.com\/?p=48203"},"modified":"2026-09-04T18:25:31","modified_gmt":"2026-09-04T21:25:31","slug":"con-el-lema-letras-que-nos-acercan-se-inauguro-la-32a-feria-provincial-del-libro-en-santa-cruz","status":"publish","type":"post","link":"https:\/\/ecosdelsur.com\/?p=48203","title":{"rendered":"Con el lema \u201cLetras que nos acercan\u201d, se inaugur\u00f3 la 32\u00aa Feria Provincial del Libro en Santa Cruz"},"content":{"rendered":"<p><span style=\"color: #ff0000;\">04 de Septiembre 2026. <\/span>La apertura oficial fue en el Complejo Cultural Santa Cruz, en R\u00edo Gallegos. La propuesta se extender\u00e1 hasta el 13 de septiembre y consta se una serie de actividades recreativas, culturales y literarias.<\/p>\n<div class=\"redes mb-3\">\n<div class=\"d-flex flex-wrap justify-content-between align-items-center gap-3 my-2 mx-1\">\n<p>Este viernes al mediod\u00eda, se inaugur\u00f3 la 32\u00aa Feria Provincial del Libro en Santa Cruz. La ceremonia tuvo lugar en el Sal\u00f3n Auditorio \u201cLuis Villarreal\u201d, y fue encabezada por la ministra de Gobierno, Bel\u00e9n Elmiger y la secretaria de Estado de Cultura Silvia D\u2019Andrea. Junto a ellas estuvieron los ministros de la Producci\u00f3n, Comercio e Industria, Nadia Ricci y de Desarrollo Social, Igualdad e Integraci\u00f3n, Sebasti\u00e1n Georgi\u00f3n. Tambi\u00e9n se hizo presente el intendente Pablo Grasso, adem\u00e1s de funcionarios del Ejecutivo e invitados especiales.<\/p>\n<figure class=\"ssi-inline-image my-3\"><img decoding=\"async\" class=\"img-fluid lazyload\" data-src=\"https:\/\/noticias.santacruz.gob.ar\/media\/ssigallery\/articulos\/26411\/inline\/20260904_CULTURA_INAUGURACION_FERIA_DEL_LIBRO-6.JPG\" alt=\"Con el lema \u201cLetras que nos acercan\u201d, se inaugur\u00f3 la 32\u00aa Feria Provincial del Libro en Santa Cruz\" src=\"data:image\/svg+xml;base64,PHN2ZyB3aWR0aD0iMSIgaGVpZ2h0PSIxIiB4bWxucz0iaHR0cDovL3d3dy53My5vcmcvMjAwMC9zdmciPjwvc3ZnPg==\" \/><\/figure>\n<p>Durante la inauguraci\u00f3n, la secretaria de Estado de Cultura,\u00a0<strong>Silvia D\u2019Andrea<\/strong>, expres\u00f3: \u201c<strong>Todos los trabajadores que est\u00e1n en el Complejo Cultural y los que desde afuera colaboran con las actividades nos hemos propuesto sumarnos a un nuevo paradigma de gesti\u00f3n:<\/strong>\u00a0abrirle las puertas a todo lo que es el quehacer humano, que es la cultura en s\u00ed. Creemos que es obligaci\u00f3n de la cultura generar la utop\u00eda, la que nos permite proyectarnos en el otro, respetarnos en el quehacer cotidiano y construir juntos un mundo mejor.\u201d<\/p>\n<p>En otro tramo, D\u2019Andrea invit\u00f3 a la comunidad a participar activamente: \u201c<strong>Los invito a todos a recorrer esta nueva exposici\u00f3n, la 32\u00aa Feria del Libro<\/strong>. Los invito a estar en las encuestas, a ver a la gente de PREPAP trabajando en los pasillos, a acompa\u00f1ar a los libreros y manualeros, a participar comprando y difundiendo. Esa es la nueva utop\u00eda:\u00a0<strong>hacer que todo sea de todos y para todos, construir un modelo en el que todos quepamos<\/strong>.\u201d<\/p>\n<p>La feria se proyecta como un espacio de encuentro entre autores, lectores y editoriales, integrando voces de la literatura, la historia, la m\u00fasica y la gastronom\u00eda. Con el respaldo de la Secretar\u00eda de Estado de Cultura y el apoyo del CFI, la\u00a0<strong>32\u00aa Feria Provincial del Libro de Santa Cruz<\/strong>\u00a0reafirma su compromiso con la promoci\u00f3n de la lectura y la construcci\u00f3n de una identidad cultural compartida en toda la provincia.<\/p>\n<figure class=\"ssi-inline-image my-3\"><img decoding=\"async\" class=\"img-fluid lazyload\" data-src=\"https:\/\/noticias.santacruz.gob.ar\/media\/ssigallery\/articulos\/26411\/inline\/20260904_CULTURA_INAUGURACION_FERIA_DEL_LIBRO-5.JPG\" alt=\"Con el lema \u201cLetras que nos acercan\u201d, se inaugur\u00f3 la 32\u00aa Feria Provincial del Libro en Santa Cruz\" src=\"data:image\/svg+xml;base64,PHN2ZyB3aWR0aD0iMSIgaGVpZ2h0PSIxIiB4bWxucz0iaHR0cDovL3d3dy53My5vcmcvMjAwMC9zdmciPjwvc3ZnPg==\" \/><\/figure>\n<h2>La propuesta<\/h2>\n<p>Con m\u00e1s de\u00a0<strong>50 escritores santacruce\u00f1os<\/strong>\u00a0que presentar\u00e1n sus obras, m\u00e1s de\u00a0<strong>40 stands de editoriales y librer\u00edas<\/strong>\u00a0provinciales y nacionales, espect\u00e1culos musicales de diversos g\u00e9neros, obras de teatro para todas las edades, proyecciones de pel\u00edculas y cortos santacruce\u00f1os, talleres y charlas educativas para jardines, escuelas y colegios, y la presencia de\u00a0<strong>seis invitados especiales de escala nacional<\/strong>, la feria se consolida como un espacio de encuentro plural y diverso.<\/p>\n<p>La realizaci\u00f3n cuenta con el apoyo del\u00a0<strong>Consejo Federal de Inversiones (CFI)<\/strong>, lo que garantiza la proyecci\u00f3n nacional y regional del evento.<\/p>\n<p>Para conocer la grilla completa se podr\u00e1 consultar en\u00a0<strong>conexioncultura.santacruz.gob.ar<\/strong>\u00a0o en las redes de Instagram y Facebook de Cultura Santa Cruz.<\/p>\n<figure class=\"ssi-inline-image my-3\"><img decoding=\"async\" class=\"img-fluid lazyload\" data-src=\"https:\/\/noticias.santacruz.gob.ar\/media\/ssigallery\/articulos\/26411\/inline\/20260904_CULTURA_INAUGURACION_FERIA_DEL_LIBRO.JPG\" alt=\"Con el lema \u201cLetras que nos acercan\u201d, se inaugur\u00f3 la 32\u00aa Feria Provincial del Libro en Santa Cruz\" src=\"data:image\/svg+xml;base64,PHN2ZyB3aWR0aD0iMSIgaGVpZ2h0PSIxIiB4bWxucz0iaHR0cDovL3d3dy53My5vcmcvMjAwMC9zdmciPjwvc3ZnPg==\" \/><\/figure>\n<h2>AGENDA S\u00c1BADO 5 SEPTIEMBRE<\/h2>\n<h2><a name=\"_wybzsye1t25z\"><\/a><strong>Sala Auditorio Luis Villarreal<\/strong><\/h2>\n<p><strong>14:00 | Presentaci\u00f3n del libro \u201cAutismos. Donde la mirada se detiene\u201d \u2013 Lic. Luis Omar Ortega\u00a0<\/strong><\/p>\n<p>El licenciado Luis Omar Ortega comparte este conversatorio sobre autismo en la adultez, acompa\u00f1ado por la escritora Graciela Echeverr\u00eda y el licenciado Leandro Cabrera. La propuesta invita a detener la mirada, escuchar otras voces y abrir preguntas sobre las formas de acompa\u00f1ar, con un enfoque sensible y participativo.<\/p>\n<p><strong>15:00 | Presentaci\u00f3n del libro \u201cLa intimidad del Infinito\u201d \u2013 Gisela Croppi (C\u00f3rdoba)\u00a0<\/strong><\/p>\n<p>La autora cordobesa presenta su obra que explora la relaci\u00f3n entre lo humano y lo trascendente, con una mirada po\u00e9tica y reflexiva sobre la intimidad espiritual y la b\u00fasqueda de sentido.<\/p>\n<p><strong>16:00 | Presentaci\u00f3n del libro infantil \u201cCuist\u00f3teles\u201d \u2013 Ver\u00f3nica Lamberti y Patricia Sampaoli (Caleta Olivia)\u00a0<\/strong><\/p>\n<p>Las autoras acercan una propuesta destinada a las infancias, que combina literatura y juego, con un enfoque creativo y did\u00e1ctico pensado para despertar la curiosidad y el disfrute de los m\u00e1s peque\u00f1os.<\/p>\n<p><strong>17:00 | Presentaci\u00f3n del libro \u201cP\u00e9ntada. Antolog\u00eda Po\u00e9tica\u201d \u2013 Patricia Sampaoli, Andrea Lorenzo, Cecilia Maldini, Ver\u00f3nica Lamberti y Cristina N\u00fa\u00f1ez\u00a0<\/strong><\/p>\n<p>Cinco voces po\u00e9ticas se re\u00fanen en esta antolog\u00eda que refleja diversidad de estilos y miradas, ofreciendo un recorrido por la sensibilidad y la creaci\u00f3n literaria contempor\u00e1nea de autoras santacruce\u00f1as.<\/p>\n<h2>18:00 | Proyecci\u00f3n de cortos santacruce\u00f1os<\/h2>\n<p>Se exhibe una selecci\u00f3n de producciones audiovisuales locales, que ponen en valor el trabajo de realizadores de la provincia y su aporte a la identidad cultural santacruce\u00f1a.<\/p>\n<p><strong>19:00 | Presentaci\u00f3n del libro \u201cEl cuerpo de Per\u00f3n: La muerte, las manos, los tiros\u201d \u2013 Facundo Pastor\u00a0<\/strong><\/p>\n<p>El periodista y escritor presenta su investigaci\u00f3n sobre el recorrido de los restos de Juan Domingo Per\u00f3n, desde su muerte en 1974 hasta su traslado definitivo en 2006, incluyendo el misterioso robo de sus manos en 1987.<\/p>\n<p><strong>21:00 | Espect\u00e1culo Musical \u2013 Big Band Jazz de la Escuela de M\u00fasica ReSi\u00a0<\/strong><\/p>\n<p>La Big Band Jazz del Conservatorio Provincial de M\u00fasica ofrece un espect\u00e1culo con repertorio variado, que combina cl\u00e1sicos del g\u00e9nero y arreglos contempor\u00e1neos, mostrando el talento de j\u00f3venes m\u00fasicos de la instituci\u00f3n.<\/p>\n<h2>Sala de Historia<\/h2>\n<p><strong>14:00 | Presentaci\u00f3n del libro \u201cManantial de Amor\u201d (Poes\u00eda) \u2013 Silvina Susana Lisouski\u00a0<\/strong><\/p>\n<p>La autora comparte su poemario, una obra que refleja emociones y sentimientos a trav\u00e9s de la palabra po\u00e9tica, con un estilo \u00edntimo y personal.<\/p>\n<p><strong>15:00 | Presentaci\u00f3n del libro \u201cMujer de Reino, Mujer de Guerra\u201d \u2013 Teresa Coronel\u00a0<\/strong><\/p>\n<p>La escritora presenta un texto que aborda la espiritualidad y la fortaleza femenina, con relatos que buscan inspirar y transmitir valores de resiliencia y fe.<\/p>\n<p><strong>16:00 | Presentaci\u00f3n del libro \u201cLas voces del alma\u201d \u2013 Andrea Lamela\u00a0<\/strong><\/p>\n<p>La autora ofrece un poemario que recorre experiencias vitales y emociones profundas, invitando a la reflexi\u00f3n sobre la vida y la sensibilidad humana.<\/p>\n<p><strong>17:00 | Presentaci\u00f3n \u201cVi\u00f1etas del Sur. Historia para peque\u00f1os lectores\u201d \u2013 Prof. Daniela Pacheco\u00a0<\/strong><\/p>\n<p>Se presenta esta propuesta did\u00e1ctica que acerca la historia regional a las infancias mediante ilustraciones y relatos breves, fomentando el conocimiento y la valoraci\u00f3n del patrimonio cultural santacruce\u00f1o.<\/p>\n<p><strong>18:00 | Charla \u201cJugando al Streaming. \u00bfUna herramienta para comunicar lo propio?\u201d \u2013 Subsecretar\u00eda de Juventud del Ministerio de Desarrollo Social, Igualdad e Integraci\u00f3n de Santa Cruz\u00a0<\/strong><\/p>\n<p>La charla introduce a las juventudes en el uso del streaming como herramienta de comunicaci\u00f3n, abordando planificaci\u00f3n, plataformas de software libre y su potencial para difundir proyectos comunitarios y sociales.<\/p>\n<p><strong>19:00 | Presentaci\u00f3n del libro \u201c(IM) Perfecto\u201d \u2013 Gustavo Llanos (Caleta Olivia)\u00a0<\/strong><\/p>\n<p>El autor presenta su obra que reflexiona sobre la imperfecci\u00f3n como parte de la condici\u00f3n humana, con un enfoque literario que combina introspecci\u00f3n y cr\u00edtica social.<\/p>\n<p><strong>20:00 | Presentaci\u00f3n de la revista \u201cSantacruce\u00f1os del viento\u201d \u2013 Eduardo Guajardo y Juan Gim\u00e9nez (\u00c1rea de Proyectos Editoriales de la Secretar\u00eda de Estado de Cultura)\u00a0<\/strong><\/p>\n<p>Se presenta esta publicaci\u00f3n que re\u00fane relatos, cr\u00f3nicas y producciones culturales de la provincia, consolid\u00e1ndose como un espacio editorial para difundir la identidad santacruce\u00f1a y sus protagonistas.<\/p>\n<\/div>\n<\/div>\n","protected":false},"excerpt":{"rendered":"<p>04 de Septiembre 2026. La apertura oficial fue en el Complejo Cultural Santa Cruz, en R\u00edo Gallegos. La propuesta se<\/p>\n","protected":false},"author":8,"featured_media":48204,"comment_status":"open","ping_status":"closed","sticky":false,"template":"","format":"standard","meta":{"footnotes":""},"categories":[1094],"tags":[],"class_list":["post-48203","post","type-post","status-publish","format-standard","has-post-thumbnail","hentry","category-gobierno"],"_links":{"self":[{"href":"https:\/\/ecosdelsur.com\/index.php?rest_route=\/wp\/v2\/posts\/48203","targetHints":{"allow":["GET"]}}],"collection":[{"href":"https:\/\/ecosdelsur.com\/index.php?rest_route=\/wp\/v2\/posts"}],"about":[{"href":"https:\/\/ecosdelsur.com\/index.php?rest_route=\/wp\/v2\/types\/post"}],"author":[{"embeddable":true,"href":"https:\/\/ecosdelsur.com\/index.php?rest_route=\/wp\/v2\/users\/8"}],"replies":[{"embeddable":true,"href":"https:\/\/ecosdelsur.com\/index.php?rest_route=%2Fwp%2Fv2%2Fcomments&post=48203"}],"version-history":[{"count":1,"href":"https:\/\/ecosdelsur.com\/index.php?rest_route=\/wp\/v2\/posts\/48203\/revisions"}],"predecessor-version":[{"id":48205,"href":"https:\/\/ecosdelsur.com\/index.php?rest_route=\/wp\/v2\/posts\/48203\/revisions\/48205"}],"wp:featuredmedia":[{"embeddable":true,"href":"https:\/\/ecosdelsur.com\/index.php?rest_route=\/wp\/v2\/media\/48204"}],"wp:attachment":[{"href":"https:\/\/ecosdelsur.com\/index.php?rest_route=%2Fwp%2Fv2%2Fmedia&parent=48203"}],"wp:term":[{"taxonomy":"category","embeddable":true,"href":"https:\/\/ecosdelsur.com\/index.php?rest_route=%2Fwp%2Fv2%2Fcategories&post=48203"},{"taxonomy":"post_tag","embeddable":true,"href":"https:\/\/ecosdelsur.com\/index.php?rest_route=%2Fwp%2Fv2%2Ftags&post=48203"}],"curies":[{"name":"wp","href":"https:\/\/api.w.org\/{rel}","templated":true}]}}