{"id":48200,"date":"2026-09-04T18:23:31","date_gmt":"2026-09-04T21:23:31","guid":{"rendered":"https:\/\/ecosdelsur.com\/?p=48200"},"modified":"2026-09-04T18:23:31","modified_gmt":"2026-09-04T21:23:31","slug":"el-balance-de-fomicruz-tras-una-intensa-agenda-de-vinculacion-en-argentina-mining","status":"publish","type":"post","link":"https:\/\/ecosdelsur.com\/?p=48200","title":{"rendered":"El balance de Fomicruz tras una intensa agenda de vinculaci\u00f3n en Argentina Mining"},"content":{"rendered":"<p><span style=\"color: #ff0000;\">04 de Septiembre 2026. <\/span>La participaci\u00f3n de la empresa estatal santacruce\u00f1a en la cumbre minera de Salta dej\u00f3 como saldo un fruct\u00edfero intercambio con directivos de operadoras, ejecutivos del sector y representantes institucionales. El renovado portfolio de Fomicruz S.E. y la flexibilidad de asociaci\u00f3n que ofrece la provincia, fueron ejes centrales de los encuentros.<\/p>\n<div class=\"redes mb-3\">\n<div class=\"d-flex flex-wrap justify-content-between align-items-center gap-3 my-2 mx-1\">\n<p>Tras la culminaci\u00f3n de\u00a0<strong>Argentina Mining 2026<\/strong>, Fomento Minero de Santa Cruz (FOMICRUZ S.E.) consolida un balance sumamente positivo en materia de relaciones institucionales y prospecci\u00f3n de negocios. A lo largo del evento, la representaci\u00f3n de la empresa estatal mantuvo una nutrida agenda de reuniones con ejecutivos de\u00a0<strong>compa\u00f1\u00edas mineras<\/strong>,\u00a0<strong>representantes de c\u00e1maras del sector<\/strong>\u00a0y funcionarios de diversas jurisdicciones, ratificando el inter\u00e9s que despierta el modelo productivo de la provincia.<\/p>\n<p>El espacio institucional de la compa\u00f1\u00eda funcion\u00f3 como plataforma de convergencia para debatir los desaf\u00edos de la industria, las tendencias en sostenibilidad y, fundamentalmente, los esquemas de exploraci\u00f3n compartida en el\u00a0<strong>Macizo del Deseado<\/strong>.<\/p>\n<h2>Di\u00e1logo estrat\u00e9gico y articulaci\u00f3n con el sector privado<\/h2>\n<p>Durante las jornadas, referentes de empresas operadoras y exploradoras destacaron el rol facilitador de la empresa estatal santacruce\u00f1a a la hora de estructurar\u00a0<strong>alianzas\u00a0<\/strong>que brinden previsibilidad t\u00e9cnica y jur\u00eddica.<\/p>\n<p>El presidente de Energ\u00eda y Minerales Sociedad del Estado, la empresa estatal de la provincia de La Rioja,\u00a0<strong>Walter G\u00f3mez,<\/strong>\u00a0dijo que conocer a Fomicruz \u201cfue muy interesante porque tienen un desarrollo minero para aprender\u201d y destac\u00f3 la conformaci\u00f3n -concretada el a\u00f1o pasado- de la Mesa de Empresas Estatales a la que fue invitada Santa Cruz, a trav\u00e9s de su presidente,\u00a0<strong>Fernando Ba\u00f1os<\/strong>.<\/p>\n<p>Sobre el intercambio con sus pares de otras provincias concretado durante esta Convenci\u00f3n, sostuvo que \u201c<strong>el tema minero se est\u00e1 desarrollando mucho<\/strong>\u201d y pese a las distancias y a las particularidades de cada provincia y cada empresa, hay objetivos y problem\u00e1ticas comunes.<\/p>\n<p>Mientras que la vicepresidenta de Recursos Mineros y Energ\u00e9ticos de Salta Sociedad An\u00f3nima (REMSA S.A.)\u00a0<strong>Romina Sassarini<\/strong>, sostuvo en el mismo sentido que \u201csi bien tenemos diferencias nos caracteriza aportar desde el lugar de cada uno, llevarse ideas de otros,\u00a0<strong>nos sirve para construir una empresa provincial mejor<\/strong>\u201d.<\/p>\n<figure class=\"ssi-inline-image my-3\"><img decoding=\"async\" class=\"img-fluid lazyload\" data-src=\"https:\/\/noticias.santacruz.gob.ar\/media\/ssigallery\/articulos\/26420\/inline\/Imagen_1.jpeg\" alt=\"El balance de Fomicruz tras una intensa agenda de vinculaci\u00f3n en Argentina Mining\" src=\"data:image\/svg+xml;base64,PHN2ZyB3aWR0aD0iMSIgaGVpZ2h0PSIxIiB4bWxucz0iaHR0cDovL3d3dy53My5vcmcvMjAwMC9zdmciPjwvc3ZnPg==\" \/><\/figure>\n<h2><strong>Una visi\u00f3n de desarrollo con reglas claras<\/strong><\/h2>\n<p>El intercambio sostenido con los diversos actores de la industria permiti\u00f3 reafirmar las directrices de la pol\u00edtica de apertura que impulsa la gesti\u00f3n provincial conducida por el gobernador\u00a0<strong>Claudio Vidal<\/strong>. En cada una de las mesas de trabajo, se remarc\u00f3 el compromiso de generar un entorno favorable para la atracci\u00f3n de inversiones leg\u00edtimas, orientadas a dinamizar las\u00a0<strong>econom\u00edas locales<\/strong>\u00a0y potenciar el empleo de calidad.<\/p>\n<p>Con la concreci\u00f3n de estos encuentros y con el regreso a la provincia, Fomicruz inicia la\u00a0<strong>etapa de seguimiento\u00a0<\/strong>de las l\u00edneas de acci\u00f3n y contactos establecidos durante la convenci\u00f3n, con el objetivo de traducir las conversaciones mantenidas en acuerdos de\u00a0<strong>exploraci\u00f3n y desarrollo<\/strong>\u00a0para la provincia.<\/p>\n<h2><strong>El inter\u00e9s que genera el Macizo del Deseado no conoce fronteras<\/strong><\/h2>\n<p>En las \u00faltimas horas de esta versi\u00f3n 2026 de AMN, empresarios y potenciales inversores segu\u00edan llegando al\u00a0<strong>Stand F504 de Fomicruz<\/strong>. Un grupo peruano, adem\u00e1s de canadienses y chinos, entre otros, buscaban detalles de las propiedades que posee la empresa estatal y de las alternativas de asociaci\u00f3n.<\/p>\n<blockquote class=\"ssi-editorial-block ssi-quote ssi-quote-featured\"><p>\u201cEstamos contentos por lo que hemos logrado, esperanzados en que los contactos y charlas de negocios prosperen y que se traduzcan en la llegada de capitales a Santa Cruz que, como lo dije constantemente, tienen las puertas abiertas, ya que es la decisi\u00f3n pol\u00edtica de nuestro gobernador\u201d, concluy\u00f3 Ba\u00f1os.<\/p><\/blockquote>\n<figure class=\"ssi-inline-image my-3\"><img decoding=\"async\" class=\"img-fluid lazyload\" data-src=\"https:\/\/noticias.santacruz.gob.ar\/media\/ssigallery\/articulos\/26420\/inline\/Imagen_2.jpeg\" alt=\"El balance de Fomicruz tras una intensa agenda de vinculaci\u00f3n en Argentina Mining\" src=\"data:image\/svg+xml;base64,PHN2ZyB3aWR0aD0iMSIgaGVpZ2h0PSIxIiB4bWxucz0iaHR0cDovL3d3dy53My5vcmcvMjAwMC9zdmciPjwvc3ZnPg==\" \/><\/figure>\n<\/div>\n<\/div>\n","protected":false},"excerpt":{"rendered":"<p>04 de Septiembre 2026. La participaci\u00f3n de la empresa estatal santacruce\u00f1a en la cumbre minera de Salta dej\u00f3 como saldo<\/p>\n","protected":false},"author":8,"featured_media":48201,"comment_status":"open","ping_status":"closed","sticky":false,"template":"","format":"standard","meta":{"footnotes":""},"categories":[1094],"tags":[],"class_list":["post-48200","post","type-post","status-publish","format-standard","has-post-thumbnail","hentry","category-gobierno"],"_links":{"self":[{"href":"https:\/\/ecosdelsur.com\/index.php?rest_route=\/wp\/v2\/posts\/48200","targetHints":{"allow":["GET"]}}],"collection":[{"href":"https:\/\/ecosdelsur.com\/index.php?rest_route=\/wp\/v2\/posts"}],"about":[{"href":"https:\/\/ecosdelsur.com\/index.php?rest_route=\/wp\/v2\/types\/post"}],"author":[{"embeddable":true,"href":"https:\/\/ecosdelsur.com\/index.php?rest_route=\/wp\/v2\/users\/8"}],"replies":[{"embeddable":true,"href":"https:\/\/ecosdelsur.com\/index.php?rest_route=%2Fwp%2Fv2%2Fcomments&post=48200"}],"version-history":[{"count":1,"href":"https:\/\/ecosdelsur.com\/index.php?rest_route=\/wp\/v2\/posts\/48200\/revisions"}],"predecessor-version":[{"id":48202,"href":"https:\/\/ecosdelsur.com\/index.php?rest_route=\/wp\/v2\/posts\/48200\/revisions\/48202"}],"wp:featuredmedia":[{"embeddable":true,"href":"https:\/\/ecosdelsur.com\/index.php?rest_route=\/wp\/v2\/media\/48201"}],"wp:attachment":[{"href":"https:\/\/ecosdelsur.com\/index.php?rest_route=%2Fwp%2Fv2%2Fmedia&parent=48200"}],"wp:term":[{"taxonomy":"category","embeddable":true,"href":"https:\/\/ecosdelsur.com\/index.php?rest_route=%2Fwp%2Fv2%2Fcategories&post=48200"},{"taxonomy":"post_tag","embeddable":true,"href":"https:\/\/ecosdelsur.com\/index.php?rest_route=%2Fwp%2Fv2%2Ftags&post=48200"}],"curies":[{"name":"wp","href":"https:\/\/api.w.org\/{rel}","templated":true}]}}