{"id":48197,"date":"2026-09-04T18:18:15","date_gmt":"2026-09-04T21:18:15","guid":{"rendered":"https:\/\/ecosdelsur.com\/?p=48197"},"modified":"2026-09-04T18:18:32","modified_gmt":"2026-09-04T21:18:32","slug":"vidal-en-cuatro-anos-vamos-a-duplicar-las-canchas-de-cesped-sintetico-que-se-hicieron-en-34-anos-de-kirchnerismo","status":"publish","type":"post","link":"https:\/\/ecosdelsur.com\/?p=48197","title":{"rendered":"Vidal: \u201cEn cuatro a\u00f1os vamos a duplicar las canchas de c\u00e9sped sint\u00e9tico que se hicieron en 34 a\u00f1os de kirchnerismo\u201d"},"content":{"rendered":"<p><span style=\"color: #ff0000;\">04 de Septiembre 2026. <\/span>Con la cancha destinada al Club Atl\u00e9tico San Juli\u00e1n, la gesti\u00f3n provincial alcanza la s\u00e9ptima entrega de c\u00e9sped sint\u00e9tico y avanza hacia el objetivo de concretar 16 en distintos puntos de Santa Cruz. El gobernador Claudio Vidal destac\u00f3 adem\u00e1s la funci\u00f3n social de los clubes y reclam\u00f3 mayor compromiso de las empresas con las comunidades donde desarrollan sus actividades.<\/p>\n<div class=\"redes mb-3\">\n<div class=\"d-flex flex-wrap justify-content-between align-items-center gap-3 my-2 mx-1\">\n<p>El gobernador\u00a0<strong>Claudio Vidal<\/strong>, acompa\u00f1ado por el intendente de Puerto San Juli\u00e1n, Daniel Gardonio, hizo entrega de una nueva cancha de c\u00e9sped sint\u00e9tico para el\u00a0<strong>Club Atl\u00e9tico San Juli\u00e1n<\/strong>\u00a0y remarc\u00f3 que se trata de la s\u00e9ptima cancha concretada durante su gesti\u00f3n, dentro de una planificaci\u00f3n que apunta a alcanzar las 16 en distintos clubes de la provincia.<\/p>\n<blockquote class=\"ssi-editorial-block ssi-quote ssi-quote-featured\"><p>\u201cEste a\u00f1o vamos a avanzar con 16 canchas de c\u00e9sped sint\u00e9tico. En cuatro a\u00f1os de gobierno vamos a duplicar la cantidad de canchas que se hicieron durante 34 a\u00f1os de kirchnerismo en Santa Cruz. Y esto no es solamente una cancha: detr\u00e1s de cada club hay cientos de chicos, j\u00f3venes y adultos, familias enteras y un enorme trabajo social\u201d, expres\u00f3 Vidal.<\/p><\/blockquote>\n<p>El mandatario reconoci\u00f3 que existe una demanda importante por parte de instituciones de toda la provincia, pero asegur\u00f3 que el Gobierno continuar\u00e1 avanzando con los compromisos asumidos.<\/p>\n<p>\u201cSabemos que falta y que son muchos los clubes que necesitan infraestructura. Pero cuando se trabaja en equipo, cuando existe compromiso y cuando la palabra tiene valor, las cosas llegan. Nosotros asumimos compromisos y trabajamos para cumplirlos\u201d, se\u00f1al\u00f3.<\/p>\n<figure class=\"ssi-inline-image my-3\"><img decoding=\"async\" class=\"img-fluid lazyload\" data-src=\"https:\/\/noticias.santacruz.gob.ar\/media\/ssigallery\/articulos\/26423\/inline\/WhatsApp_Image_2026-09-04_at_5.06.20_PM__1_.jpeg\" alt=\"Vidal: \u201cEn cuatro a\u00f1os vamos a duplicar las canchas de c\u00e9sped sint\u00e9tico que se hicieron en 34 a\u00f1os de kirchnerismo\u201d\" src=\"data:image\/svg+xml;base64,PHN2ZyB3aWR0aD0iMSIgaGVpZ2h0PSIxIiB4bWxucz0iaHR0cDovL3d3dy53My5vcmcvMjAwMC9zdmciPjwvc3ZnPg==\" \/><\/figure>\n<h2>Los clubes como espacios de contenci\u00f3n y comunidad<\/h2>\n<p>Vidal puso especialmente en valor la funci\u00f3n social que cumplen las instituciones deportivas en cada localidad de Santa Cruz.<\/p>\n<blockquote class=\"ssi-editorial-block ssi-quote ssi-quote-featured\"><p>\u201cUn club no es solamente el lugar donde se juega un partido. Es donde un chico aprende valores, comparte con otros, encuentra contenci\u00f3n y ocupa su tiempo en algo sano. Es tambi\u00e9n el lugar donde trabajan dirigentes, profesores, familias y vecinos muchas veces sin recibir nada a cambio\u201d, indic\u00f3.<\/p><\/blockquote>\n<p>En ese sentido, sostuvo que acompa\u00f1ar a los clubes significa tambi\u00e9n acompa\u00f1ar a las comunidades: \u201cCuando ayudamos a una instituci\u00f3n estamos llegando a cientos de personas. Por eso creemos en el deporte como una herramienta de integraci\u00f3n, formaci\u00f3n y oportunidades\u201d.<\/p>\n<h2>\u201cLas empresas tienen una responsabilidad con las comunidades\u201d<\/h2>\n<p>El Gobernador tambi\u00e9n hizo un llamado al sector privado y remarc\u00f3 que las empresas que desarrollan actividades y generan recursos en Santa Cruz deben involucrarse con las localidades y sus instituciones.<\/p>\n<p>\u201cLas empresas tienen una responsabilidad con las comunidades donde trabajan. No pueden venir solamente a desarrollar una actividad econ\u00f3mica. Tambi\u00e9n tienen que mirar alrededor, ver las necesidades de nuestros clubes, de nuestros chicos y de nuestras familias, y comprometerse\u201d, afirm\u00f3.<\/p>\n<p>Vidal sostuvo que la construcci\u00f3n de mejores condiciones sociales requiere del trabajo conjunto entre el Estado, las instituciones y el sector privado.<\/p>\n<p>\u201cHay empresas que acompa\u00f1an y entendieron este concepto. Eso es lo que necesitamos: responsabilidad social, compromiso y participaci\u00f3n. Los clubes hacen much\u00edsimo todos los d\u00edas y necesitan que quienes generan actividad econ\u00f3mica en nuestra provincia tambi\u00e9n sean parte de ese esfuerzo\u201d, agreg\u00f3.<\/p>\n<h2>\u201cCumplimos con San Juli\u00e1n\u201d<\/h2>\n<figure class=\"ssi-inline-image my-3\"><img decoding=\"async\" class=\"img-fluid lazyload\" data-src=\"https:\/\/noticias.santacruz.gob.ar\/media\/ssigallery\/articulos\/26423\/inline\/WhatsApp_Image_2026-09-04_at_5.06.22_PM.jpeg\" alt=\"Vidal: \u201cEn cuatro a\u00f1os vamos a duplicar las canchas de c\u00e9sped sint\u00e9tico que se hicieron en 34 a\u00f1os de kirchnerismo\u201d\" src=\"data:image\/svg+xml;base64,PHN2ZyB3aWR0aD0iMSIgaGVpZ2h0PSIxIiB4bWxucz0iaHR0cDovL3d3dy53My5vcmcvMjAwMC9zdmciPjwvc3ZnPg==\" \/><\/figure>\n<p>Al referirse particularmente a la instituci\u00f3n sanjulianense, Vidal destac\u00f3 el esfuerzo sostenido de sus dirigentes y confirm\u00f3 que estar\u00e1 presente en la inauguraci\u00f3n del nuevo campo de juego.<\/p>\n<blockquote class=\"ssi-editorial-block ssi-quote ssi-quote-featured\"><p>\u201cCumplimos con San Juli\u00e1n y con el compromiso que hab\u00edamos asumido. S\u00e9 lo que significa para un club recibir una cancha despu\u00e9s de tantos a\u00f1os de esfuerzo. Es un logro enorme para la instituci\u00f3n y principalmente para los chicos y las familias que forman parte de ella\u201d, manifest\u00f3.<\/p><\/blockquote>\n<p>\u201cEs cuesti\u00f3n de creer, trabajar, insistir y no bajar los brazos. Vamos a seguir acompa\u00f1ando a los clubes de toda Santa Cruz\u201d, agreg\u00f3.<\/p>\n<h2>Oyarz\u00fan: \u201cEs un d\u00eda hist\u00f3rico para nuestra instituci\u00f3n\u201d<\/h2>\n<p>Por su parte, el presidente del Club Atl\u00e9tico San Juli\u00e1n, H\u00e9ctor Francisco Oyarz\u00fan, \u201cPanchito\u201d, agradeci\u00f3 al gobernador por la concreci\u00f3n de la cancha y destac\u00f3 lo que representa para una instituci\u00f3n con 88 a\u00f1os de historia.<\/p>\n<blockquote class=\"ssi-editorial-block ssi-quote ssi-quote-featured\"><p>\u201cEstamos a muy pocos d\u00edas de cumplir un sue\u00f1o: que nuestros chicos, nuestros jugadores y jugadoras puedan correr sobre ese c\u00e9sped que durante tantos a\u00f1os so\u00f1amos como instituci\u00f3n\u201d, expres\u00f3.<\/p><\/blockquote>\n<p>Oyarz\u00fan asegur\u00f3 que se trata de uno de los momentos m\u00e1s importantes de la historia del club.<\/p>\n<figure class=\"ssi-inline-image my-3\"><img decoding=\"async\" class=\"img-fluid lazyload\" data-src=\"https:\/\/noticias.santacruz.gob.ar\/media\/ssigallery\/articulos\/26423\/inline\/WhatsApp_Image_2026-09-04_at_5.06.20_PM__7_.jpeg\" alt=\"Vidal: \u201cEn cuatro a\u00f1os vamos a duplicar las canchas de c\u00e9sped sint\u00e9tico que se hicieron en 34 a\u00f1os de kirchnerismo\u201d\" src=\"data:image\/svg+xml;base64,PHN2ZyB3aWR0aD0iMSIgaGVpZ2h0PSIxIiB4bWxucz0iaHR0cDovL3d3dy53My5vcmcvMjAwMC9zdmciPjwvc3ZnPg==\" \/><\/figure>\n<p>\u201cSe me cruzan muchas cosas por la cabeza. Este club tiene 88 a\u00f1os de trayectoria y estamos cumpliendo uno de los objetivos m\u00e1s importantes que puede tener una instituci\u00f3n. Este d\u00eda no nos lo vamos a olvidar, lo vamos a llevar siempre en nuestra memoria\u201d, manifest\u00f3.<\/p>\n<p>Finalmente, agradeci\u00f3 el acompa\u00f1amiento recibido y convoc\u00f3 a toda la comunidad a compartir la pr\u00f3xima inauguraci\u00f3n: \u201cEn unos d\u00edas los esperamos a todos para que podamos pisar y disfrutar ese c\u00e9sped tan anhelado por nuestros chicos y por toda la instituci\u00f3n\u201d.<\/p>\n<\/div>\n<\/div>\n<div class=\"mb-4\">\n<div class=\"article-intro mb-3\"><\/div>\n<\/div>\n","protected":false},"excerpt":{"rendered":"<p>04 de Septiembre 2026. Con la cancha destinada al Club Atl\u00e9tico San Juli\u00e1n, la gesti\u00f3n provincial alcanza la s\u00e9ptima entrega<\/p>\n","protected":false},"author":8,"featured_media":48198,"comment_status":"open","ping_status":"closed","sticky":false,"template":"","format":"standard","meta":{"footnotes":""},"categories":[1094],"tags":[],"class_list":["post-48197","post","type-post","status-publish","format-standard","has-post-thumbnail","hentry","category-gobierno"],"_links":{"self":[{"href":"https:\/\/ecosdelsur.com\/index.php?rest_route=\/wp\/v2\/posts\/48197","targetHints":{"allow":["GET"]}}],"collection":[{"href":"https:\/\/ecosdelsur.com\/index.php?rest_route=\/wp\/v2\/posts"}],"about":[{"href":"https:\/\/ecosdelsur.com\/index.php?rest_route=\/wp\/v2\/types\/post"}],"author":[{"embeddable":true,"href":"https:\/\/ecosdelsur.com\/index.php?rest_route=\/wp\/v2\/users\/8"}],"replies":[{"embeddable":true,"href":"https:\/\/ecosdelsur.com\/index.php?rest_route=%2Fwp%2Fv2%2Fcomments&post=48197"}],"version-history":[{"count":1,"href":"https:\/\/ecosdelsur.com\/index.php?rest_route=\/wp\/v2\/posts\/48197\/revisions"}],"predecessor-version":[{"id":48199,"href":"https:\/\/ecosdelsur.com\/index.php?rest_route=\/wp\/v2\/posts\/48197\/revisions\/48199"}],"wp:featuredmedia":[{"embeddable":true,"href":"https:\/\/ecosdelsur.com\/index.php?rest_route=\/wp\/v2\/media\/48198"}],"wp:attachment":[{"href":"https:\/\/ecosdelsur.com\/index.php?rest_route=%2Fwp%2Fv2%2Fmedia&parent=48197"}],"wp:term":[{"taxonomy":"category","embeddable":true,"href":"https:\/\/ecosdelsur.com\/index.php?rest_route=%2Fwp%2Fv2%2Fcategories&post=48197"},{"taxonomy":"post_tag","embeddable":true,"href":"https:\/\/ecosdelsur.com\/index.php?rest_route=%2Fwp%2Fv2%2Ftags&post=48197"}],"curies":[{"name":"wp","href":"https:\/\/api.w.org\/{rel}","templated":true}]}}