{"id":48187,"date":"2026-09-04T18:08:56","date_gmt":"2026-09-04T21:08:56","guid":{"rendered":"https:\/\/ecosdelsur.com\/?p=48187"},"modified":"2026-09-04T18:08:56","modified_gmt":"2026-09-04T21:08:56","slug":"salud-fortalece-la-agenda-sanitaria-y-la-atencion-primaria-en-puerto-deseado","status":"publish","type":"post","link":"https:\/\/ecosdelsur.com\/?p=48187","title":{"rendered":"Salud fortalece la agenda sanitaria y la atenci\u00f3n primaria en Puerto Deseado"},"content":{"rendered":"<p><span style=\"color: #ff0000;\">04 de Septiembre 2026. <\/span>El Ministerio de Salud y Ambiente mantuvo un encuentro de trabajo en el Hospital Distrital de Puerto Deseado para avanzar en distintas estrategias orientadas a potenciar el abordaje comunitario y mejorar el acceso a los servicios sanitarios.<\/p>\n<div class=\"redes mb-3\">\n<div class=\"d-flex flex-wrap justify-content-between align-items-center gap-3 my-2 mx-1\">\n<section class=\"ssi-block-main mb-5\">\n<div class=\"mb-2\">\n<div class=\"article-full\">\n<p>Durante la jornada, la ministra de Salud y Ambiente,\u00a0<strong>Lorena Ross<\/strong>, junto al secretario de Pol\u00edticas Sanitarias,\u00a0<strong>Ricardo Coloccini<\/strong>, y la subsecretaria de Abordaje Comunitario de la Salud,\u00a0<strong>Estefan\u00eda Stricker<\/strong>, se reunieron con las autoridades del nosocomio con el prop\u00f3sito de delinear acciones concretas que acerquen\u00a0<strong>las pol\u00edticas p\u00fablicas al territorio.<\/strong><\/p>\n<p>Asimismo, se abord\u00f3 el cumplimiento de los lineamientos\u00a0<strong>del Programa Materno Infantil,<\/strong>\u00a0la cobertura de los esquemas de\u00a0<strong>vacunaci\u00f3n y la distribuci\u00f3n de leche<\/strong>, herramientas esenciales para la prevenci\u00f3n y el cuidado integral de ni\u00f1os, ni\u00f1as y sus familias.<\/p>\n<p>Seguidamente, las autoridades visitaron distintas dependencias del nosocomio y centros de atenci\u00f3n primaria de la salud de la localidad, tomando contacto directo con los equipos de trabajo. Estas instancias de di\u00e1logo permitieron coordinar con los equipos de APS\u00a0<strong>la planificaci\u00f3n estrat\u00e9gica provincial<\/strong>\u00a0proyectada para el ciclo\u00a0<strong>2026 y principios de 2027<\/strong>, con foco en afianzar el v\u00ednculo directo con los vecinos a trav\u00e9s del esquema de visitas territoriales.<\/p>\n<\/div>\n<\/div>\n<\/section>\n<aside class=\"ssi-block-side\">\n<aside class=\"a-gallery mt-2\">\n<div class=\"row g-3 ssigallery-frontend mt-3 row-cols-2 row-cols-sm-3 row-cols-md-3 row-cols-lg-4\">\n<div class=\"col-6 col-sm-4 col-md-4 col-lg-3 mt-0\"><a class=\"ssig-item\" href=\"https:\/\/noticias.santacruz.gob.ar\/media\/ssigallery\/articulos\/26422\/galeria\/msa_5d885444-41a7-48ef-aa8b-d8f2dadb75c4.jpg\" data-ssig=\"1\" data-caption=\"\" data-fancybox=\"ssigallery-article-26422\"><img decoding=\"async\" class=\"img-fluid rounded lazyload\" data-src=\"https:\/\/noticias.santacruz.gob.ar\/media\/ssigallery\/articulos\/26422\/galeria\/thumbs\/msa_5d885444-41a7-48ef-aa8b-d8f2dadb75c4.jpg\" alt=\"Salud fortalece la agenda sanitaria y la atenci\u00f3n primaria en Puerto Deseado\" src=\"data:image\/svg+xml;base64,PHN2ZyB3aWR0aD0iMSIgaGVpZ2h0PSIxIiB4bWxucz0iaHR0cDovL3d3dy53My5vcmcvMjAwMC9zdmciPjwvc3ZnPg==\" \/><\/a><\/div>\n<\/div>\n<\/aside>\n<\/aside>\n<\/div>\n<\/div>\n","protected":false},"excerpt":{"rendered":"<p>04 de Septiembre 2026. El Ministerio de Salud y Ambiente mantuvo un encuentro de trabajo en el Hospital Distrital de<\/p>\n","protected":false},"author":8,"featured_media":48188,"comment_status":"open","ping_status":"closed","sticky":false,"template":"","format":"standard","meta":{"footnotes":""},"categories":[1139],"tags":[],"class_list":["post-48187","post","type-post","status-publish","format-standard","has-post-thumbnail","hentry","category-ministerio-de-salud-y-ambiente"],"_links":{"self":[{"href":"https:\/\/ecosdelsur.com\/index.php?rest_route=\/wp\/v2\/posts\/48187","targetHints":{"allow":["GET"]}}],"collection":[{"href":"https:\/\/ecosdelsur.com\/index.php?rest_route=\/wp\/v2\/posts"}],"about":[{"href":"https:\/\/ecosdelsur.com\/index.php?rest_route=\/wp\/v2\/types\/post"}],"author":[{"embeddable":true,"href":"https:\/\/ecosdelsur.com\/index.php?rest_route=\/wp\/v2\/users\/8"}],"replies":[{"embeddable":true,"href":"https:\/\/ecosdelsur.com\/index.php?rest_route=%2Fwp%2Fv2%2Fcomments&post=48187"}],"version-history":[{"count":2,"href":"https:\/\/ecosdelsur.com\/index.php?rest_route=\/wp\/v2\/posts\/48187\/revisions"}],"predecessor-version":[{"id":48192,"href":"https:\/\/ecosdelsur.com\/index.php?rest_route=\/wp\/v2\/posts\/48187\/revisions\/48192"}],"wp:featuredmedia":[{"embeddable":true,"href":"https:\/\/ecosdelsur.com\/index.php?rest_route=\/wp\/v2\/media\/48188"}],"wp:attachment":[{"href":"https:\/\/ecosdelsur.com\/index.php?rest_route=%2Fwp%2Fv2%2Fmedia&parent=48187"}],"wp:term":[{"taxonomy":"category","embeddable":true,"href":"https:\/\/ecosdelsur.com\/index.php?rest_route=%2Fwp%2Fv2%2Fcategories&post=48187"},{"taxonomy":"post_tag","embeddable":true,"href":"https:\/\/ecosdelsur.com\/index.php?rest_route=%2Fwp%2Fv2%2Ftags&post=48187"}],"curies":[{"name":"wp","href":"https:\/\/api.w.org\/{rel}","templated":true}]}}