{"id":48184,"date":"2026-09-04T18:08:56","date_gmt":"2026-09-04T21:08:56","guid":{"rendered":"https:\/\/ecosdelsur.com\/?p=48184"},"modified":"2026-09-04T18:08:56","modified_gmt":"2026-09-04T21:08:56","slug":"las-estadisticas-matan-relatos-prodromos-defendio-la-gestion-de-seguridad-y-cuestiono-a-la-oposicion","status":"publish","type":"post","link":"https:\/\/ecosdelsur.com\/?p=48184","title":{"rendered":"\u201cLas estad\u00edsticas matan relatos\u201d: Prodromos defendi\u00f3 la gesti\u00f3n de Seguridad y cuestion\u00f3 a la oposici\u00f3n"},"content":{"rendered":"<p>El ministro de Seguridad de Santa Cruz, Pedro Prodromos, habl\u00f3 ayer sobre el operativo realizado en el acceso norte de Caleta Olivia, la identificaci\u00f3n de trabajadores que ingresan a la provincia, la inseguridad, el accionar policial y los proyectos para fortalecer la estructura del \u00e1rea. Tambi\u00e9n cuestion\u00f3 a la oposici\u00f3n y reclam\u00f3 mayor celeridad de la Justicia.<\/p>\n<p>El acceso norte de Caleta Olivia volvi\u00f3 a convertirse en escenario de un operativo conjunto de control. Personal del Ministerio de Trabajo, Transporte, Polic\u00eda Caminera y distintas \u00e1reas de la Polic\u00eda de Santa Cruz participaron de un procedimiento destinado a verificar el ingreso de personas que llegan desde otras provincias para incorporarse a puestos laborales vinculados principalmente con la actividad minera.<\/p>\n<p>En ese contexto, el ministro de Seguridad de Santa Cruz, Pedro Prodromos, explic\u00f3 que el trabajo forma parte de los controles relacionados con el denominado 90\/10, una pol\u00edtica que busca garantizar la incorporaci\u00f3n de trabajadores santacruce\u00f1os en determinados sectores de la actividad productiva.<\/p>\n<p>\u201cEstamos ac\u00e1 en el acceso norte de Caleta Olivia, con trabajo del Ministerio de Trabajo, Transporte, Polic\u00eda Caminera y otras \u00e1reas de la Polic\u00eda de Seguridad\u201d, se\u00f1al\u00f3 el funcionario durante una entrevista con Ecos del Sur.<\/p>\n<p><a href=\"https:\/\/www.facebook.com\/share\/v\/19EmqHMuGz\/\">https:\/\/www.facebook.com\/share\/v\/19EmqHMuGz\/<\/a><\/p>\n<p>Un trabajador fue trasladado para ser identificado<\/p>\n<p>Durante el operativo se produjo adem\u00e1s una situaci\u00f3n particular con un trabajador que viajaba desde el norte del pa\u00eds y ten\u00eda como destino una empresa minera cercana a Perito Moreno. Seg\u00fan explic\u00f3 Prodromos, el hombre fue trasladado a una dependencia policial debido a que, de acuerdo con la versi\u00f3n oficial, no habr\u00eda querido presentar documentaci\u00f3n que permitiera acreditar su identidad.<\/p>\n<p>\u201cVen\u00eda del litoral, no se quiso identificar, no quiso presentar documentaci\u00f3n y la verdad que a nosotros nos genera duda, no sabemos qui\u00e9n es la persona\u201d, sostuvo el ministro.<\/p>\n<p>Prodromos aclar\u00f3 que el objetivo no es impedir que trabajadores de otras provincias puedan desempe\u00f1arse laboralmente en Santa Cruz, sino conocer qui\u00e9nes ingresan y garantizar el cumplimiento de las normas.<\/p>\n<p>\u201cNadie le proh\u00edbe que trabaje\u201d, remarc\u00f3, aunque insisti\u00f3 en la necesidad de que quienes ingresen a la provincia puedan acreditar su identidad y brindar la informaci\u00f3n correspondiente.<\/p>\n<p>El ministro vincul\u00f3 esta situaci\u00f3n con la necesidad de proteger las oportunidades laborales de los trabajadores santacruce\u00f1os, especialmente en un contexto de desocupaci\u00f3n.<\/p>\n<p>\u201cEst\u00e1n viniendo muchas personas del norte a trabajar ac\u00e1 cuando nosotros tenemos mucha desocupaci\u00f3n\u201d, afirm\u00f3.<\/p>\n<p>El cumplimiento del 90\/10, otro punto de discusi\u00f3n<\/p>\n<p>Consultado por el nivel de cumplimiento del esquema 90\/10, Prodromos sostuvo que el porcentaje mencionado por funcionarios del \u00e1rea laboral ronda el 65%, aunque aclar\u00f3 que esa informaci\u00f3n corresponde al Ministerio de Trabajo.<\/p>\n<p>\u201cEse n\u00famero lo manejan ellos, nosotros hacemos todo el resto. Si \u00e9l dijo que es el porcentaje, puede ser\u201d, manifest\u00f3.<\/p>\n<p>Para el ministro, las empresas mineras deben asumir un mayor compromiso con la contrataci\u00f3n de mano de obra local.<\/p>\n<p>\u201cNo puede ser que una minera tenga, no s\u00e9, el 90% de gente del norte, que est\u00e1 bien que vengan, pero que tenga el 10% de ac\u00e1. Entonces me parece que esas cosas no funcionan as\u00ed\u201d, plante\u00f3.<\/p>\n<p>Seguridad: \u201cSi yo te meto preso 20 veces, es porque 20 veces te soltaron\u201d<\/p>\n<p>Durante la entrevista, Prodromos tambi\u00e9n realiz\u00f3 un extenso an\u00e1lisis sobre la situaci\u00f3n de seguridad en Santa Cruz y cuestion\u00f3 el funcionamiento del sistema judicial.<\/p>\n<p>El funcionario sostuvo que muchos de los delincuentes que son detenidos por la Polic\u00eda vuelven a quedar en libertad y terminan reincidiendo.<\/p>\n<p>\u201cLos mismos delincuentes son los mismos de siempre. No es que se agarre uno nuevo. Entonces el problema no es la Polic\u00eda. Si yo te meto preso 20 veces, es porque 20 veces te soltaron\u201d, expres\u00f3.<\/p>\n<p>En ese sentido, asegur\u00f3 que durante los primeros dos a\u00f1os y nueve meses de la gesti\u00f3n del gobernador Claudio Vidal se secuestraron armas y drogas en una cantidad que, seg\u00fan las estad\u00edsticas que prepara el Ministerio, superar\u00eda lo registrado durante varios a\u00f1os anteriores.<\/p>\n<p>\u201cEsta gesti\u00f3n secuestr\u00f3 m\u00e1s armas y drogas que diez a\u00f1os de gestiones anteriores\u201d, afirm\u00f3.<\/p>\n<p>Seg\u00fan detall\u00f3, actualmente la Polic\u00eda cuenta con alrededor de 5.600 efectivos, mientras que el Servicio Penitenciario suma cerca de 800 integrantes.<\/p>\n<p>El ministro cuestion\u00f3 la falta de actualizaci\u00f3n de las leyes<\/p>\n<p>Prodromos consider\u00f3 que uno de los problemas centrales est\u00e1 relacionado con un marco legal que, seg\u00fan su mirada, no acompa\u00f1a la evoluci\u00f3n de la problem\u00e1tica delictiva.<\/p>\n<p>\u201cTodo va evolucionando y las leyes se van quedando atr\u00e1s\u201d, se\u00f1al\u00f3, al referirse a la necesidad de introducir modificaciones.<\/p>\n<p>En particular, habl\u00f3 sobre el tratamiento de los menores que cometen delitos y sostuvo que la respuesta debe contemplar la intervenci\u00f3n del \u00e1rea de Ni\u00f1ez y el acompa\u00f1amiento familiar.<\/p>\n<p>\u201cNo lo vamos a poner con mayores que los puedan llevar a otro nivel de delito\u201d, afirm\u00f3 al referirse a la posibilidad de que adolescentes compartan espacios con adultos privados de su libertad.<\/p>\n<p>Para el ministro, el rol de las familias tambi\u00e9n es fundamental. Por eso pidi\u00f3 a los padres prestar atenci\u00f3n a las conductas de sus hijos y evitar que entren en contacto con las drogas o las armas.<\/p>\n<p>\u201cLo mejor que tenemos son nuestros hijos y tienen que cuidarlos\u201d, sostuvo.<\/p>\n<p>Cr\u00edticas a la oposici\u00f3n y defensa de la gesti\u00f3n<\/p>\n<p>Otro de los momentos de mayor tono pol\u00edtico de la entrevista estuvo vinculado con las cr\u00edticas de la oposici\u00f3n al Gobierno provincial en materia de seguridad.<\/p>\n<p>Prodromos sostuvo que sectores de la oposici\u00f3n utilizan la problem\u00e1tica del delito con fines pol\u00edticos y cuestion\u00f3 particularmente al kirchnerismo y al sector que identific\u00f3 con el Frente para la Victoria.<\/p>\n<p>\u201cLas estad\u00edsticas matan relatos\u201d, afirm\u00f3, al defender los n\u00fameros que maneja el Ministerio.<\/p>\n<p>El funcionario tambi\u00e9n neg\u00f3 que exista una ruptura dentro del gabinete provincial y asegur\u00f3 que la falta de reuniones entre ministros responde a que cada funcionario se encuentra recorriendo y trabajando en distintas localidades.<\/p>\n<p>\u201cLos ministros no est\u00e1n peleados. Los ministros no se juntan porque est\u00e1n trabajando\u201d, manifest\u00f3.<\/p>\n<p>Como ejemplo, cont\u00f3 que el d\u00eda anterior hab\u00eda estado en El Chalt\u00e9n participando de una reuni\u00f3n vinculada con un protocolo ante la posibilidad de un aluvi\u00f3n glacial, mientras que posteriormente se traslad\u00f3 a Caleta Olivia para participar del operativo de control.<\/p>\n<p>\u201cSer ministro no es estar atr\u00e1s de un escritorio\u201d<\/p>\n<p>Ante las consultas sobre los pedidos de renuncia que recibi\u00f3, Prodromos asegur\u00f3 que mantiene su compromiso con la gesti\u00f3n y descart\u00f3 estar agotado.<\/p>\n<p>\u201cSer ministro no es estar atr\u00e1s de un escritorio. Ser ministro es estar dando la cara al vecino y acompa\u00f1ando al personal policial en cada procedimiento que se pueda\u201d, sostuvo.<\/p>\n<p>Tambi\u00e9n asegur\u00f3 que continuar\u00e1 trabajando pese a las cr\u00edticas y que su objetivo es fortalecer la seguridad y mejorar las condiciones para las familias santacruce\u00f1as.<\/p>\n<p>\u201cNo estoy por un cargo ac\u00e1. Yo estoy ac\u00e1 para trabajar por compromiso y responsabilidad\u201d, expres\u00f3.<\/p>\n<p>Un Ministerio que busca generar recursos propios<\/p>\n<p>Otro de los ejes abordados fue el estado de las dependencias policiales y la necesidad de contar con recursos para realizar reparaciones y mejorar la log\u00edstica.<\/p>\n<p>Prodromos adelant\u00f3 que se trabaja en la puesta en funcionamiento del Juzgado de Faltas Provincial de Tr\u00e1nsito, con sedes previstas en R\u00edo Gallegos, Caleta Olivia y Puerto San Juli\u00e1n.<\/p>\n<p>El objetivo, explic\u00f3, es que parte de los recursos provenientes de las multas puedan regresar al \u00e1rea de Seguridad para ser destinados al mantenimiento de dependencias y m\u00f3viles.<\/p>\n<p>\u201cNosotros estamos buscando tener autonom\u00eda propia como Ministerio de Seguridad\u201d, afirm\u00f3.<\/p>\n<p>Tambi\u00e9n se\u00f1al\u00f3 que se trabaja en la capacitaci\u00f3n de fiscalizadores y mencion\u00f3 que actualmente existen 206 fiscalizadores vinculados con las tareas de control de Transporte Provincial.<\/p>\n<p>El funcionario indic\u00f3 adem\u00e1s que esperan recibir equipamiento para poner en funcionamiento el nuevo juzgado y que estos recursos permitir\u00e1n avanzar con reparaciones en dependencias policiales.<\/p>\n<p>Controles permanentes en rutas y prevenci\u00f3n<\/p>\n<p>Finalmente, Prodromos destac\u00f3 que los controles continuar\u00e1n en distintos puntos de la provincia, incluyendo rutas nacionales y provinciales, con operativos aleatorios.<\/p>\n<p>Tambi\u00e9n mencion\u00f3 procedimientos relacionados con la caza ilegal y remarc\u00f3 la importancia de que quienes realizan esta actividad cuenten con las autorizaciones correspondientes y documentaci\u00f3n de las armas.<\/p>\n<p>En materia de prevenci\u00f3n del delito, el ministro hizo hincapi\u00e9 en que la seguridad no depende exclusivamente de la Polic\u00eda y pidi\u00f3 tambi\u00e9n responsabilidad a los vecinos.<\/p>\n<p>\u201cHay que denunciar, comprometerse, cuidar tambi\u00e9n, cerrar las puertas, no dejarle servido al delincuente\u201d, se\u00f1al\u00f3.<\/p>\n<p>Para Prodromos, peque\u00f1os descuidos cotidianos pueden facilitar la comisi\u00f3n de delitos, por lo que llam\u00f3 a la comunidad a no confiarse.<\/p>\n<p>\u201cEl oportunista siempre est\u00e1\u201d, concluy\u00f3.<\/p>\n","protected":false},"excerpt":{"rendered":"<p>El ministro de Seguridad de Santa Cruz, Pedro Prodromos, habl\u00f3 ayer sobre el operativo realizado en el acceso norte de<\/p>\n","protected":false},"author":8,"featured_media":48189,"comment_status":"open","ping_status":"closed","sticky":false,"template":"","format":"standard","meta":{"footnotes":""},"categories":[33],"tags":[60,499,1911],"class_list":["post-48184","post","type-post","status-publish","format-standard","has-post-thumbnail","hentry","category-politica","tag-caleta-olivia","tag-pedro-prodromos","tag-seguridad-santa-cruz"],"_links":{"self":[{"href":"https:\/\/ecosdelsur.com\/index.php?rest_route=\/wp\/v2\/posts\/48184","targetHints":{"allow":["GET"]}}],"collection":[{"href":"https:\/\/ecosdelsur.com\/index.php?rest_route=\/wp\/v2\/posts"}],"about":[{"href":"https:\/\/ecosdelsur.com\/index.php?rest_route=\/wp\/v2\/types\/post"}],"author":[{"embeddable":true,"href":"https:\/\/ecosdelsur.com\/index.php?rest_route=\/wp\/v2\/users\/8"}],"replies":[{"embeddable":true,"href":"https:\/\/ecosdelsur.com\/index.php?rest_route=%2Fwp%2Fv2%2Fcomments&post=48184"}],"version-history":[{"count":1,"href":"https:\/\/ecosdelsur.com\/index.php?rest_route=\/wp\/v2\/posts\/48184\/revisions"}],"predecessor-version":[{"id":48191,"href":"https:\/\/ecosdelsur.com\/index.php?rest_route=\/wp\/v2\/posts\/48184\/revisions\/48191"}],"wp:featuredmedia":[{"embeddable":true,"href":"https:\/\/ecosdelsur.com\/index.php?rest_route=\/wp\/v2\/media\/48189"}],"wp:attachment":[{"href":"https:\/\/ecosdelsur.com\/index.php?rest_route=%2Fwp%2Fv2%2Fmedia&parent=48184"}],"wp:term":[{"taxonomy":"category","embeddable":true,"href":"https:\/\/ecosdelsur.com\/index.php?rest_route=%2Fwp%2Fv2%2Fcategories&post=48184"},{"taxonomy":"post_tag","embeddable":true,"href":"https:\/\/ecosdelsur.com\/index.php?rest_route=%2Fwp%2Fv2%2Ftags&post=48184"}],"curies":[{"name":"wp","href":"https:\/\/api.w.org\/{rel}","templated":true}]}}