{"id":48183,"date":"2026-09-04T18:07:03","date_gmt":"2026-09-04T21:07:03","guid":{"rendered":"https:\/\/ecosdelsur.com\/?p=48183"},"modified":"2026-09-04T18:07:03","modified_gmt":"2026-09-04T21:07:03","slug":"estudiantes-del-polivalente-de-arte-impulsan-el-proyecto-tertulia-entre-el-silencio-y-el-viento","status":"publish","type":"post","link":"https:\/\/ecosdelsur.com\/?p=48183","title":{"rendered":"Estudiantes del Polivalente de Arte impulsan el proyecto \u201cTertulia: Entre el Silencio y el Viento\u201d"},"content":{"rendered":"<p><span style=\"color: #ff0000;\">04 de Septiembre 2026. <\/span>En el marco de las acciones pedag\u00f3gicas que promueve el Consejo Provincial de Educaci\u00f3n para fortalecer la alfabetizaci\u00f3n acad\u00e9mica y el pensamiento cr\u00edtico, estudiantes y docentes del Centro Polivalente de Arte N\u00b0 1 llevan adelante esta innovadora muestra y proyecto anual.<\/p>\n<div class=\"redes mb-3\">\n<div class=\"d-flex flex-wrap justify-content-between align-items-center gap-3 my-2 mx-1\">\n<section class=\"ssi-block-main mb-5\">\n<div class=\"mb-2\">\n<div class=\"article-full\">\n<p>La misma integra\u00a0<strong>Historia, Geograf\u00eda y Econom\u00eda<\/strong>\u00a0con la identidad patag\u00f3nica. \u00c9stas est\u00e1n enmarcadas en las pol\u00edticas de acompa\u00f1amiento impulsadas por el Consejo Provincial de Educaci\u00f3n, el\u00a0<strong>Centro Polivalente de Arte N\u00b0 1<\/strong>, de R\u00edo Gallegos, lleva a cabo el proyecto anual interdisciplinario\u00a0<strong>\u201cTertulia: Entre el Silencio y el Viento\u201d.<\/strong>\u00a0La iniciativa involucra a estudiantes\u00a0<strong>de 3\u00ba a\u00f1o (divisiones A, B y C)<\/strong>\u00a0y articula los contenidos de las asignaturas Historia, Geograf\u00eda y Econom\u00eda.<\/p>\n<p>El objetivo central de la propuesta es fortalecer la alfabetizaci\u00f3n integral y el an\u00e1lisis cr\u00edtico de la realidad social. A trav\u00e9s de metodolog\u00edas participativas como las tertulias dial\u00f3gicas, los alumnos abordan el estudio de la\u00a0<strong>Patagonia y el contexto global<\/strong>, comprendiendo la organizaci\u00f3n del espacio geogr\u00e1fico, las transformaciones econ\u00f3micas y los procesos hist\u00f3ricos.<\/p>\n<h2>Aprender a trav\u00e9s del di\u00e1logo y la identidad local<\/h2>\n<p>Respecto a los fundamentos de la iniciativa, los docentes a cargo \u2014<strong>Mar\u00eda de los \u00c1ngeles Ju\u00e1rez (Econom\u00eda), Rodrigo Vera (Historia), Mirta Garc\u00eda y Cristian Ram\u00edrez (Geograf\u00eda)<\/strong>\u2014 explicaron que la alfabetizaci\u00f3n no se limita \u00fanicamente a la lectura y escritura inicial, sino que constituye un proceso cont\u00ednuo enfocado en comprender textos complejos, expresar ideas con claridad y reflexionar cr\u00edticamente sobre la realidad social.<\/p>\n<p>En ese sentido, se\u00f1alaron que la propuesta busca que los estudiantes logren vincular los\u00a0<strong>conceptos hist\u00f3ricos y econ\u00f3micos mundiales<\/strong>\u00a0con el propio entorno patag\u00f3nico, valorando el clima, el territorio, los recursos naturales y la cultura regional. Asimismo, los profesores destacaron que la metodolog\u00eda de las tertulias dial\u00f3gicas resulta clave para favorecer el debate respetuoso, la construcci\u00f3n de\u00a0<strong>consensos y la interpretaci\u00f3n colectiva<\/strong>\u00a0de diversas fuentes period\u00edsticas, testimonios y mapas.<\/p>\n<h2>Innovaci\u00f3n pedag\u00f3gica y diversidad de actividades<\/h2>\n<p>A lo largo del ciclo lectivo, los cursos participantes desarrollan m\u00faltiples producciones y experiencias pr\u00e1cticas encaminadas al an\u00e1lisis territorial y el rescate de la identidad local. En el marco de la indagaci\u00f3n comunitaria, los estudiantes realizan el\u00a0<strong>dise\u00f1o de mapas tem\u00e1ticos,<\/strong>\u00a0llevan a cabo un relevamiento de oficios locales y participan en talleres enfocados en el\u00a0<strong>desarrollo sustentable<\/strong>\u00a0y la actividad econ\u00f3mica regional.<\/p>\n<p>Asimismo, el aspecto cultural y la pertenencia santacruce\u00f1a se abordan mediante charlas orientadas a\u00a0<strong>los pueblos originarios<\/strong>, la interpretaci\u00f3n de danzas patag\u00f3nicas y la creaci\u00f3n de collages visuales representativos del paisaje de la regi\u00f3n. Para dinamizar los contenidos pedag\u00f3gicos, la propuesta suma din\u00e1micas\u00a0<strong>de escape room<\/strong>\u00a0centradas en la supervivencia en la Patagonia, junto con la elaboraci\u00f3n de videos de investigaci\u00f3n sobre turismo y la realizaci\u00f3n de entrevistas a referentes de las artes visuales.<\/p>\n<h2>Trabajo en equipo hacia la muestra final<\/h2>\n<p>Para evaluar el recorrido y visibilizar los aprendizajes, la propuesta contempla instancias colaborativas que culminan en\u00a0<strong>una Presentaci\u00f3n Anual Interdisciplinaria<\/strong>. En esta muestra, los estudiantes exhiben\u00a0<strong>maquetas, afiches, material audiovisual<\/strong>\u00a0y s\u00edntesis tem\u00e1ticas que dan cuenta del trabajo integrado realizado durante el a\u00f1o.<\/p>\n<p>Con estas iniciativas, el Consejo Provincial de Educaci\u00f3n reafirma su compromiso de acompa\u00f1ar proyectos institucionales que potencien la\u00a0<strong>alfabetizaci\u00f3n en el nivel secundario<\/strong>, revaloricen la identidad local y brinden a los estudiantes herramientas para ejercer una\u00a0<strong>ciudadan\u00eda activa y cr\u00edtica.<\/strong><\/p>\n<\/div>\n<\/div>\n<\/section>\n<aside class=\"ssi-block-side\">\n<aside class=\"a-gallery mt-2\">\n<div class=\"row g-3 ssigallery-frontend mt-3 row-cols-2 row-cols-sm-3 row-cols-md-3 row-cols-lg-4\">\n<div class=\"col-6 col-sm-4 col-md-4 col-lg-3 mt-0\"><a class=\"ssig-item\" href=\"https:\/\/noticias.santacruz.gob.ar\/media\/ssigallery\/articulos\/26415\/galeria\/260904-PROYECTO_POLIVANTE_DE_ARTE__11_.jpeg\" data-ssig=\"1\" data-caption=\"\" data-fancybox=\"ssigallery-article-26415\"><img decoding=\"async\" class=\"img-fluid rounded lazyload\" data-src=\"https:\/\/noticias.santacruz.gob.ar\/media\/ssigallery\/articulos\/26415\/galeria\/thumbs\/260904-PROYECTO_POLIVANTE_DE_ARTE__11_.jpeg\" alt=\"Estudiantes del Polivalente de Arte impulsan el proyecto \u201cTertulia: Entre el Silencio y el Viento\u201d\" src=\"data:image\/svg+xml;base64,PHN2ZyB3aWR0aD0iMSIgaGVpZ2h0PSIxIiB4bWxucz0iaHR0cDovL3d3dy53My5vcmcvMjAwMC9zdmciPjwvc3ZnPg==\" \/><\/a><\/div>\n<div class=\"col-6 col-sm-4 col-md-4 col-lg-3 mt-0\"><a class=\"ssig-item\" href=\"https:\/\/noticias.santacruz.gob.ar\/media\/ssigallery\/articulos\/26415\/galeria\/260904-PROYECTO_POLIVANTE_DE_ARTE__1_.jpeg\" data-ssig=\"1\" data-caption=\"\" data-fancybox=\"ssigallery-article-26415\"><img decoding=\"async\" class=\"img-fluid rounded lazyload\" data-src=\"https:\/\/noticias.santacruz.gob.ar\/media\/ssigallery\/articulos\/26415\/galeria\/thumbs\/260904-PROYECTO_POLIVANTE_DE_ARTE__1_.jpeg\" alt=\"Estudiantes del Polivalente de Arte impulsan el proyecto \u201cTertulia: Entre el Silencio y el Viento\u201d\" src=\"data:image\/svg+xml;base64,PHN2ZyB3aWR0aD0iMSIgaGVpZ2h0PSIxIiB4bWxucz0iaHR0cDovL3d3dy53My5vcmcvMjAwMC9zdmciPjwvc3ZnPg==\" \/><\/a><\/div>\n<\/div>\n<\/aside>\n<\/aside>\n<\/div>\n<\/div>\n<div class=\"mb-4\">\n<div class=\"article-intro mb-3\"><\/div>\n<\/div>\n","protected":false},"excerpt":{"rendered":"<p>04 de Septiembre 2026. En el marco de las acciones pedag\u00f3gicas que promueve el Consejo Provincial de Educaci\u00f3n para fortalecer<\/p>\n","protected":false},"author":8,"featured_media":48185,"comment_status":"open","ping_status":"closed","sticky":false,"template":"","format":"standard","meta":{"footnotes":""},"categories":[89],"tags":[],"class_list":["post-48183","post","type-post","status-publish","format-standard","has-post-thumbnail","hentry","category-educacion"],"_links":{"self":[{"href":"https:\/\/ecosdelsur.com\/index.php?rest_route=\/wp\/v2\/posts\/48183","targetHints":{"allow":["GET"]}}],"collection":[{"href":"https:\/\/ecosdelsur.com\/index.php?rest_route=\/wp\/v2\/posts"}],"about":[{"href":"https:\/\/ecosdelsur.com\/index.php?rest_route=\/wp\/v2\/types\/post"}],"author":[{"embeddable":true,"href":"https:\/\/ecosdelsur.com\/index.php?rest_route=\/wp\/v2\/users\/8"}],"replies":[{"embeddable":true,"href":"https:\/\/ecosdelsur.com\/index.php?rest_route=%2Fwp%2Fv2%2Fcomments&post=48183"}],"version-history":[{"count":1,"href":"https:\/\/ecosdelsur.com\/index.php?rest_route=\/wp\/v2\/posts\/48183\/revisions"}],"predecessor-version":[{"id":48186,"href":"https:\/\/ecosdelsur.com\/index.php?rest_route=\/wp\/v2\/posts\/48183\/revisions\/48186"}],"wp:featuredmedia":[{"embeddable":true,"href":"https:\/\/ecosdelsur.com\/index.php?rest_route=\/wp\/v2\/media\/48185"}],"wp:attachment":[{"href":"https:\/\/ecosdelsur.com\/index.php?rest_route=%2Fwp%2Fv2%2Fmedia&parent=48183"}],"wp:term":[{"taxonomy":"category","embeddable":true,"href":"https:\/\/ecosdelsur.com\/index.php?rest_route=%2Fwp%2Fv2%2Fcategories&post=48183"},{"taxonomy":"post_tag","embeddable":true,"href":"https:\/\/ecosdelsur.com\/index.php?rest_route=%2Fwp%2Fv2%2Ftags&post=48183"}],"curies":[{"name":"wp","href":"https:\/\/api.w.org\/{rel}","templated":true}]}}