{"id":48180,"date":"2026-09-04T18:05:14","date_gmt":"2026-09-04T21:05:14","guid":{"rendered":"https:\/\/ecosdelsur.com\/?p=48180"},"modified":"2026-09-04T18:05:14","modified_gmt":"2026-09-04T21:05:14","slug":"comunicado-de-servicios-publicos-3","status":"publish","type":"post","link":"https:\/\/ecosdelsur.com\/?p=48180","title":{"rendered":"Comunicado de Servicios P\u00fablicos"},"content":{"rendered":"<p><span style=\"color: #ff0000;\">04 de Septiembre 2026. <\/span>Servicios P\u00fablicos Sociedad del Estado informa a los vecinos del Barrio 87 Viviendas y Chimen Aike de R\u00edo Gallegos, que el d\u00eda s\u00e1bado 5 de Septiembre se realizar\u00e1 un corte de energ\u00eda el\u00e9ctrica solicitado por la empresa Strella Construcciones.<\/p>\n<div class=\"redes mb-3\">\n<div class=\"d-flex flex-wrap justify-content-between align-items-center gap-3 my-2 mx-1\">\n<section class=\"ssi-block-main mb-5\">\n<div class=\"mb-2\">\n<div class=\"article-full\">\n<p>El mismo tiene la finalidad, de llevar adelante tareas de elevaci\u00f3n y montaje de cuatro (4) columnas de hormig\u00f3n destinadas al armado de la base para una Subestaci\u00f3n Transformadora.<\/p>\n<p>\u200bEl corte se llevar\u00e1 a cabo en el horario de 9:00 a 12:00 en el marco de las obras correspondientes al barrio.<\/p>\n<p>\u200bSe solicita a los vecinos tomar los recaudos necesarios.<\/p>\n<\/div>\n<\/div>\n<\/section>\n<aside class=\"ssi-block-side\">\n<aside class=\"a-gallery mt-2\">\n<div class=\"row g-3 ssigallery-frontend mt-3 row-cols-2 row-cols-sm-3 row-cols-md-3 row-cols-lg-4\">\n<div class=\"col-6 col-sm-4 col-md-4 col-lg-3 mt-0\"><a class=\"ssig-item\" href=\"https:\/\/noticias.santacruz.gob.ar\/media\/ssigallery\/articulos\/26419\/galeria\/WhatsApp_Image_2026-09-04_at_5.01.08_PM.jpeg\" data-ssig=\"1\" data-caption=\"\" data-fancybox=\"ssigallery-article-26419\"><img decoding=\"async\" class=\"img-fluid rounded lazyload\" data-src=\"https:\/\/noticias.santacruz.gob.ar\/media\/ssigallery\/articulos\/26419\/galeria\/thumbs\/WhatsApp_Image_2026-09-04_at_5.01.08_PM.jpeg\" alt=\" Comunicado de Servicios P\u00fablicos \" src=\"data:image\/svg+xml;base64,PHN2ZyB3aWR0aD0iMSIgaGVpZ2h0PSIxIiB4bWxucz0iaHR0cDovL3d3dy53My5vcmcvMjAwMC9zdmciPjwvc3ZnPg==\" \/><\/a><\/div>\n<\/div>\n<\/aside>\n<\/aside>\n<\/div>\n<\/div>\n","protected":false},"excerpt":{"rendered":"<p>04 de Septiembre 2026. Servicios P\u00fablicos Sociedad del Estado informa a los vecinos del Barrio 87 Viviendas y Chimen Aike<\/p>\n","protected":false},"author":8,"featured_media":48181,"comment_status":"open","ping_status":"closed","sticky":false,"template":"","format":"standard","meta":{"footnotes":""},"categories":[1094],"tags":[],"class_list":["post-48180","post","type-post","status-publish","format-standard","has-post-thumbnail","hentry","category-gobierno"],"_links":{"self":[{"href":"https:\/\/ecosdelsur.com\/index.php?rest_route=\/wp\/v2\/posts\/48180","targetHints":{"allow":["GET"]}}],"collection":[{"href":"https:\/\/ecosdelsur.com\/index.php?rest_route=\/wp\/v2\/posts"}],"about":[{"href":"https:\/\/ecosdelsur.com\/index.php?rest_route=\/wp\/v2\/types\/post"}],"author":[{"embeddable":true,"href":"https:\/\/ecosdelsur.com\/index.php?rest_route=\/wp\/v2\/users\/8"}],"replies":[{"embeddable":true,"href":"https:\/\/ecosdelsur.com\/index.php?rest_route=%2Fwp%2Fv2%2Fcomments&post=48180"}],"version-history":[{"count":1,"href":"https:\/\/ecosdelsur.com\/index.php?rest_route=\/wp\/v2\/posts\/48180\/revisions"}],"predecessor-version":[{"id":48182,"href":"https:\/\/ecosdelsur.com\/index.php?rest_route=\/wp\/v2\/posts\/48180\/revisions\/48182"}],"wp:featuredmedia":[{"embeddable":true,"href":"https:\/\/ecosdelsur.com\/index.php?rest_route=\/wp\/v2\/media\/48181"}],"wp:attachment":[{"href":"https:\/\/ecosdelsur.com\/index.php?rest_route=%2Fwp%2Fv2%2Fmedia&parent=48180"}],"wp:term":[{"taxonomy":"category","embeddable":true,"href":"https:\/\/ecosdelsur.com\/index.php?rest_route=%2Fwp%2Fv2%2Fcategories&post=48180"},{"taxonomy":"post_tag","embeddable":true,"href":"https:\/\/ecosdelsur.com\/index.php?rest_route=%2Fwp%2Fv2%2Ftags&post=48180"}],"curies":[{"name":"wp","href":"https:\/\/api.w.org\/{rel}","templated":true}]}}