{"id":48176,"date":"2026-09-04T17:43:45","date_gmt":"2026-09-04T20:43:45","guid":{"rendered":"https:\/\/ecosdelsur.com\/?p=48176"},"modified":"2026-09-04T17:43:45","modified_gmt":"2026-09-04T20:43:45","slug":"puerto-san-julian-exposicion-fotografica-minusculos-una-mirada-diferente","status":"publish","type":"post","link":"https:\/\/ecosdelsur.com\/?p=48176","title":{"rendered":"Puerto San Juli\u00e1n: Exposici\u00f3n fotogr\u00e1fica Min\u00fasculos &#8220;Una mirada diferente&#8221;"},"content":{"rendered":"<p><span style=\"color: #ff0000;\">05 de Septiembre 2026. <\/span>Por un nuevo aniversario de Puerto San Juli\u00e1n, el Consejo Provincial de Educaci\u00f3n impulsa la Muestra Fotogr\u00e1fica Min\u00fasculos: &#8220;Una mirada diferente&#8221;, una iniciativa pedag\u00f3gica y art\u00edstica desarrollada por estudiantes y docentes de 6\u00ba y 7\u00ba grado de la Escuela Provincial Primaria N\u00ba 79.<\/p>\n<div class=\"redes mb-3\">\n<div class=\"d-flex flex-wrap justify-content-between align-items-center gap-3 my-2 mx-1\">\n<section class=\"ssi-block-main mb-5\">\n<div class=\"mb-2\">\n<div class=\"article-full\">\n<h2>Autoridades y comunidad acompa\u00f1aron la apertura<\/h2>\n<p>La propuesta busca sumar una mirada creativa a los festejos locales mediante el trabajo colectivo de las aulas y la jornada inaugural cont\u00f3 con una destacada presencia institucional y comunitaria. Asistieron a la presentaci\u00f3n la supervisora de Educaci\u00f3n Primaria (Zona Centro),\u00a0<strong>Alejandra Montiel<\/strong>; los concejales\u00a0<strong>Mauro Santana y H\u00e9ctor Oyarz\u00fan<\/strong>; y\u00a0<strong>Doriana \u00c1lvarez<\/strong>\u00a0en representaci\u00f3n de la Agrupaci\u00f3n Unicornio, quienes acompa\u00f1aron a los alumnos, docentes y miembros directivos en el inicio de la exposici\u00f3n.<\/p>\n<h2><strong>Un espacio para promover la expresi\u00f3n y el pensamiento cr\u00edtico<\/strong><\/h2>\n<p>Al dar inicio formal a la muestra, la directora de la instituci\u00f3n,\u00a0<strong>M\u00f3nica Carbajal,<\/strong>\u00a0resalt\u00f3 la trascendencia de la propuesta y nos cuenta que la actividad fue concebida con el objetivo de fomentar en los estudiantes el pensamiento cr\u00edtico, la expresividad y la observaci\u00f3n del entorno desde una\u00a0<strong>perspectiva propia y novedosa<\/strong>, integrando el aprendizaje de las aulas con la identidad cultural y festiva del pueblo.<\/p>\n<h2>Horarios de visita e invitaci\u00f3n a la comunidad<\/h2>\n<p>La exposici\u00f3n se encuentra abierta a todo el p\u00fablico desde hoy y hasta el pr\u00f3ximo\u00a0<strong>4 de septiembre, de 09:00 a 16:00 hs<\/strong>, en las instalaciones de la\u00a0<strong>Escuela Provincial Primaria N\u00ba 79<\/strong>. Se invita a las familias y a los vecinos de\u00a0<strong>Puerto San Juli\u00e1n<\/strong> a acercarse y recorrer esta valiosa producci\u00f3n fotogr\u00e1fica elaborada por las infancias.<\/p>\n<\/div>\n<\/div>\n<\/section>\n<aside class=\"ssi-block-side\">\n<aside class=\"a-gallery mt-2\">\n<div class=\"row g-3 ssigallery-frontend mt-3 row-cols-2 row-cols-sm-3 row-cols-md-3 row-cols-lg-4\">\n<div class=\"col-6 col-sm-4 col-md-4 col-lg-3 mt-0\"><a class=\"ssig-item\" href=\"https:\/\/noticias.santacruz.gob.ar\/media\/ssigallery\/articulos\/26412\/galeria\/260904-MUESTRA_FOTOGR__FICA_EPP_75__10_.jpg\" data-ssig=\"1\" data-caption=\"\" data-fancybox=\"ssigallery-article-26412\"><img decoding=\"async\" class=\"img-fluid rounded lazyload\" data-src=\"https:\/\/noticias.santacruz.gob.ar\/media\/ssigallery\/articulos\/26412\/galeria\/thumbs\/260904-MUESTRA_FOTOGR__FICA_EPP_75__10_.jpg\" alt=\"Puerto San Juli\u00e1n: Exposici\u00f3n fotogr\u00e1fica Min\u00fasculos &quot;Una mirada diferente&quot; \" src=\"data:image\/svg+xml;base64,PHN2ZyB3aWR0aD0iMSIgaGVpZ2h0PSIxIiB4bWxucz0iaHR0cDovL3d3dy53My5vcmcvMjAwMC9zdmciPjwvc3ZnPg==\" \/><\/a><\/div>\n<div class=\"col-6 col-sm-4 col-md-4 col-lg-3 mt-0\"><a class=\"ssig-item\" href=\"https:\/\/noticias.santacruz.gob.ar\/media\/ssigallery\/articulos\/26412\/galeria\/260904-MUESTRA_FOTOGR__FICA_EPP_75__1_.jpg\" data-ssig=\"1\" data-caption=\"\" data-fancybox=\"ssigallery-article-26412\"><img decoding=\"async\" class=\"img-fluid rounded lazyload\" data-src=\"https:\/\/noticias.santacruz.gob.ar\/media\/ssigallery\/articulos\/26412\/galeria\/thumbs\/260904-MUESTRA_FOTOGR__FICA_EPP_75__1_.jpg\" alt=\"Puerto San Juli\u00e1n: Exposici\u00f3n fotogr\u00e1fica Min\u00fasculos &quot;Una mirada diferente&quot; \" src=\"data:image\/svg+xml;base64,PHN2ZyB3aWR0aD0iMSIgaGVpZ2h0PSIxIiB4bWxucz0iaHR0cDovL3d3dy53My5vcmcvMjAwMC9zdmciPjwvc3ZnPg==\" \/><\/a><\/div>\n<\/div>\n<\/aside>\n<\/aside>\n<\/div>\n<\/div>\n","protected":false},"excerpt":{"rendered":"<p>05 de Septiembre 2026. Por un nuevo aniversario de Puerto San Juli\u00e1n, el Consejo Provincial de Educaci\u00f3n impulsa la Muestra<\/p>\n","protected":false},"author":8,"featured_media":48177,"comment_status":"open","ping_status":"closed","sticky":false,"template":"","format":"standard","meta":{"footnotes":""},"categories":[89],"tags":[],"class_list":["post-48176","post","type-post","status-publish","format-standard","has-post-thumbnail","hentry","category-educacion"],"_links":{"self":[{"href":"https:\/\/ecosdelsur.com\/index.php?rest_route=\/wp\/v2\/posts\/48176","targetHints":{"allow":["GET"]}}],"collection":[{"href":"https:\/\/ecosdelsur.com\/index.php?rest_route=\/wp\/v2\/posts"}],"about":[{"href":"https:\/\/ecosdelsur.com\/index.php?rest_route=\/wp\/v2\/types\/post"}],"author":[{"embeddable":true,"href":"https:\/\/ecosdelsur.com\/index.php?rest_route=\/wp\/v2\/users\/8"}],"replies":[{"embeddable":true,"href":"https:\/\/ecosdelsur.com\/index.php?rest_route=%2Fwp%2Fv2%2Fcomments&post=48176"}],"version-history":[{"count":1,"href":"https:\/\/ecosdelsur.com\/index.php?rest_route=\/wp\/v2\/posts\/48176\/revisions"}],"predecessor-version":[{"id":48178,"href":"https:\/\/ecosdelsur.com\/index.php?rest_route=\/wp\/v2\/posts\/48176\/revisions\/48178"}],"wp:featuredmedia":[{"embeddable":true,"href":"https:\/\/ecosdelsur.com\/index.php?rest_route=\/wp\/v2\/media\/48177"}],"wp:attachment":[{"href":"https:\/\/ecosdelsur.com\/index.php?rest_route=%2Fwp%2Fv2%2Fmedia&parent=48176"}],"wp:term":[{"taxonomy":"category","embeddable":true,"href":"https:\/\/ecosdelsur.com\/index.php?rest_route=%2Fwp%2Fv2%2Fcategories&post=48176"},{"taxonomy":"post_tag","embeddable":true,"href":"https:\/\/ecosdelsur.com\/index.php?rest_route=%2Fwp%2Fv2%2Ftags&post=48176"}],"curies":[{"name":"wp","href":"https:\/\/api.w.org\/{rel}","templated":true}]}}