{"id":48172,"date":"2026-09-04T17:41:29","date_gmt":"2026-09-04T20:41:29","guid":{"rendered":"https:\/\/ecosdelsur.com\/?p=48172"},"modified":"2026-09-04T17:42:21","modified_gmt":"2026-09-04T20:42:21","slug":"https-noticias-santacruz-gob-ar-organismos-gobierno-el-registro-civil-de-caleta-olivia-recibio-a-ninos-y-ninas-del-jardin-n-28-antukelen-en-una-jornada-por-el-derecho-a-la-identidadtextel-reg","status":"publish","type":"post","link":"https:\/\/ecosdelsur.com\/?p=48172","title":{"rendered":"El Registro Civil de Caleta Olivia recibi\u00f3 a ni\u00f1os y ni\u00f1as del Jard\u00edn N\u00b0 28 \u201cAntukelen\u201d en una jornada por el derecho a la identidad"},"content":{"rendered":"<p><span style=\"color: #ff0000;\">04 de Septiembre 2026. <\/span>El Gobierno de Santa Cruz, a trav\u00e9s de la Subsecretar\u00eda de Gobierno y Asuntos Registrales, contin\u00faa generando espacios para acercar a las infancias al conocimiento de sus derechos y al funcionamiento de los organismos p\u00fablicos.<\/p>\n<div class=\"redes mb-3\">\n<div class=\"d-flex flex-wrap justify-content-between align-items-center gap-3 my-2 mx-1\">\n<p>En esta oportunidad, ni\u00f1os y ni\u00f1as de la sala de 5 a\u00f1os \u201cLos Pumitas\u201d del Jard\u00edn de Infantes N\u00b0 28 \u201cAntukelen\u201d de Caleta Olivia visitaron las instalaciones del Registro Civil, en el marco de un proyecto pedag\u00f3gico impulsado por el equipo docente.<\/p>\n<figure class=\"ssi-inline-image my-3\"><img decoding=\"async\" class=\"img-fluid lazyload\" data-src=\"https:\/\/noticias.santacruz.gob.ar\/media\/ssigallery\/articulos\/26418\/inline\/WhatsApp_Image_2026-09-03_at_14.52.39__1_.jpeg\" alt=\"El Registro Civil de Caleta Olivia recibi\u00f3 a ni\u00f1os y ni\u00f1as del Jard\u00edn N\u00b0 28 \u201cAntukelen\u201d en una jornada por el derecho a la identidad\" src=\"data:image\/svg+xml;base64,PHN2ZyB3aWR0aD0iMSIgaGVpZ2h0PSIxIiB4bWxucz0iaHR0cDovL3d3dy53My5vcmcvMjAwMC9zdmciPjwvc3ZnPg==\" \/><\/figure>\n<p>Durante la jornada, el eje estuvo puesto en el derecho a la identidad y la importancia del Documento Nacional de Identidad (DNI). Los estudiantes pudieron conocer c\u00f3mo funciona el Registro Civil, para qu\u00e9 sirve el DNI, qu\u00e9 informaci\u00f3n contiene y c\u00f3mo se lleva adelante el procedimiento para su tramitaci\u00f3n.<\/p>\n<p>La actividad cont\u00f3 con el acompa\u00f1amiento del equipo del Registro Civil de Caleta Olivia, encabezado por su directora, Paula Ortiz, quienes recibieron a los ni\u00f1os y ni\u00f1as y compartieron con ellos informaci\u00f3n sobre el funcionamiento del organismo y los tr\u00e1mites vinculados al derecho a la identidad.<\/p>\n<p>La propuesta adquiere especial relevancia para esta etapa, ya que la actualizaci\u00f3n del DNI entre los 5 y los 8 a\u00f1os constituye uno de los tr\u00e1mites que se realizan ante el Registro Civil, permitiendo que los contenidos abordados en el \u00e1mbito educativo puedan vincularse con una experiencia concreta.<\/p>\n<figure class=\"ssi-inline-image my-3\"><img decoding=\"async\" class=\"img-fluid lazyload\" data-src=\"https:\/\/noticias.santacruz.gob.ar\/media\/ssigallery\/articulos\/26418\/inline\/WhatsApp_Image_2026-09-03_at_14.52.39.jpeg\" alt=\"El Registro Civil de Caleta Olivia recibi\u00f3 a ni\u00f1os y ni\u00f1as del Jard\u00edn N\u00b0 28 \u201cAntukelen\u201d en una jornada por el derecho a la identidad\" src=\"data:image\/svg+xml;base64,PHN2ZyB3aWR0aD0iMSIgaGVpZ2h0PSIxIiB4bWxucz0iaHR0cDovL3d3dy53My5vcmcvMjAwMC9zdmciPjwvc3ZnPg==\" \/><\/figure>\n<p>La subsecretaria de Gobierno y Asuntos Registrales, Dra. Carla Bahamonde, destac\u00f3 la iniciativa y se\u00f1al\u00f3:\u00a0<em>\u201cNos parece fundamental que el Registro Civil tambi\u00e9n sea un espacio abierto a la comunidad y, especialmente, a nuestros ni\u00f1os y ni\u00f1as. Hablar de DNI no es solamente hablar de un tr\u00e1mite: es ense\u00f1ar desde temprana edad qu\u00e9 significa tener una identidad, un nombre y el reconocimiento de derechos que nos acompa\u00f1an durante toda la vida\u201d.<\/em><\/p>\n<p>La propuesta se suma a las acciones que desarrolla el Registro Civil provincial junto a establecimientos educativos, con el objetivo de\u00a0promover el conocimiento del derecho a la identidad y acercar el Estado a la comunidad.<\/p>\n<p>De esta manera, desde la Subsecretar\u00eda de Gobierno y Asuntos Registrales se busca consolidar un Registro Civil cercano y accesible, que adem\u00e1s de garantizar el acceso a los tr\u00e1mites registrales, pueda convertirse en un espacio de informaci\u00f3n y aprendizaje sobre los derechos que acompa\u00f1an a las personas a lo largo de su vida.<\/p>\n<\/div>\n<\/div>\n","protected":false},"excerpt":{"rendered":"<p>04 de Septiembre 2026. El Gobierno de Santa Cruz, a trav\u00e9s de la Subsecretar\u00eda de Gobierno y Asuntos Registrales, contin\u00faa<\/p>\n","protected":false},"author":8,"featured_media":48173,"comment_status":"open","ping_status":"closed","sticky":false,"template":"","format":"standard","meta":{"footnotes":""},"categories":[1094],"tags":[],"class_list":["post-48172","post","type-post","status-publish","format-standard","has-post-thumbnail","hentry","category-gobierno"],"_links":{"self":[{"href":"https:\/\/ecosdelsur.com\/index.php?rest_route=\/wp\/v2\/posts\/48172","targetHints":{"allow":["GET"]}}],"collection":[{"href":"https:\/\/ecosdelsur.com\/index.php?rest_route=\/wp\/v2\/posts"}],"about":[{"href":"https:\/\/ecosdelsur.com\/index.php?rest_route=\/wp\/v2\/types\/post"}],"author":[{"embeddable":true,"href":"https:\/\/ecosdelsur.com\/index.php?rest_route=\/wp\/v2\/users\/8"}],"replies":[{"embeddable":true,"href":"https:\/\/ecosdelsur.com\/index.php?rest_route=%2Fwp%2Fv2%2Fcomments&post=48172"}],"version-history":[{"count":2,"href":"https:\/\/ecosdelsur.com\/index.php?rest_route=\/wp\/v2\/posts\/48172\/revisions"}],"predecessor-version":[{"id":48175,"href":"https:\/\/ecosdelsur.com\/index.php?rest_route=\/wp\/v2\/posts\/48172\/revisions\/48175"}],"wp:featuredmedia":[{"embeddable":true,"href":"https:\/\/ecosdelsur.com\/index.php?rest_route=\/wp\/v2\/media\/48173"}],"wp:attachment":[{"href":"https:\/\/ecosdelsur.com\/index.php?rest_route=%2Fwp%2Fv2%2Fmedia&parent=48172"}],"wp:term":[{"taxonomy":"category","embeddable":true,"href":"https:\/\/ecosdelsur.com\/index.php?rest_route=%2Fwp%2Fv2%2Fcategories&post=48172"},{"taxonomy":"post_tag","embeddable":true,"href":"https:\/\/ecosdelsur.com\/index.php?rest_route=%2Fwp%2Fv2%2Ftags&post=48172"}],"curies":[{"name":"wp","href":"https:\/\/api.w.org\/{rel}","templated":true}]}}