{"id":48168,"date":"2026-09-04T17:40:19","date_gmt":"2026-09-04T20:40:19","guid":{"rendered":"https:\/\/ecosdelsur.com\/?p=48168"},"modified":"2026-09-04T17:40:19","modified_gmt":"2026-09-04T20:40:19","slug":"con-una-gran-convocatoria-fomicruz-concluye-una-exitosa-participacion-en-la-argentina-mining-norte-2026","status":"publish","type":"post","link":"https:\/\/ecosdelsur.com\/?p=48168","title":{"rendered":"Con una gran convocatoria, Fomicruz concluye una exitosa participaci\u00f3n en la Argentina Mining Norte 2026"},"content":{"rendered":"<p><span style=\"color: #ff0000;\">04 de Septiembre 2026. <\/span>Durante la \u00faltima jornada del encuentro minero m\u00e1s importante del pa\u00eds, la empresa estatal santacruce\u00f1a hizo un balance altamente positivo de su presencia en el Centro de Convenciones de Salta. La agenda combin\u00f3 reuniones de alto nivel para el desarrollo de nuevos proyectos con un intenso intercambio t\u00e9cnico y acad\u00e9mico.<\/p>\n<div class=\"redes mb-3\">\n<div class=\"d-flex flex-wrap justify-content-between align-items-center gap-3 my-2 mx-1\">\n<section class=\"ssi-block-main mb-5\">\n<div class=\"mb-2\">\n<div class=\"article-full\">\n<p>Este viernes marca el cierre de una nueva edici\u00f3n de la convenci\u00f3n Argentina Mining (AMN), y el balance para Fomento Minero de Santa Cruz Sociedad del Estado (FOMICRUZ S.E.) no podr\u00eda ser m\u00e1s auspicioso. A lo largo de la feria, el\u00a0<strong>stand F504<\/strong>\u00a0del Centro de Convenciones se consolid\u00f3 como uno de los puntos de mayor concurrencia, atrayendo tanto a grandes actores de la industria como a profesionales, autoridades y la comunidad acad\u00e9mica.<\/p>\n<figure class=\"ssi-inline-image my-3\"><img decoding=\"async\" class=\"img-fluid lazyload\" data-src=\"https:\/\/noticias.santacruz.gob.ar\/media\/ssigallery\/articulos\/26414\/inline\/20260904_100115.jpg.jpeg\" alt=\"Con una gran convocatoria, Fomicruz concluye una exitosa participaci\u00f3n en la Argentina Mining Norte 2026\" src=\"data:image\/svg+xml;base64,PHN2ZyB3aWR0aD0iMSIgaGVpZ2h0PSIxIiB4bWxucz0iaHR0cDovL3d3dy53My5vcmcvMjAwMC9zdmciPjwvc3ZnPg==\" \/><\/figure>\n<p>Las primeras jornadas de la cumbre mantuvieron un marcado perfil corporativo y de negocios. En ese marco, la delegaci\u00f3n santacruce\u00f1a despleg\u00f3 una intensa agenda orientada a difundir el renovado portfolio de la compa\u00f1\u00eda y a visibilizar las concretas oportunidades de inversi\u00f3n, exploraci\u00f3n y asociaci\u00f3n estrat\u00e9gica que ofrece el Macizo del Deseado, una de las provincias metalog\u00e9nicas de oro y plata m\u00e1s relevantes a nivel mundial.<\/p>\n<h2>Di\u00e1logo con la industria y el \u00e1mbito acad\u00e9mico<\/h2>\n<p>A medida que avanzaron las jornadas, el espacio de FOMICRUZ tambi\u00e9n se convirti\u00f3 en un polo de atracci\u00f3n para la comunidad educativa. Destac\u00f3 especialmente la visita de numerosos estudiantes, docentes e investigadores de la Universidad Nacional de Salta, pertenecientes a carreras afines al sector como la Licenciatura en Ciencias Geol\u00f3gicas, Ingenier\u00eda en Perforaciones y tecnicaturas en Miner\u00eda, quienes se acercaron a conocer de primera mano los modelos de gesti\u00f3n y prospecci\u00f3n que desarrolla la empresa estatal santacruce\u00f1a.<\/p>\n<p>El di\u00e1logo fluido con los visitantes estuvo encabezado por el subsecretario de Geolog\u00eda y Miner\u00eda de Santa Cruz,\u00a0<strong>Facundo Hern\u00e1ndez\u00a0<\/strong>y su par, la ge\u00f3loga\u00a0<strong>Fernanda Pacheco<\/strong>, integrante del Directorio de FOMICRUZ, quienes tuvieron a su cargo la atenci\u00f3n personalizada del stand y el abordaje de las diversas consultas t\u00e9cnicas e institucionales.<\/p>\n<p>Durante la ma\u00f1ana de este viernes, el presidente de Argentina Mining,\u00a0<strong>Javier Rojas<\/strong>, se acerc\u00f3 al stand de Fomicruz, donde fue recibido por el titular de Fomento Minero de Santa Cruz,\u00a0<strong>Fernando Ba\u00f1os<\/strong>\u00a0y los ge\u00f3logos que integran el grupo de trabajo.<\/p>\n<figure class=\"ssi-inline-image my-3\"><img decoding=\"async\" class=\"img-fluid lazyload\" data-src=\"https:\/\/noticias.santacruz.gob.ar\/media\/ssigallery\/articulos\/26414\/inline\/WhatsApp_Image_2026-09-04_at_3.41.17_PM.jpeg\" alt=\"Moneda de plata para el gobernador, Claudio Vidal.\" src=\"data:image\/svg+xml;base64,PHN2ZyB3aWR0aD0iMSIgaGVpZ2h0PSIxIiB4bWxucz0iaHR0cDovL3d3dy53My5vcmcvMjAwMC9zdmciPjwvc3ZnPg==\" \/><figcaption class=\"small text-muted mt-1\">Moneda de plata para el gobernador, Claudio Vidal.<\/figcaption><\/figure>\n<p>Fue en ese espacio que recibi\u00f3 presentes institucionales de manos de Ba\u00f1os, al tiempo que entreg\u00f3 a su par, una moneda de plata para el gobernador\u00a0<strong>Claudio Vidal,<\/strong>\u00a0obsequio conmemorativo a los 30 a\u00f1os que cumple la Convenci\u00f3n, creado por su padre, Nivaldo Rojas, fallecido en el a\u00f1o 2017.<\/p>\n<p>Luego de felicitar al grupo santacruce\u00f1o por la calidad y dise\u00f1o del stand F504,\u00a0<strong>Rojas\u00a0<\/strong>valor\u00f3 la presencia de la empresa por participar de este tipo de eventos m\u00e1s all\u00e1 de las fronteras de la provincia.<\/p>\n<p>\u201cEs lo que hay que hacer, moverse de d\u00f3nde uno est\u00e1 para conseguir lo que uno quiere. As\u00ed que eso es muy destacable de Fomicruz y del gobierno de Santa Cruz\u201d, asegur\u00f3.<\/p>\n<\/div>\n<\/div>\n<\/section>\n<footer class=\"ssi-block-tags\"><\/footer>\n<aside class=\"ssi-block-side\">\n<aside class=\"a-gallery mt-2\">\n<h2 class=\"h5 border-bottom pb-2 mb-3\">Galer\u00eda de im\u00e1genes<\/h2>\n<\/aside>\n<\/aside>\n<\/div>\n<\/div>\n","protected":false},"excerpt":{"rendered":"<p>04 de Septiembre 2026. Durante la \u00faltima jornada del encuentro minero m\u00e1s importante del pa\u00eds, la empresa estatal santacruce\u00f1a hizo<\/p>\n","protected":false},"author":8,"featured_media":48169,"comment_status":"open","ping_status":"closed","sticky":false,"template":"","format":"standard","meta":{"footnotes":""},"categories":[1192],"tags":[],"class_list":["post-48168","post","type-post","status-publish","format-standard","has-post-thumbnail","hentry","category-ministerio-de-energia-y-mineria"],"_links":{"self":[{"href":"https:\/\/ecosdelsur.com\/index.php?rest_route=\/wp\/v2\/posts\/48168","targetHints":{"allow":["GET"]}}],"collection":[{"href":"https:\/\/ecosdelsur.com\/index.php?rest_route=\/wp\/v2\/posts"}],"about":[{"href":"https:\/\/ecosdelsur.com\/index.php?rest_route=\/wp\/v2\/types\/post"}],"author":[{"embeddable":true,"href":"https:\/\/ecosdelsur.com\/index.php?rest_route=\/wp\/v2\/users\/8"}],"replies":[{"embeddable":true,"href":"https:\/\/ecosdelsur.com\/index.php?rest_route=%2Fwp%2Fv2%2Fcomments&post=48168"}],"version-history":[{"count":2,"href":"https:\/\/ecosdelsur.com\/index.php?rest_route=\/wp\/v2\/posts\/48168\/revisions"}],"predecessor-version":[{"id":48171,"href":"https:\/\/ecosdelsur.com\/index.php?rest_route=\/wp\/v2\/posts\/48168\/revisions\/48171"}],"wp:featuredmedia":[{"embeddable":true,"href":"https:\/\/ecosdelsur.com\/index.php?rest_route=\/wp\/v2\/media\/48169"}],"wp:attachment":[{"href":"https:\/\/ecosdelsur.com\/index.php?rest_route=%2Fwp%2Fv2%2Fmedia&parent=48168"}],"wp:term":[{"taxonomy":"category","embeddable":true,"href":"https:\/\/ecosdelsur.com\/index.php?rest_route=%2Fwp%2Fv2%2Fcategories&post=48168"},{"taxonomy":"post_tag","embeddable":true,"href":"https:\/\/ecosdelsur.com\/index.php?rest_route=%2Fwp%2Fv2%2Ftags&post=48168"}],"curies":[{"name":"wp","href":"https:\/\/api.w.org\/{rel}","templated":true}]}}