{"id":48165,"date":"2026-09-04T17:38:06","date_gmt":"2026-09-04T20:38:06","guid":{"rendered":"https:\/\/ecosdelsur.com\/?p=48165"},"modified":"2026-09-04T17:38:06","modified_gmt":"2026-09-04T20:38:06","slug":"rivera-es-importante-que-estemos-preparados-para-poder-mitigar-los-impactos-de-un-eventual-glof","status":"publish","type":"post","link":"https:\/\/ecosdelsur.com\/?p=48165","title":{"rendered":"Rivera: \u201cEs importante que estemos preparados para poder mitigar los impactos de un eventual GLOF\u201d"},"content":{"rendered":"<p><span style=\"color: #ff0000;\">04 de Septiembre 2026. <\/span>As\u00ed dijo el secretario de Estado de Recursos H\u00eddricos, Emilio Rivera, al referirse al trabajo preventivo ante un eventual GLOF en Laguna Torre. Destac\u00f3 la gesti\u00f3n ante Naci\u00f3n para obtener soporte t\u00e9cnico del Instituto Nacional del Agua (INA) a trav\u00e9s del laboratorio de hidr\u00e1ulica.<\/p>\n<div class=\"redes mb-3\">\n<div class=\"d-flex flex-wrap justify-content-between align-items-center gap-3 my-2 mx-1\">\n<p>La Secretar\u00eda de Estado de\u00a0<strong>Recursos H\u00eddricos<\/strong>, dependiente del\u00a0<strong>Ministerio de Energ\u00eda y Miner\u00eda<\/strong>\u00a0de Santa Cruz, particip\u00f3 de una reuni\u00f3n de Junta de Protecci\u00f3n Civil Municipal de\u00a0<strong>El Chalt\u00e9n<\/strong>, convocada por el Municipio y la Subsecretar\u00eda de Protecci\u00f3n Civil de Santa Cruz. El objetivo fue intercambiar informaci\u00f3n y avanzar en la actualizaci\u00f3n del plan de contingencia y evacuaci\u00f3n de la localidad ante un eventual GLOF (Glacial Lake Outburst Flood) en Laguna Torre, dentro del Parque Nacional Los Glaciares.<\/p>\n<p>La reuni\u00f3n fue encabezada por el intendente de El Chalt\u00e9n,\u00a0<strong>N\u00e9stor Tic\u00f3<\/strong>, y cont\u00f3 con la participaci\u00f3n del ministro de Seguridad de Santa Cruz,\u00a0<strong>Pedro Prodromos<\/strong>; el Secretario de Estado de Recursos H\u00eddricos,\u00a0<strong>Emilio Rivera<\/strong>; la subsecretar\u00eda de Protecci\u00f3n Civil,\u00a0<strong>Sandra Gordillo<\/strong>; el presidente de la Administraci\u00f3n General de Vialidad Provincial (AGVP),\u00a0<strong>Julio Bujer<\/strong>; representantes de la Administraci\u00f3n de Parques Nacionales (APN) y el INTA.<\/p>\n<figure class=\"ssi-inline-image my-3\"><img decoding=\"async\" class=\"img-fluid lazyload\" data-src=\"https:\/\/noticias.santacruz.gob.ar\/media\/ssigallery\/articulos\/26416\/inline\/20260904_MDE_EMILIO_RIVERA__1___1_.jpg\" alt=\"Rivera: \u201cEs importante que estemos preparados para poder mitigar los impactos de un eventual GLOF\u201d\" src=\"data:image\/svg+xml;base64,PHN2ZyB3aWR0aD0iMSIgaGVpZ2h0PSIxIiB4bWxucz0iaHR0cDovL3d3dy53My5vcmcvMjAwMC9zdmciPjwvc3ZnPg==\" \/><\/figure>\n<p>Rivera explic\u00f3 que Recursos H\u00eddricos fue convocado por el Municipio de El Chalt\u00e9n y Protecci\u00f3n Civil de la Provincia para participar del encuentro junto a distintas instituciones provinciales y nacionales.<\/p>\n<p><strong>\u201cEl objetivo fue profundizar la discusi\u00f3n respecto de las medidas a tomar para mitigar los impactos negativos de un posible GLOF en Laguna Torre\u201d<\/strong>, se\u00f1al\u00f3 en di\u00e1logo con la Subsecretar\u00eda de Producci\u00f3n y Contenidos.<\/p>\n<p>En ese marco, destac\u00f3 la importancia de la articulaci\u00f3n entre los distintos organismos para anticiparse a cualquier eventualidad. \u201cEs importante el di\u00e1logo entre las distintas instituciones para poder prepararnos de una mejor manera\u201d, sostuvo.<\/p>\n<p><strong>Monitoreo y asistencia t\u00e9cnica para evaluar distintos escenarios<\/strong><\/p>\n<p>Rivera indic\u00f3 que existen elementos que justifican el seguimiento de la situaci\u00f3n, entre ellos la retracci\u00f3n del glaciar, las variaciones en el volumen de agua de la laguna y la evoluci\u00f3n de una grieta que puede observarse mediante im\u00e1genes satelitales.<\/p>\n<p>No obstante, hizo hincapi\u00e9 en diferenciar el trabajo preventivo de la certeza de que pueda producirse un evento de grandes dimensiones. \u201cHay evidencia de que es posible que algo de esto pueda suceder, pero tambi\u00e9n\u00a0<strong>es importante transmitirle a la poblaci\u00f3n que tanto el Gobierno Provincial como el Gobierno Municipal y todas las instituciones, incluso de orden nacional, estamos trabajando y tratando de confeccionar el mejor plan posible<\/strong>\u201d, afirm\u00f3.<\/p>\n<figure class=\"ssi-inline-image my-3\"><img decoding=\"async\" class=\"img-fluid lazyload\" data-src=\"https:\/\/noticias.santacruz.gob.ar\/media\/ssigallery\/articulos\/26416\/inline\/WhatsApp_Image_2026-09-04_at_4.04.09_PM__2_.jpeg\" alt=\"Rivera: \u201cEs importante que estemos preparados para poder mitigar los impactos de un eventual GLOF\u201d\" src=\"data:image\/svg+xml;base64,PHN2ZyB3aWR0aD0iMSIgaGVpZ2h0PSIxIiB4bWxucz0iaHR0cDovL3d3dy53My5vcmcvMjAwMC9zdmciPjwvc3ZnPg==\" \/><\/figure>\n<p>Desde la Secretar\u00eda de Estado de Recursos H\u00eddricos se trabaja de manera coordinada con la Administraci\u00f3n General de Vialidad Provincial y Parques Nacionales. Asimismo,\u00a0<strong>se solicit\u00f3 colaboraci\u00f3n a la Subsecretar\u00eda de Recursos H\u00eddricos de Naci\u00f3n para incorporar el aporte t\u00e9cnico del Instituto Nacional del Agua (INA).<\/strong><\/p>\n<p>La intenci\u00f3n es que profesionales del organismo puedan trasladarse a El Chalt\u00e9n para relevar y reunir informaci\u00f3n que permita mejorar los modelos destinados a estimar distintos escenarios posibles, aportando herramientas para la elaboraci\u00f3n de los planes de contingencia.<\/p>\n<p>Rivera agreg\u00f3 que\u00a0<strong>Parques Nacionales<\/strong>\u00a0trabaja, adem\u00e1s, en mecanismos que permitan realizar un monitoreo con mayor detalle y frecuencia temporal, junto con la evaluaci\u00f3n de sistemas de alarma que puedan utilizarse en caso de ser necesarios.<\/p>\n<h2>\u201cNo necesariamente tiene que ocurrir algo catastr\u00f3fico\u201d<\/h2>\n<p>El funcionario remarc\u00f3 que la planificaci\u00f3n debe contemplar los escenarios m\u00e1s complejos, aunque aclar\u00f3 que eso no implica que sean los que necesariamente vayan a producirse.<\/p>\n<p><strong>\u201cLos especialistas en seguridad y Protecci\u00f3n Civil tienen que estar preparados para los peores escenarios, y es totalmente l\u00f3gico. Pero tambi\u00e9n es importante transmitir a la comunidad que no necesariamente este sea el escenario m\u00e1s probable\u201d, explic\u00f3.<\/strong><\/p>\n<p>En ese sentido, se\u00f1al\u00f3 que podr\u00edan registrarse desprendimientos de menores dimensiones que desplacen vol\u00famenes m\u00e1s reducidos de agua. \u201cTodo puede suceder sin necesidad de que sea algo catastr\u00f3fico. Sin embargo, es importante que nosotros estemos preparados para poder mitigar los impactos en caso de que sucediera\u201d, manifest\u00f3.<\/p>\n<h2>Trabajos preventivos en los r\u00edos Fitz Roy y Las Vueltas<\/h2>\n<p>Rivera detall\u00f3 que Recursos H\u00eddricos analiza las intervenciones preventivas que pueden continuarse en los r\u00edos Fitz Roy y De Las Vueltas, con el prop\u00f3sito de mejorar las condiciones de escurrimiento.<\/p>\n<p>Explic\u00f3 que en distintos cursos de agua de la zona cordillerana se realizan tareas para remover sedimentos que, debido a las variaciones de caudal entre las distintas \u00e9pocas del a\u00f1o, pueden acumularse y dificultar el flujo.<\/p>\n<figure class=\"ssi-inline-image my-3\"><img decoding=\"async\" class=\"img-fluid lazyload\" data-src=\"https:\/\/noticias.santacruz.gob.ar\/media\/ssigallery\/articulos\/26416\/inline\/WhatsApp_Image_2026-09-04_at_4.04.09_PM__1_.jpeg\" alt=\"Rivera: \u201cEs importante que estemos preparados para poder mitigar los impactos de un eventual GLOF\u201d\" src=\"data:image\/svg+xml;base64,PHN2ZyB3aWR0aD0iMSIgaGVpZ2h0PSIxIiB4bWxucz0iaHR0cDovL3d3dy53My5vcmcvMjAwMC9zdmciPjwvc3ZnPg==\" \/><\/figure>\n<p><strong>\u201cUna de las tareas que vamos a continuar haciendo en la zona de El Chalt\u00e9n es mejorar y enderezar los cauces, optimizando la capacidad de conducci\u00f3n y de evacuaci\u00f3n del fluido\u201d, precis\u00f3.<\/strong><\/p>\n<p>A su vez, indic\u00f3 que junto con Vialidad Provincial se analizan alternativas vinculadas con la colocaci\u00f3n de alcantarillas, construcci\u00f3n de badenes y el refuerzo de estructuras, con el objetivo de preservar la integridad de los caminos ante una eventual contingencia.<\/p>\n<h2>Prevenci\u00f3n para el antes, durante y despu\u00e9s<\/h2>\n<p>El secretario de Estado explic\u00f3 que cada organismo trabaja desde su \u00e1rea de competencia para definir acciones destinadas al antes, durante y despu\u00e9s de un eventual GLOF. Esto comprende desde el monitoreo y las obras preventivas hasta el sostenimiento de servicios b\u00e1sicos, infraestructura, sistemas de alerta y capacitaci\u00f3n de la comunidad.<\/p>\n<p>En ese contexto, destac\u00f3 el trabajo de la Municipalidad de El Chalt\u00e9n en la planificaci\u00f3n de intervenciones y capacitaciones para que vecinos y visitantes conozcan c\u00f3mo actuar ante una eventual emergencia.<\/p>\n<p><strong>\u201cYo veo con muy buenos ojos que todo esto est\u00e9 pasando ahora, que no tenemos este fen\u00f3meno encima, y va a dar el tiempo suficiente para que toda la ciudadan\u00eda, la comunidad de El Chalt\u00e9n y todos quienes lo visiten puedan saber qu\u00e9 hacer en caso de esto\u201d, expres\u00f3.<\/strong><\/p>\n<p>Asimismo, reiter\u00f3 que la planificaci\u00f3n preventiva no debe interpretarse como una confirmaci\u00f3n de que se producir\u00e1 un evento de caracter\u00edsticas catastr\u00f3ficas.\u00a0<strong>\u201cTodo esto son escenarios. Hay evidencia de que las cosas est\u00e1n pasando, pero todo tiene una determinada probabilidad\u201d, puntualiz\u00f3.<\/strong><\/p>\n<h2>\u201cNo podemos frenar los procesos naturales, pero s\u00ed prevenir\u201d<\/h2>\n<p>Finalmente, Rivera se refiri\u00f3 a los cambios observados en los \u00faltimos a\u00f1os en distintos fen\u00f3menos clim\u00e1ticos y consider\u00f3 fundamental fortalecer la preparaci\u00f3n institucional y comunitaria.<\/p>\n<p>\u201cEn los \u00faltimos a\u00f1os hemos tenido eventos que est\u00e1n totalmente fuera de lo normal<strong>. El clima est\u00e1 cambiando, eso est\u00e1 claro\u201d<\/strong>, se\u00f1al\u00f3, y record\u00f3 episodios de nevadas y precipitaciones extraordinarias registrados en distintos puntos de Santa Cruz.<\/p>\n<p>Por \u00faltimo, sostuvo que estos espacios de coordinaci\u00f3n permiten que la poblaci\u00f3n conozca las medidas que se est\u00e1n adoptando y tenga informaci\u00f3n sobre c\u00f3mo actuar.<\/p>\n<p>\u201cEs bueno reunirse, generar estos espacios\u00a0<strong>y trabajar mucho con la comunidad<\/strong>\u00a0para que la gente sepa que no est\u00e1 sola, que se est\u00e1 pensando en qu\u00e9 hacer y que tampoco los escenarios van a ser los peores s\u00ed o s\u00ed\u201d, afirm\u00f3.<\/p>\n<p>Y concluy\u00f3: \u201c<strong>Hay cosas que no se pueden frenar, son procesos naturales y nosotros no podemos pelear contra eso, pero s\u00ed prevenir, y es lo que estamos haciendo, cada uno desde su lugar\u201d.<\/strong><\/p>\n<\/div>\n<\/div>\n","protected":false},"excerpt":{"rendered":"<p>04 de Septiembre 2026. As\u00ed dijo el secretario de Estado de Recursos H\u00eddricos, Emilio Rivera, al referirse al trabajo preventivo<\/p>\n","protected":false},"author":8,"featured_media":48166,"comment_status":"open","ping_status":"closed","sticky":false,"template":"","format":"standard","meta":{"footnotes":""},"categories":[1859],"tags":[],"class_list":["post-48165","post","type-post","status-publish","format-standard","has-post-thumbnail","hentry","category-energia-2"],"_links":{"self":[{"href":"https:\/\/ecosdelsur.com\/index.php?rest_route=\/wp\/v2\/posts\/48165","targetHints":{"allow":["GET"]}}],"collection":[{"href":"https:\/\/ecosdelsur.com\/index.php?rest_route=\/wp\/v2\/posts"}],"about":[{"href":"https:\/\/ecosdelsur.com\/index.php?rest_route=\/wp\/v2\/types\/post"}],"author":[{"embeddable":true,"href":"https:\/\/ecosdelsur.com\/index.php?rest_route=\/wp\/v2\/users\/8"}],"replies":[{"embeddable":true,"href":"https:\/\/ecosdelsur.com\/index.php?rest_route=%2Fwp%2Fv2%2Fcomments&post=48165"}],"version-history":[{"count":1,"href":"https:\/\/ecosdelsur.com\/index.php?rest_route=\/wp\/v2\/posts\/48165\/revisions"}],"predecessor-version":[{"id":48167,"href":"https:\/\/ecosdelsur.com\/index.php?rest_route=\/wp\/v2\/posts\/48165\/revisions\/48167"}],"wp:featuredmedia":[{"embeddable":true,"href":"https:\/\/ecosdelsur.com\/index.php?rest_route=\/wp\/v2\/media\/48166"}],"wp:attachment":[{"href":"https:\/\/ecosdelsur.com\/index.php?rest_route=%2Fwp%2Fv2%2Fmedia&parent=48165"}],"wp:term":[{"taxonomy":"category","embeddable":true,"href":"https:\/\/ecosdelsur.com\/index.php?rest_route=%2Fwp%2Fv2%2Fcategories&post=48165"},{"taxonomy":"post_tag","embeddable":true,"href":"https:\/\/ecosdelsur.com\/index.php?rest_route=%2Fwp%2Fv2%2Ftags&post=48165"}],"curies":[{"name":"wp","href":"https:\/\/api.w.org\/{rel}","templated":true}]}}