{"id":48159,"date":"2026-09-04T17:35:08","date_gmt":"2026-09-04T20:35:08","guid":{"rendered":"https:\/\/ecosdelsur.com\/?p=48159"},"modified":"2026-09-04T17:35:08","modified_gmt":"2026-09-04T20:35:08","slug":"la-policia-de-santa-cruz-continua-reforzando-la-seguridad-y-los-controles-en-esta-capital","status":"publish","type":"post","link":"https:\/\/ecosdelsur.com\/?p=48159","title":{"rendered":"La Polic\u00eda de Santa Cruz contin\u00faa reforzando la seguridad y los controles en esta capital"},"content":{"rendered":"<p><span style=\"color: #ff0000;\">04 de Septiembre 2026. <\/span>En un operativo conjunto, la Superintendencia de Polic\u00eda Judicial e Investigaciones, llev\u00f3 adelante este jueves un despliegue de control vehicular en distintos barrios de esta ciudad capital. Durante el mismo, fueron secuestrados dos veh\u00edculos y se labraron 15 actas de infracci\u00f3n.<\/p>\n<div class=\"redes mb-3\">\n<div class=\"d-flex flex-wrap justify-content-between align-items-center gap-3 my-2 mx-1\">\n<section class=\"ssi-block-main mb-5\">\n<div class=\"mb-2\">\n<div class=\"article-full\">\n<p>La\u00a0<strong>Polic\u00eda de Santa Cruz<\/strong>\u00a0contin\u00faa desarrollando un amplio despliegue operativo en distintos puntos de la provincia, reforzando las tareas de prevenci\u00f3n, seguridad vial y patrullaje con presencia permanente en rutas y localidades.<\/p>\n<figure class=\"ssi-inline-image my-3\"><img decoding=\"async\" class=\"img-fluid lazyload\" data-src=\"https:\/\/noticias.santacruz.gob.ar\/media\/ssigallery\/articulos\/26410\/inline\/WhatsApp_Image_2026-09-04_at_2.22.38_PM__20_.jpeg\" alt=\"La Polic\u00eda de Santa Cruz contin\u00faa reforzando la seguridad y los controles en esta capital\" src=\"data:image\/svg+xml;base64,PHN2ZyB3aWR0aD0iMSIgaGVpZ2h0PSIxIiB4bWxucz0iaHR0cDovL3d3dy53My5vcmcvMjAwMC9zdmciPjwvc3ZnPg==\" \/><\/figure>\n<p>En esta oportunidad, el despliegue de las diferentes divisiones y dependencias se realiz\u00f3 en barrios de esta ciudad capital, en los que el personal policial profundiz\u00f3 los operativos de control vehicular, con el objetivo de garantizar la seguridad de quienes transitan por las arterias de R\u00edo Gallegos.<\/p>\n<h2>Control vehicular<\/h2>\n<p>En forma conjunta el operativo se llev\u00f3 a cabo, este jueves, con personal de la Divisi\u00f3n Narcocriminalidad, de la Direcci\u00f3n General de Investigaciones (DDI), de An\u00e1lisis Estrat\u00e9gico, del Grupo de Operaciones Motorizadas (GOM), de la Divisi\u00f3n Guardia de Infanter\u00eda, del Cuerpo de Prevenci\u00f3n Barrial (CPB) y cont\u00f3 con la colaboraci\u00f3n de personal de Tr\u00e1nsito Municipal.<\/p>\n<figure class=\"ssi-inline-image my-3\"><img decoding=\"async\" class=\"img-fluid lazyload\" data-src=\"https:\/\/noticias.santacruz.gob.ar\/media\/ssigallery\/articulos\/26410\/inline\/WhatsApp_Image_2026-09-04_at_2.22.38_PM__8_.jpeg\" alt=\"La Polic\u00eda de Santa Cruz contin\u00faa reforzando la seguridad y los controles en esta capital\" src=\"data:image\/svg+xml;base64,PHN2ZyB3aWR0aD0iMSIgaGVpZ2h0PSIxIiB4bWxucz0iaHR0cDovL3d3dy53My5vcmcvMjAwMC9zdmciPjwvc3ZnPg==\" \/><\/figure>\n<p>Los controles vehiculares fueron efectuados en los Barrios \u201c2 de Abril\u201d, Gregores, 17 de Octubre y en la zona de chacras.<\/p>\n<p>Durante los mismos, el personal policial procedi\u00f3 al secuestro de dos veh\u00edculos por falta de documentaci\u00f3n y labraron 15 actas de infracci\u00f3n.<\/p>\n<figure class=\"ssi-inline-image my-3\"><img decoding=\"async\" class=\"img-fluid lazyload\" data-src=\"https:\/\/noticias.santacruz.gob.ar\/media\/ssigallery\/articulos\/26410\/inline\/WhatsApp_Image_2026-09-04_at_2.22.38_PM__7_.jpeg\" alt=\"La Polic\u00eda de Santa Cruz contin\u00faa reforzando la seguridad y los controles en esta capital\" src=\"data:image\/svg+xml;base64,PHN2ZyB3aWR0aD0iMSIgaGVpZ2h0PSIxIiB4bWxucz0iaHR0cDovL3d3dy53My5vcmcvMjAwMC9zdmciPjwvc3ZnPg==\" \/><\/figure>\n<p><strong>\u00a0<\/strong><\/p>\n<\/div>\n<\/div>\n<\/section>\n<aside class=\"ssi-block-side\">\n<aside class=\"a-gallery mt-2\">\n<div class=\"row g-3 ssigallery-frontend mt-3 row-cols-2 row-cols-sm-3 row-cols-md-3 row-cols-lg-4\">\n<div class=\"col-6 col-sm-4 col-md-4 col-lg-3 mt-0\"><a class=\"ssig-item\" href=\"https:\/\/noticias.santacruz.gob.ar\/media\/ssigallery\/articulos\/26410\/galeria\/WhatsApp_Image_2026-09-04_at_2.22.38_PM__10_.jpeg\" data-ssig=\"1\" data-caption=\"\" data-fancybox=\"ssigallery-article-26410\"><img decoding=\"async\" class=\"img-fluid rounded lazyload\" data-src=\"https:\/\/noticias.santacruz.gob.ar\/media\/ssigallery\/articulos\/26410\/galeria\/thumbs\/WhatsApp_Image_2026-09-04_at_2.22.38_PM__10_.jpeg\" alt=\"La Polic\u00eda de Santa Cruz contin\u00faa reforzando la seguridad y los controles en esta capital \" src=\"data:image\/svg+xml;base64,PHN2ZyB3aWR0aD0iMSIgaGVpZ2h0PSIxIiB4bWxucz0iaHR0cDovL3d3dy53My5vcmcvMjAwMC9zdmciPjwvc3ZnPg==\" \/><\/a><\/div>\n<div class=\"col-6 col-sm-4 col-md-4 col-lg-3 mt-0\"><a class=\"ssig-item\" href=\"https:\/\/noticias.santacruz.gob.ar\/media\/ssigallery\/articulos\/26410\/galeria\/WhatsApp_Image_2026-09-04_at_2.22.38_PM__1_.jpeg\" data-ssig=\"1\" data-caption=\"\" data-fancybox=\"ssigallery-article-26410\"><img decoding=\"async\" class=\"img-fluid rounded lazyload\" data-src=\"https:\/\/noticias.santacruz.gob.ar\/media\/ssigallery\/articulos\/26410\/galeria\/thumbs\/WhatsApp_Image_2026-09-04_at_2.22.38_PM__1_.jpeg\" alt=\"La Polic\u00eda de Santa Cruz contin\u00faa reforzando la seguridad y los controles en esta capital \" src=\"data:image\/svg+xml;base64,PHN2ZyB3aWR0aD0iMSIgaGVpZ2h0PSIxIiB4bWxucz0iaHR0cDovL3d3dy53My5vcmcvMjAwMC9zdmciPjwvc3ZnPg==\" \/><\/a><\/div>\n<\/div>\n<\/aside>\n<\/aside>\n<\/div>\n<\/div>\n","protected":false},"excerpt":{"rendered":"<p>04 de Septiembre 2026. En un operativo conjunto, la Superintendencia de Polic\u00eda Judicial e Investigaciones, llev\u00f3 adelante este jueves un<\/p>\n","protected":false},"author":8,"featured_media":48160,"comment_status":"open","ping_status":"closed","sticky":false,"template":"","format":"standard","meta":{"footnotes":""},"categories":[1096],"tags":[],"class_list":["post-48159","post","type-post","status-publish","format-standard","has-post-thumbnail","hentry","category-ministerio-de-seguridad"],"_links":{"self":[{"href":"https:\/\/ecosdelsur.com\/index.php?rest_route=\/wp\/v2\/posts\/48159","targetHints":{"allow":["GET"]}}],"collection":[{"href":"https:\/\/ecosdelsur.com\/index.php?rest_route=\/wp\/v2\/posts"}],"about":[{"href":"https:\/\/ecosdelsur.com\/index.php?rest_route=\/wp\/v2\/types\/post"}],"author":[{"embeddable":true,"href":"https:\/\/ecosdelsur.com\/index.php?rest_route=\/wp\/v2\/users\/8"}],"replies":[{"embeddable":true,"href":"https:\/\/ecosdelsur.com\/index.php?rest_route=%2Fwp%2Fv2%2Fcomments&post=48159"}],"version-history":[{"count":1,"href":"https:\/\/ecosdelsur.com\/index.php?rest_route=\/wp\/v2\/posts\/48159\/revisions"}],"predecessor-version":[{"id":48161,"href":"https:\/\/ecosdelsur.com\/index.php?rest_route=\/wp\/v2\/posts\/48159\/revisions\/48161"}],"wp:featuredmedia":[{"embeddable":true,"href":"https:\/\/ecosdelsur.com\/index.php?rest_route=\/wp\/v2\/media\/48160"}],"wp:attachment":[{"href":"https:\/\/ecosdelsur.com\/index.php?rest_route=%2Fwp%2Fv2%2Fmedia&parent=48159"}],"wp:term":[{"taxonomy":"category","embeddable":true,"href":"https:\/\/ecosdelsur.com\/index.php?rest_route=%2Fwp%2Fv2%2Fcategories&post=48159"},{"taxonomy":"post_tag","embeddable":true,"href":"https:\/\/ecosdelsur.com\/index.php?rest_route=%2Fwp%2Fv2%2Ftags&post=48159"}],"curies":[{"name":"wp","href":"https:\/\/api.w.org\/{rel}","templated":true}]}}