{"id":48153,"date":"2026-09-04T17:31:52","date_gmt":"2026-09-04T20:31:52","guid":{"rendered":"https:\/\/ecosdelsur.com\/?p=48153"},"modified":"2026-09-04T17:31:52","modified_gmt":"2026-09-04T20:31:52","slug":"santa-cruz-presente-en-la-xxxv-olimpiada-argentina-de-biologia","status":"publish","type":"post","link":"https:\/\/ecosdelsur.com\/?p=48153","title":{"rendered":"Santa Cruz presente en la XXXV Olimp\u00edada Argentina de Biolog\u00eda"},"content":{"rendered":"<p><span style=\"color: #ff0000;\">04 de Septiembre 2026. <\/span>El Consejo Provincial de Educaci\u00f3n potencia la participaci\u00f3n de las instituciones educativas santacruce\u00f1as en cert\u00e1menes del \u00e1mbito cient\u00edfico y pedag\u00f3gico.<\/p>\n<div class=\"redes mb-3\">\n<div class=\"d-flex flex-wrap justify-content-between align-items-center gap-3 my-2 mx-1\">\n<section class=\"ssi-block-main mb-5\">\n<div class=\"mb-2\">\n<div class=\"article-full\">\n<p>En esta oportunidad, estudiantes del Colegio Santa Cruz de R\u00edo Turbio formaron parte del Certamen \u2013 Nivel I de la XXXV Olimp\u00edada Argentina de Biolog\u00eda 2026, desarrollada en la modalidad de Sedes Virtuales.<\/p>\n<p>Representaron a la instituci\u00f3n las estudiantes\u00a0<strong>Maia Gonz\u00e1lez Cristaldo, Dylan Morales y Luisana Paredes,\u00a0<\/strong>junto a la docente de Biolog\u00eda,\u00a0<strong>Sabrina Carvalho<\/strong>. La delegaci\u00f3n sum\u00f3 su labor a la de establecimientos de\u00a0<strong>El Calafate y El Chalt\u00e9n<\/strong>, posicionando a\u00a0<strong>Santa Cruz<\/strong>\u00a0entre las jurisdicciones presentes en esta instancia nacional.<\/p>\n<h2>Formaci\u00f3n y pensamiento cr\u00edtico en las aulas<\/h2>\n<p>La participaci\u00f3n en\u00a0<strong>olimp\u00edadas cient\u00edficas<\/strong>\u00a0fomenta el desarrollo de competencias fundamentales, promoviendo el razonamiento l\u00f3gico, la resoluci\u00f3n de problemas y la investigaci\u00f3n en el \u00e1mbito escolar. &#8220;Este tipo de iniciativas\u00a0<strong>consolida los trayectos formativos de las y los j\u00f3venes<\/strong>, al tiempo que despierta vocaciones en \u00e1reas clave para el desarrollo provincial&#8221;, destacaron desde el colegio.<\/p>\n<h2>Integraci\u00f3n territorial y equidad educativa<\/h2>\n<p>A trav\u00e9s del trabajo coordinado con las distintas comunidades educativas, la cartera educativa provincial ratifica su compromiso de garantizar\u00a0<strong>el acceso equitativo a propuestas pedag\u00f3gicas<\/strong>\u00a0de alcance nacional. La presencia de escuelas de\u00a0<strong>R\u00edo Turbio, El Calafate y El Chalt\u00e9n<\/strong>\u00a0refleja una pol\u00edtica p\u00fablica orientada al fortalecimiento de la educaci\u00f3n integral en todo el territorio santacruce\u00f1o.<\/p>\n<h2>El rol docente como eje transformador<\/h2>\n<p>El Consejo Provincial de Educaci\u00f3n valora el acompa\u00f1amiento del cuerpo docente que resulta esencial para guiar y motivar a las delegaciones en cada etapa del proceso. La articulaci\u00f3n pedag\u00f3gica y el compromiso de los profesionales de la educaci\u00f3n aseguran que cada certamen se traduzca en una experiencia enriquecedora que fortalece la\u00a0<strong>ense\u00f1anza p\u00fablica de la provincia.<\/strong><\/p>\n<\/div>\n<\/div>\n<\/section>\n<aside class=\"ssi-block-side\">\n<aside class=\"a-gallery mt-2\">\n<div class=\"row g-3 ssigallery-frontend mt-3 row-cols-2 row-cols-sm-3 row-cols-md-3 row-cols-lg-4\">\n<div class=\"col-6 col-sm-4 col-md-4 col-lg-3 mt-0\"><a class=\"ssig-item\" href=\"https:\/\/noticias.santacruz.gob.ar\/media\/ssigallery\/articulos\/26406\/galeria\/260904-CERTAMEN_BIOLOG__A__2_.jpg\" data-ssig=\"1\" data-caption=\"\" data-fancybox=\"ssigallery-article-26406\"><img decoding=\"async\" class=\"img-fluid rounded lazyload\" data-src=\"https:\/\/noticias.santacruz.gob.ar\/media\/ssigallery\/articulos\/26406\/galeria\/thumbs\/260904-CERTAMEN_BIOLOG__A__2_.jpg\" alt=\"Santa Cruz presente en la XXXV Olimp\u00edada Argentina de Biolog\u00eda\" src=\"data:image\/svg+xml;base64,PHN2ZyB3aWR0aD0iMSIgaGVpZ2h0PSIxIiB4bWxucz0iaHR0cDovL3d3dy53My5vcmcvMjAwMC9zdmciPjwvc3ZnPg==\" \/><\/a><\/div>\n<div class=\"col-6 col-sm-4 col-md-4 col-lg-3 mt-0\"><a class=\"ssig-item\" href=\"https:\/\/noticias.santacruz.gob.ar\/media\/ssigallery\/articulos\/26406\/galeria\/260904-CERTAMEN_BIOLOG__A__3_.jpg\" data-ssig=\"1\" data-caption=\"\" data-fancybox=\"ssigallery-article-26406\"><img decoding=\"async\" class=\"img-fluid rounded lazyload\" data-src=\"https:\/\/noticias.santacruz.gob.ar\/media\/ssigallery\/articulos\/26406\/galeria\/thumbs\/260904-CERTAMEN_BIOLOG__A__3_.jpg\" alt=\"Santa Cruz presente en la XXXV Olimp\u00edada Argentina de Biolog\u00eda\" src=\"data:image\/svg+xml;base64,PHN2ZyB3aWR0aD0iMSIgaGVpZ2h0PSIxIiB4bWxucz0iaHR0cDovL3d3dy53My5vcmcvMjAwMC9zdmciPjwvc3ZnPg==\" \/><\/a><\/div>\n<\/div>\n<\/aside>\n<\/aside>\n<\/div>\n<\/div>\n","protected":false},"excerpt":{"rendered":"<p>04 de Septiembre 2026. El Consejo Provincial de Educaci\u00f3n potencia la participaci\u00f3n de las instituciones educativas santacruce\u00f1as en cert\u00e1menes del<\/p>\n","protected":false},"author":8,"featured_media":48154,"comment_status":"open","ping_status":"closed","sticky":false,"template":"","format":"standard","meta":{"footnotes":""},"categories":[89],"tags":[],"class_list":["post-48153","post","type-post","status-publish","format-standard","has-post-thumbnail","hentry","category-educacion"],"_links":{"self":[{"href":"https:\/\/ecosdelsur.com\/index.php?rest_route=\/wp\/v2\/posts\/48153","targetHints":{"allow":["GET"]}}],"collection":[{"href":"https:\/\/ecosdelsur.com\/index.php?rest_route=\/wp\/v2\/posts"}],"about":[{"href":"https:\/\/ecosdelsur.com\/index.php?rest_route=\/wp\/v2\/types\/post"}],"author":[{"embeddable":true,"href":"https:\/\/ecosdelsur.com\/index.php?rest_route=\/wp\/v2\/users\/8"}],"replies":[{"embeddable":true,"href":"https:\/\/ecosdelsur.com\/index.php?rest_route=%2Fwp%2Fv2%2Fcomments&post=48153"}],"version-history":[{"count":1,"href":"https:\/\/ecosdelsur.com\/index.php?rest_route=\/wp\/v2\/posts\/48153\/revisions"}],"predecessor-version":[{"id":48155,"href":"https:\/\/ecosdelsur.com\/index.php?rest_route=\/wp\/v2\/posts\/48153\/revisions\/48155"}],"wp:featuredmedia":[{"embeddable":true,"href":"https:\/\/ecosdelsur.com\/index.php?rest_route=\/wp\/v2\/media\/48154"}],"wp:attachment":[{"href":"https:\/\/ecosdelsur.com\/index.php?rest_route=%2Fwp%2Fv2%2Fmedia&parent=48153"}],"wp:term":[{"taxonomy":"category","embeddable":true,"href":"https:\/\/ecosdelsur.com\/index.php?rest_route=%2Fwp%2Fv2%2Fcategories&post=48153"},{"taxonomy":"post_tag","embeddable":true,"href":"https:\/\/ecosdelsur.com\/index.php?rest_route=%2Fwp%2Fv2%2Ftags&post=48153"}],"curies":[{"name":"wp","href":"https:\/\/api.w.org\/{rel}","templated":true}]}}