{"id":48150,"date":"2026-09-04T17:30:18","date_gmt":"2026-09-04T20:30:18","guid":{"rendered":"https:\/\/ecosdelsur.com\/?p=48150"},"modified":"2026-09-04T17:30:18","modified_gmt":"2026-09-04T20:30:18","slug":"el-stand-de-fomicruz-genero-interes-y-expectativas-en-el-argentina-mining-2026","status":"publish","type":"post","link":"https:\/\/ecosdelsur.com\/?p=48150","title":{"rendered":"El stand de Fomicruz gener\u00f3 inter\u00e9s y expectativas en el Argentina Mining 2026"},"content":{"rendered":"<p><span style=\"color: #ff0000;\">04 de Septiembre 2026. <span style=\"color: #333333;\">La provincia present\u00f3 su potencial geol\u00f3gico en Salta ante inversores internacionales durante cumbre del sector. En la \u00faltima jornada, abierta al p\u00fablico en general, el stand fue altamente visitado.<\/span><br \/>\n<\/span><\/p>\n<section class=\"ssi-block-main mb-5\">\n<div class=\"mb-2\">\n<div class=\"article-full\">\n<p>El presidente de FOMICRUZ S.E,\u00a0<strong>Fernando Ba\u00f1os<\/strong>, represent\u00f3 al Gobierno de la Provincia de Santa Cruz liderado por\u00a0<strong>Claudio Vidal<\/strong>\u00a0en la\u00a0<strong>Argentina Mining 2026<\/strong>\u00a0realizada en Salta. La gesti\u00f3n busca atraer capitales privados para reactivar la exploraci\u00f3n en m\u00e1s de 20 \u00e1reas.<\/p>\n<figure class=\"ssi-inline-image my-3\"><img decoding=\"async\" class=\"img-fluid lazyload\" data-src=\"https:\/\/noticias.santacruz.gob.ar\/media\/ssigallery\/articulos\/26409\/inline\/20260904_105054_0_.jpg.jpeg\" alt=\"El stand de Fomicruz gener\u00f3 inter\u00e9s y expectativas en el Argentina Mining 2026\" src=\"data:image\/svg+xml;base64,PHN2ZyB3aWR0aD0iMSIgaGVpZ2h0PSIxIiB4bWxucz0iaHR0cDovL3d3dy53My5vcmcvMjAwMC9zdmciPjwvc3ZnPg==\" \/><\/figure>\n<h2>Santa Cruz posiciona su potencial geol\u00f3gico<\/h2>\n<p>Durante la tercera jornada del encuentro minero, la comitiva provincial despleg\u00f3 una agenda t\u00e9cnica orientada a presentar las oportunidades geol\u00f3gicas de la provincia. La representaci\u00f3n institucional expuso las fortalezas operativas adquiridas en tres d\u00e9cadas de actividad ininterrumpida.<\/p>\n<p><strong>&#8220;Llevamos tres d\u00e9cadas avanzados por encima del resto y estamos apostando mucho a la exploraci\u00f3n y a la producci\u00f3n por indicaci\u00f3n del gobernador Claudio Vidal&#8221;<\/strong>, afirm\u00f3 Ba\u00f1os.<\/p>\n<p>En ese marco, el titular del organismo provincial remarc\u00f3 que el objetivo central es consolidar la llegada de capitales privados mediante esquemas de asociatividad.\u00a0<strong>&#8220;<\/strong>Ofrecemos un portafolio con m\u00e1s de 20 \u00e1reas ya exploradas para que los inversores vengan a asociarse con nosotros, replicando casos de \u00e9xito<strong>\u00a0<\/strong>como<strong>\u00a0Cerro Vanguardia y Cerro Moro&#8221;<\/strong>, detall\u00f3.<\/p>\n<h2>Plan intensivo de perforaci\u00f3n y desarrollo geol\u00f3gico<\/h2>\n<p>La estrategia oficial contempla un incremento sustancial de los metros perforados en el corto plazo. Las tareas operativas se concentrar\u00e1n en objetivos met\u00e1licos estrat\u00e9gicos y en la evaluaci\u00f3n del recurso uran\u00edfero disponible en el territorio santacruce\u00f1o.<\/p>\n<blockquote class=\"ssi-editorial-block ssi-quote ssi-quote-featured\"><p>&#8220;Para este a\u00f1o 2026, en los pr\u00f3ximos dos meses vamos a explorar 4.000 metros en nuestro buque insignia, el proyecto San Agust\u00edn, cifra clave si se considera que FOMICRUZ S.E,\u00a0explor\u00f3 20.000 metros en m\u00e1s de 30 a\u00f1os&#8221;, destac\u00f3 el funcionario.<\/p><\/blockquote>\n<p>A la par del proyecto central, la empresa estatal realiza estudios de mapeo geof\u00edsico en los bloques Argentina, Chicho y San Pedro. Asimismo, se ejecutan tareas de campo en las \u00e1reas Caballo Blanco y La Solita para evaluar dep\u00f3sitos de uranio, oro y plata en la formaci\u00f3n del\u00a0<strong>Macizo del Deseado<\/strong>.<\/p>\n<figure class=\"ssi-inline-image my-3\"><img decoding=\"async\" class=\"img-fluid lazyload\" data-src=\"https:\/\/noticias.santacruz.gob.ar\/media\/ssigallery\/articulos\/26409\/inline\/20260904_110616.jpg.jpeg\" alt=\"El stand de Fomicruz gener\u00f3 inter\u00e9s y expectativas en el Argentina Mining 2026\" src=\"data:image\/svg+xml;base64,PHN2ZyB3aWR0aD0iMSIgaGVpZ2h0PSIxIiB4bWxucz0iaHR0cDovL3d3dy53My5vcmcvMjAwMC9zdmciPjwvc3ZnPg==\" \/><\/figure>\n<h2>Transparencia de datos y liderazgo en exportaciones<\/h2>\n<p>Para facilitar las decisiones de inversi\u00f3n, la provincia implementar\u00e1 una plataforma digital orientada a la apertura total de los datos geol\u00f3gicos. Esta herramienta permitir\u00e1 a las compa\u00f1\u00edas interesadas acceder libremente a la informaci\u00f3n t\u00e9cnica de las distintas \u00e1reas operativas.<\/p>\n<p>&#8220;En las pr\u00f3ximas semanas lanzaremos la nueva p\u00e1gina web donde toda la informaci\u00f3n dura estar\u00e1 al servicio de la gente y de las empresas, no vamos a esconder nada&#8221;, sostuvo el titular de\u00a0<strong>FOMICRUZ S.E<\/strong>.<\/p>\n<p>El funcionario puso en relieve el peso de la actividad minera santacruce\u00f1a en la balanza comercial de la Rep\u00fablica Argentina.\u00a0<strong>&#8220;De cada diez d\u00f3lares exportados por la miner\u00eda nacional, Santa Cruz exporta cuatro; somos una provincia minera por excelencia&#8221;<\/strong>, concluy\u00f3.<\/p>\n<figure class=\"ssi-inline-image my-3\"><img decoding=\"async\" class=\"img-fluid lazyload\" data-src=\"https:\/\/noticias.santacruz.gob.ar\/media\/ssigallery\/articulos\/26409\/inline\/20260904_114544.jpg.jpeg\" alt=\"El stand de Fomicruz gener\u00f3 inter\u00e9s y expectativas en el Argentina Mining 2026\" src=\"data:image\/svg+xml;base64,PHN2ZyB3aWR0aD0iMSIgaGVpZ2h0PSIxIiB4bWxucz0iaHR0cDovL3d3dy53My5vcmcvMjAwMC9zdmciPjwvc3ZnPg==\" \/><\/figure>\n<h2>El inter\u00e9s del p\u00fablico<\/h2>\n<p>En los dos primeros d\u00edas de la Feria, la misma estuvo dedicada a charlas, encuentros y rondas de negocio. Pero este viernes, en lo que es la jornada de cierre, la apertura fue al p\u00fablico en general.<\/p>\n<p>Eso se observ\u00f3, claramente, en el caudal de visitantes que pasaron por el stand de Fomicruz en la\u00a0<strong>Argentina Minning 2026<\/strong>. \u201cEl inter\u00e9s por lo que hacemos en Santa Cruz, est\u00e1 muy claro\u201d, se\u00f1alaron desde la empresa minera.<\/p>\n<\/div>\n<\/div>\n<\/section>\n<aside class=\"ssi-block-side\">\n<aside class=\"a-gallery mt-2\">\n<div class=\"row g-3 ssigallery-frontend mt-3 row-cols-2 row-cols-sm-3 row-cols-md-3 row-cols-lg-4\">\n<div class=\"col-6 col-sm-4 col-md-4 col-lg-3 mt-0\"><a class=\"ssig-item\" href=\"https:\/\/noticias.santacruz.gob.ar\/media\/ssigallery\/articulos\/26409\/galeria\/20260904_105609.jpg.jpeg\" data-ssig=\"1\" data-caption=\"\" data-fancybox=\"ssigallery-article-26409\"><img decoding=\"async\" class=\"img-fluid rounded lazyload\" data-src=\"https:\/\/noticias.santacruz.gob.ar\/media\/ssigallery\/articulos\/26409\/galeria\/thumbs\/20260904_105609.jpg.jpeg\" alt=\"El stand de Fomicruz gener\u00f3 inter\u00e9s y expectativas en el Argentina Mining 2026 \" src=\"data:image\/svg+xml;base64,PHN2ZyB3aWR0aD0iMSIgaGVpZ2h0PSIxIiB4bWxucz0iaHR0cDovL3d3dy53My5vcmcvMjAwMC9zdmciPjwvc3ZnPg==\" \/><\/a><\/div>\n<div class=\"col-6 col-sm-4 col-md-4 col-lg-3 mt-0\"><a class=\"ssig-item\" href=\"https:\/\/noticias.santacruz.gob.ar\/media\/ssigallery\/articulos\/26409\/galeria\/20260904_110144.jpg.jpeg\" data-ssig=\"1\" data-caption=\"\" data-fancybox=\"ssigallery-article-26409\"><img decoding=\"async\" class=\"img-fluid rounded lazyload\" data-src=\"https:\/\/noticias.santacruz.gob.ar\/media\/ssigallery\/articulos\/26409\/galeria\/thumbs\/20260904_110144.jpg.jpeg\" alt=\"El stand de Fomicruz gener\u00f3 inter\u00e9s y expectativas en el Argentina Mining 2026 \" src=\"data:image\/svg+xml;base64,PHN2ZyB3aWR0aD0iMSIgaGVpZ2h0PSIxIiB4bWxucz0iaHR0cDovL3d3dy53My5vcmcvMjAwMC9zdmciPjwvc3ZnPg==\" \/><\/a><\/div>\n<\/div>\n<\/aside>\n<\/aside>\n","protected":false},"excerpt":{"rendered":"<p>04 de Septiembre 2026. La provincia present\u00f3 su potencial geol\u00f3gico en Salta ante inversores internacionales durante cumbre del sector. En<\/p>\n","protected":false},"author":8,"featured_media":48151,"comment_status":"open","ping_status":"closed","sticky":false,"template":"","format":"standard","meta":{"footnotes":""},"categories":[1094],"tags":[],"class_list":["post-48150","post","type-post","status-publish","format-standard","has-post-thumbnail","hentry","category-gobierno"],"_links":{"self":[{"href":"https:\/\/ecosdelsur.com\/index.php?rest_route=\/wp\/v2\/posts\/48150","targetHints":{"allow":["GET"]}}],"collection":[{"href":"https:\/\/ecosdelsur.com\/index.php?rest_route=\/wp\/v2\/posts"}],"about":[{"href":"https:\/\/ecosdelsur.com\/index.php?rest_route=\/wp\/v2\/types\/post"}],"author":[{"embeddable":true,"href":"https:\/\/ecosdelsur.com\/index.php?rest_route=\/wp\/v2\/users\/8"}],"replies":[{"embeddable":true,"href":"https:\/\/ecosdelsur.com\/index.php?rest_route=%2Fwp%2Fv2%2Fcomments&post=48150"}],"version-history":[{"count":1,"href":"https:\/\/ecosdelsur.com\/index.php?rest_route=\/wp\/v2\/posts\/48150\/revisions"}],"predecessor-version":[{"id":48152,"href":"https:\/\/ecosdelsur.com\/index.php?rest_route=\/wp\/v2\/posts\/48150\/revisions\/48152"}],"wp:featuredmedia":[{"embeddable":true,"href":"https:\/\/ecosdelsur.com\/index.php?rest_route=\/wp\/v2\/media\/48151"}],"wp:attachment":[{"href":"https:\/\/ecosdelsur.com\/index.php?rest_route=%2Fwp%2Fv2%2Fmedia&parent=48150"}],"wp:term":[{"taxonomy":"category","embeddable":true,"href":"https:\/\/ecosdelsur.com\/index.php?rest_route=%2Fwp%2Fv2%2Fcategories&post=48150"},{"taxonomy":"post_tag","embeddable":true,"href":"https:\/\/ecosdelsur.com\/index.php?rest_route=%2Fwp%2Fv2%2Ftags&post=48150"}],"curies":[{"name":"wp","href":"https:\/\/api.w.org\/{rel}","templated":true}]}}