{"id":48146,"date":"2026-09-04T13:22:27","date_gmt":"2026-09-04T16:22:27","guid":{"rendered":"https:\/\/ecosdelsur.com\/?p=48146"},"modified":"2026-09-04T13:22:27","modified_gmt":"2026-09-04T16:22:27","slug":"cientos-de-personas-recorren-el-stand-de-fomicruz-s-e-en-el-argentina-mining-norte-2026-que-se-desarrolla-en-salta","status":"publish","type":"post","link":"https:\/\/ecosdelsur.com\/?p=48146","title":{"rendered":"Cientos de personas recorren el stand de FOMICRUZ S.E. en el Argentina Mining Norte 2026 que se desarrolla en Salta"},"content":{"rendered":"<p><span style=\"color: #ff0000;\">04 de Septiembre 2026. <\/span>La Provincia realiza un importante despliegue para proyectar el potencial minero de Santa Cruz a nivel nacional e internacional. Hoy la comunidad, inversores y empresarios, recorren el stand pera conocer detalles de la actividad en la provincia.<\/p>\n<div class=\"redes mb-3\">\n<div class=\"d-flex flex-wrap justify-content-between align-items-center gap-3 my-2 mx-1\">\n<p>Con una activa participaci\u00f3n en el Centro de Convenciones de Salta, el Gobierno de Santa Cruz, presenta todo su potencial minero; el Plan de Exploraci\u00f3n que proyecta perforaciones r\u00e9cord para acelerar el desarrollo productivo provincial; y un stand que replica cada una de las acciones que concretan para fomentar y proyectar la actividad a nivel nacional e internacional.<\/p>\n<p>En ese marco, el presidente de FOMICRUZ S.E,\u00a0<strong>Fernando Ba\u00f1os<\/strong>, en representaci\u00f3n del Gobierno de Santa Cruz liderado por\u00a0<strong>Claudio Vidal,\u00a0<\/strong>encabez\u00f3 la comitiva provincial en la\u00a0<strong>Argentina Mining 2026<\/strong>\u00a0que se realiza en Salta. La misi\u00f3n encomendada a la comitiva santacruce\u00f1a, apunta a atraer capitales privados para reactivar la exploraci\u00f3n en m\u00e1s de 20 \u00e1reas.<\/p>\n<figure class=\"ssi-inline-image my-3\"><img decoding=\"async\" class=\"img-fluid lazyload\" data-src=\"https:\/\/noticias.santacruz.gob.ar\/media\/ssigallery\/articulos\/26404\/inline\/IMG-20260904-WA0020.jpg.jpeg\" alt=\"Cientos de personas recorren el stand de FOMICRUZ S.E. en el Argentina Mining Norte 2026 que se desarrolla en Salta\" src=\"data:image\/svg+xml;base64,PHN2ZyB3aWR0aD0iMSIgaGVpZ2h0PSIxIiB4bWxucz0iaHR0cDovL3d3dy53My5vcmcvMjAwMC9zdmciPjwvc3ZnPg==\" \/><\/figure>\n<h2>Santa Cruz posiciona su potencial geol\u00f3gico<\/h2>\n<p>Durante la tercera jornada del encuentro minero, la comitiva provincial despleg\u00f3 una agenda t\u00e9cnica orientada a presentar las oportunidades geol\u00f3gicas de la provincia. La representaci\u00f3n institucional expuso las fortalezas operativas adquiridas en tres d\u00e9cadas de actividad ininterrumpida.<\/p>\n<p><strong>&#8220;Llevamos tres d\u00e9cadas avanzados por encima del resto y estamos apostando mucho a la exploraci\u00f3n y a la producci\u00f3n por indicaci\u00f3n del gobernador Claudio Vidal&#8221;<\/strong>, afirm\u00f3 Ba\u00f1os.<\/p>\n<p>En ese marco, el titular del organismo provincial remarc\u00f3 que el objetivo central es consolidar la llegada de capitales privados mediante esquemas de asociatividad.\u00a0<strong>&#8220;<\/strong>Ofrecemos un portafolio con m\u00e1s de 20 \u00e1reas ya exploradas para que los inversores vengan a asociarse con nosotros, replicando casos de \u00e9xito<strong>\u00a0<\/strong>como<strong>\u00a0Cerro Vanguardia y Cerro Moro&#8221;<\/strong>, detall\u00f3.<\/p>\n<figure class=\"ssi-inline-image my-3\"><img decoding=\"async\" class=\"img-fluid lazyload\" data-src=\"https:\/\/noticias.santacruz.gob.ar\/media\/ssigallery\/articulos\/26404\/inline\/IMG-20260904-WA0022.jpg.jpeg\" alt=\"Cientos de personas recorren el stand de FOMICRUZ S.E. en el Argentina Mining Norte 2026 que se desarrolla en Salta\" src=\"data:image\/svg+xml;base64,PHN2ZyB3aWR0aD0iMSIgaGVpZ2h0PSIxIiB4bWxucz0iaHR0cDovL3d3dy53My5vcmcvMjAwMC9zdmciPjwvc3ZnPg==\" \/><\/figure>\n<h2>Plan intensivo de perforaci\u00f3n y desarrollo geol\u00f3gico<\/h2>\n<p>La estrategia oficial contempla un incremento sustancial de los metros perforados en el corto plazo. Las tareas operativas se concentrar\u00e1n en objetivos met\u00e1licos estrat\u00e9gicos y en la evaluaci\u00f3n del recurso uran\u00edfero disponible en el territorio santacruce\u00f1o.<\/p>\n<p><strong>&#8220;<\/strong>Para este a\u00f1o 2026, en los pr\u00f3ximos dos meses vamos a explorar 4.000 metros en nuestro buque insignia, el proyecto San Agust\u00edn, cifra clave si se considera que\u00a0<strong>FOMICRUZ S.E,\u00a0explor\u00f3 20.000 metros en m\u00e1s de 30 a\u00f1os&#8221;<\/strong>, destac\u00f3 el funcionario.<\/p>\n<p>A la par del proyecto central, la empresa estatal realiza estudios de mapeo geof\u00edsico en los bloques Argentina, Chicho y San Pedro. Asimismo, se ejecutan tareas de campo en las \u00e1reas Caballo Blanco y La Solita para evaluar dep\u00f3sitos de uranio, oro y plata en la formaci\u00f3n del\u00a0<strong>Macizo del Deseado<\/strong>.<\/p>\n<figure class=\"ssi-inline-image my-3\"><img decoding=\"async\" class=\"img-fluid lazyload\" data-src=\"https:\/\/noticias.santacruz.gob.ar\/media\/ssigallery\/articulos\/26404\/inline\/IMG-20260904-WA0023.jpg.jpeg\" alt=\"Cientos de personas recorren el stand de FOMICRUZ S.E. en el Argentina Mining Norte 2026 que se desarrolla en Salta\" src=\"data:image\/svg+xml;base64,PHN2ZyB3aWR0aD0iMSIgaGVpZ2h0PSIxIiB4bWxucz0iaHR0cDovL3d3dy53My5vcmcvMjAwMC9zdmciPjwvc3ZnPg==\" \/><\/figure>\n<h2>Transparencia de datos y liderazgo en exportaciones<\/h2>\n<p>Para facilitar las decisiones de inversi\u00f3n, la provincia implementar\u00e1 una plataforma digital orientada a la apertura total de los datos geol\u00f3gicos. Esta herramienta permitir\u00e1 a las compa\u00f1\u00edas interesadas acceder libremente a la informaci\u00f3n t\u00e9cnica de las distintas \u00e1reas operativas.<\/p>\n<p>&#8220;En las pr\u00f3ximas semanas lanzaremos la nueva p\u00e1gina web donde toda la informaci\u00f3n dura estar\u00e1 al servicio de la gente y de las empresas, no vamos a esconder nada&#8221;, sostuvo el titular de FOMICRUZ S.E.<\/p>\n<p>Por \u00faltimo, el funcionario puso en relieve el peso de la actividad minera santacruce\u00f1a en la balanza comercial de la Rep\u00fablica Argentina.\u00a0<strong>&#8220;De cada diez d\u00f3lares exportados por la miner\u00eda nacional, Santa Cruz exporta cuatro; somos una provincia minera por excelencia&#8221;<\/strong>, concluy\u00f3.<\/p>\n<\/div>\n<\/div>\n","protected":false},"excerpt":{"rendered":"<p>04 de Septiembre 2026. La Provincia realiza un importante despliegue para proyectar el potencial minero de Santa Cruz a nivel<\/p>\n","protected":false},"author":8,"featured_media":48147,"comment_status":"open","ping_status":"closed","sticky":false,"template":"","format":"standard","meta":{"footnotes":""},"categories":[1094],"tags":[],"class_list":["post-48146","post","type-post","status-publish","format-standard","has-post-thumbnail","hentry","category-gobierno"],"_links":{"self":[{"href":"https:\/\/ecosdelsur.com\/index.php?rest_route=\/wp\/v2\/posts\/48146","targetHints":{"allow":["GET"]}}],"collection":[{"href":"https:\/\/ecosdelsur.com\/index.php?rest_route=\/wp\/v2\/posts"}],"about":[{"href":"https:\/\/ecosdelsur.com\/index.php?rest_route=\/wp\/v2\/types\/post"}],"author":[{"embeddable":true,"href":"https:\/\/ecosdelsur.com\/index.php?rest_route=\/wp\/v2\/users\/8"}],"replies":[{"embeddable":true,"href":"https:\/\/ecosdelsur.com\/index.php?rest_route=%2Fwp%2Fv2%2Fcomments&post=48146"}],"version-history":[{"count":1,"href":"https:\/\/ecosdelsur.com\/index.php?rest_route=\/wp\/v2\/posts\/48146\/revisions"}],"predecessor-version":[{"id":48148,"href":"https:\/\/ecosdelsur.com\/index.php?rest_route=\/wp\/v2\/posts\/48146\/revisions\/48148"}],"wp:featuredmedia":[{"embeddable":true,"href":"https:\/\/ecosdelsur.com\/index.php?rest_route=\/wp\/v2\/media\/48147"}],"wp:attachment":[{"href":"https:\/\/ecosdelsur.com\/index.php?rest_route=%2Fwp%2Fv2%2Fmedia&parent=48146"}],"wp:term":[{"taxonomy":"category","embeddable":true,"href":"https:\/\/ecosdelsur.com\/index.php?rest_route=%2Fwp%2Fv2%2Fcategories&post=48146"},{"taxonomy":"post_tag","embeddable":true,"href":"https:\/\/ecosdelsur.com\/index.php?rest_route=%2Fwp%2Fv2%2Ftags&post=48146"}],"curies":[{"name":"wp","href":"https:\/\/api.w.org\/{rel}","templated":true}]}}