{"id":48141,"date":"2026-09-04T13:10:29","date_gmt":"2026-09-04T16:10:29","guid":{"rendered":"https:\/\/ecosdelsur.com\/?p=48141"},"modified":"2026-09-04T13:24:14","modified_gmt":"2026-09-04T16:24:14","slug":"roxana-reyes-desde-rio-gallegos-santa-cruz-no-indica-cual-es-el-rumbo-y-se-esta-sufriendo-muchisimo-la-perdida-de-trabajo","status":"publish","type":"post","link":"https:\/\/ecosdelsur.com\/?p=48141","title":{"rendered":"Roxana Reyes desde R\u00edo Gallegos: &#8220;Santa Cruz no indica cu\u00e1l es el rumbo y se est\u00e1 sufriendo much\u00edsimo la p\u00e9rdida de trabajo"},"content":{"rendered":"<hr \/>\n<p><span style=\"font-weight: 400;\"><span style=\"color: #ff0000;\">04 de Septiembre 2026. <\/span><em>En di\u00e1logo directo con la radio de Ecos del Sur, desde la capital provincial, la referente de la Fundaci\u00f3n Sur y de la UCR analiz\u00f3 la situaci\u00f3n econ\u00f3mica de la provincia, critic\u00f3 duramente el funcionamiento de la empresa estatal &#8220;Santa Cruz Puede&#8221;, respald\u00f3 la postura de Javier Milei sobre Malvinas y habl\u00f3 sobre los escenarios pol\u00edticos de cara al 2027.<\/em><\/span><\/p>\n<p><span style=\"font-weight: 400;\">En un enlace directo con los estudios radiales de Caleta Olivia, la referente de la Fundaci\u00f3n Sur y de la UCR, <\/span><b>Roxana Reyes<\/b><span style=\"font-weight: 400;\">, brind\u00f3 desde R\u00edo Gallegos un exhaustivo an\u00e1lisis sobre la realidad pol\u00edtica, institucional y econ\u00f3mica que atraviesa la provincia de Santa Cruz.<\/span><\/p>\n<h3><b>&#8220;Hay un serio problema de rumbo&#8221;<\/b><\/h3>\n<p><span style=\"font-weight: 400;\">Al ser consultada sobre su visi\u00f3n actual del territorio provincial, Reyes advirti\u00f3 sobre la falta de previsibilidad y el impacto en el sector privado y productivo:<\/span><\/p>\n<p><b><i>&#8220;Es una provincia con serios problemas, fundamentalmente un problema de rumbo. No se nos indica qui\u00e9n conduce el gobierno provincial, cu\u00e1l es el rumbo, y as\u00ed es muy dif\u00edcil ver un horizonte claro&#8221;<\/i><\/b><i><span style=\"font-weight: 400;\">, remarc\u00f3 Reyes.<\/span><\/i><\/p>\n<p><span style=\"font-weight: 400;\">Asimismo, hizo hincapi\u00e9 en la crisis del comercio y el empleo: <\/span><b>&#8220;Se est\u00e1 sufriendo much\u00edsimo la p\u00e9rdida de trabajo. Los comercios cierran diariamente en las distintas ciudades, con p\u00e9rdidas de a\u00f1os de esfuerzo de pymes y comerciantes, adem\u00e1s de la p\u00e9rdida de fuentes de trabajo en el sector petrolero&#8221;<\/b><span style=\"font-weight: 400;\">. Seg\u00fan indic\u00f3, esta situaci\u00f3n no se replica con la misma gravedad en otras provincias del pa\u00eds.<\/span><\/p>\n<h3><b>Fuertes cr\u00edticas a la empresa estatal &#8220;Santa Cruz Puede&#8221;<\/b><\/h3>\n<p><span style=\"font-weight: 400;\">Uno de los puntos m\u00e1s cr\u00edticos de la entrevista fue el an\u00e1lisis sobre el rol de la empresa provincial <\/span><i><span style=\"font-weight: 400;\">Santa Cruz Puede<\/span><\/i><span style=\"font-weight: 400;\">, conducida por el exmilitar S\u00edbori.<\/span><\/p>\n<p><span style=\"font-weight: 400;\">Reyes se\u00f1al\u00f3 que este tipo de iniciativas atentan contra la llegada de inversiones privadas:<\/span><\/p>\n<p><b><i>&#8220;\u00bfC\u00f3mo vamos a ofrecer Santa Cruz a distintas inversiones si hay una empresa del Estado donde su presidente se sienta en las reuniones de gabinete con el gobernador? El comerciante o el pyme no tiene la posibilidad de competir porque ellos manejan informaci\u00f3n privilegiada&#8221;<\/i><\/b><i><span style=\"font-weight: 400;\">, denunci\u00f3.<\/span><\/i><\/p>\n<p><span style=\"font-weight: 400;\">Adem\u00e1s, expuso supuestas irregularidades administrativas basadas en informes del Tribunal de Cuentas:<\/span><\/p>\n<ul>\n<li style=\"font-weight: 400;\" aria-level=\"1\"><b>Competencia desleal:<\/b><span style=\"font-weight: 400;\"> &#8220;Est\u00e1 inscripta en 60 actividades como proveedora del Estado sin estar habilitada, vendiendo verduras, haciendo aberturas o tareas de limpieza&#8221;.<\/span><\/li>\n<li style=\"font-weight: 400;\" aria-level=\"1\"><b>Falta de transparencia:<\/b><span style=\"font-weight: 400;\"> &#8220;El Tribunal de Cuentas indic\u00f3 que no emite \u00f3rdenes de compra, no tiene registro de proveedores, le compra a no residentes y no consta la recepci\u00f3n de mercader\u00edas&#8221;.<\/span><\/li>\n<li style=\"font-weight: 400;\" aria-level=\"1\"><b>Impacto regional:<\/b><span style=\"font-weight: 400;\"> &#8220;Todo esto genera que quien quiera invertir se vaya a Neuqu\u00e9n, Chubut o Mendoza&#8221;.<\/span><\/li>\n<\/ul>\n<h3><b>Causa Malvinas y postura firme sobre la soberan\u00eda<\/b><\/h3>\n<p><span style=\"font-weight: 400;\">Durante la entrevista, se abord\u00f3 la reciente cadena nacional del presidente Javier Milei sobre la cuesti\u00f3n Malvinas. Al respecto, Reyes valor\u00f3 el mensaje del mandatario nacional:<\/span><\/p>\n<p><b><i>&#8220;Para Santa Cruz y la Patagonia es estrat\u00e9gico que cualquier presidente tenga una mirada de soberan\u00eda, cuidado de nuestros recursos y presencia territorial&#8221;<\/i><\/b><i><span style=\"font-weight: 400;\">, afirm\u00f3.<\/span><\/i><\/p>\n<p><span style=\"font-weight: 400;\">Destac\u00f3 adem\u00e1s las advertencias respecto a la explotaci\u00f3n ilegal de recursos en las islas: <\/span><b>&#8220;El presidente dej\u00f3 en claro que quienes realicen explotaci\u00f3n ilegal de hidrocarburos en Malvinas no van a tener apoyo territorial en la Argentina, ni en Vaca Muerta ni en Neuqu\u00e9n, y ser\u00e1n sancionados. Reforzar la presencia a trav\u00e9s de una base naval y mirar hacia el sur me parece excelente&#8221;<\/b><span style=\"font-weight: 400;\">.<\/span><\/p>\n<h3><b>Rumores electorales, reglas de juego y el escenario 2027<\/b><\/h3>\n<p><span style=\"font-weight: 400;\">Frente a las versiones que la vinculan con Jairo Guzm\u00e1n o un acercamiento hacia La Libertad Avanza de cara a los pr\u00f3ximos comicios, Reyes se mostr\u00f3 cauta y remarc\u00f3 la importancia de discutir propuestas antes que candidaturas:<\/span><\/p>\n<ul>\n<li style=\"font-weight: 400;\" aria-level=\"1\"><b>Falta de plan e institucionalidad:<\/b><span style=\"font-weight: 400;\"> Critic\u00f3 al gobernador por hablar de reelecci\u00f3n sin mostrar un plan de gobierno y acus\u00f3 al Ejecutivo de &#8220;guardar la ley electoral bajo siete llaves&#8221; para especular con las reglas de juego.<\/span><\/li>\n<li style=\"font-weight: 400;\" aria-level=\"1\"><b>Debate interno en la UCR:<\/b><span style=\"font-weight: 400;\"> &#8220;Tengo un partido pol\u00edtico con una convenci\u00f3n donde se debatir\u00e1 hacia d\u00f3nde debe ir Santa Cruz: si hacia un modelo como el de Formosa o hacia uno de desarrollo como Mendoza o Jujuy&#8221;.<\/span><\/li>\n<li style=\"font-weight: 400;\" aria-level=\"1\"><b>Coincidencias ideol\u00f3gicas:<\/b> <b>&#8220;En lo personal, estoy en las ant\u00edpodas de Vidal, Grasso o el kirchnerismo. Tengo una mirada m\u00e1s cercana a La Libertad Avanza que al modelo actual de la provincia&#8221;<\/b><span style=\"font-weight: 400;\">, sintetiz\u00f3.<\/span><\/li>\n<\/ul>\n<h3><b>Sin certezas sobre las denuncias de espionaje<\/b><\/h3>\n<p><span style=\"font-weight: 400;\">Por \u00faltimo, consultada sobre las denuncias p\u00fablicas de supuesto espionaje al jefe de gabinete provincial, concluy\u00f3: <\/span><b>&#8220;No hay nada formal ni judicializado con pruebas concretas. En una provincia con la institucionalidad tan debilitada se puede esperar cualquier cosa, pero necesitamos hechos y pruebas, no solo declaraciones medi\u00e1ticas que quedan en la nada&#8221;<\/b><span style=\"font-weight: 400;\">.<\/span><\/p>\n","protected":false},"excerpt":{"rendered":"<p>04 de Septiembre 2026. En di\u00e1logo directo con la radio de Ecos del Sur, desde la capital provincial, la referente<\/p>\n","protected":false},"author":8,"featured_media":48145,"comment_status":"open","ping_status":"closed","sticky":false,"template":"","format":"standard","meta":{"footnotes":""},"categories":[33],"tags":[],"class_list":["post-48141","post","type-post","status-publish","format-standard","has-post-thumbnail","hentry","category-politica"],"_links":{"self":[{"href":"https:\/\/ecosdelsur.com\/index.php?rest_route=\/wp\/v2\/posts\/48141","targetHints":{"allow":["GET"]}}],"collection":[{"href":"https:\/\/ecosdelsur.com\/index.php?rest_route=\/wp\/v2\/posts"}],"about":[{"href":"https:\/\/ecosdelsur.com\/index.php?rest_route=\/wp\/v2\/types\/post"}],"author":[{"embeddable":true,"href":"https:\/\/ecosdelsur.com\/index.php?rest_route=\/wp\/v2\/users\/8"}],"replies":[{"embeddable":true,"href":"https:\/\/ecosdelsur.com\/index.php?rest_route=%2Fwp%2Fv2%2Fcomments&post=48141"}],"version-history":[{"count":2,"href":"https:\/\/ecosdelsur.com\/index.php?rest_route=\/wp\/v2\/posts\/48141\/revisions"}],"predecessor-version":[{"id":48149,"href":"https:\/\/ecosdelsur.com\/index.php?rest_route=\/wp\/v2\/posts\/48141\/revisions\/48149"}],"wp:featuredmedia":[{"embeddable":true,"href":"https:\/\/ecosdelsur.com\/index.php?rest_route=\/wp\/v2\/media\/48145"}],"wp:attachment":[{"href":"https:\/\/ecosdelsur.com\/index.php?rest_route=%2Fwp%2Fv2%2Fmedia&parent=48141"}],"wp:term":[{"taxonomy":"category","embeddable":true,"href":"https:\/\/ecosdelsur.com\/index.php?rest_route=%2Fwp%2Fv2%2Fcategories&post=48141"},{"taxonomy":"post_tag","embeddable":true,"href":"https:\/\/ecosdelsur.com\/index.php?rest_route=%2Fwp%2Fv2%2Ftags&post=48141"}],"curies":[{"name":"wp","href":"https:\/\/api.w.org\/{rel}","templated":true}]}}