{"id":48138,"date":"2026-09-04T12:49:41","date_gmt":"2026-09-04T15:49:41","guid":{"rendered":"https:\/\/ecosdelsur.com\/?p=48138"},"modified":"2026-09-04T12:49:41","modified_gmt":"2026-09-04T15:49:41","slug":"el-municipio-puso-en-valor-el-aporte-de-las-comunidades-inmigrantes","status":"publish","type":"post","link":"https:\/\/ecosdelsur.com\/?p=48138","title":{"rendered":"El Municipio puso en valor el aporte de las comunidades inmigrantes"},"content":{"rendered":"<p><span style=\"color: #ff0000;\">04 de Septiembre 2026. <\/span>En el marco del D\u00eda del Inmigrante que tiene lugar cada 4 de septiembre, la Municipalidad de Caleta Olivia a trav\u00e9s de la Secretar\u00eda de Cultura, Deportes y Juventud, realiz\u00f3 una breve ceremonia poniendo en valor el aporte de las distintas comunidades a la identidad local.<\/p>\n<figure class=\"wp-block-image size-large\"><img decoding=\"async\" class=\"wp-image-21926 lazyload\" data-src=\"https:\/\/caletaolivia.gov.ar\/wp-content\/uploads\/2026\/09\/WhatsApp-Image-2026-09-04-at-10.44-1-1024x576.jpeg\" data-sizes=\"(max-width: 1024px) 100vw, 1024px\" data-srcset=\"https:\/\/caletaolivia.gov.ar\/wp-content\/uploads\/2026\/09\/WhatsApp-Image-2026-09-04-at-10.44-1-1024x576.jpeg 1024w, https:\/\/caletaolivia.gov.ar\/wp-content\/uploads\/2026\/09\/WhatsApp-Image-2026-09-04-at-10.44-1-300x169.jpeg 300w, https:\/\/caletaolivia.gov.ar\/wp-content\/uploads\/2026\/09\/WhatsApp-Image-2026-09-04-at-10.44-1-768x432.jpeg 768w, https:\/\/caletaolivia.gov.ar\/wp-content\/uploads\/2026\/09\/WhatsApp-Image-2026-09-04-at-10.44-1.jpeg 1280w\" alt=\"\" width=\"1024\" height=\"576\" src=\"data:image\/svg+xml;base64,PHN2ZyB3aWR0aD0iMSIgaGVpZ2h0PSIxIiB4bWxucz0iaHR0cDovL3d3dy53My5vcmcvMjAwMC9zdmciPjwvc3ZnPg==\" style=\"--smush-placeholder-width: 1024px; --smush-placeholder-aspect-ratio: 1024\/576;\" \/><\/figure>\n<p>Durante el encuentro, el jefe de Gabinete, Mariano Mazzaglia, destac\u00f3 la importancia de acompa\u00f1ar esta fecha, resaltando que \u201choy somos el resultado de todas esas comunidades que han llegado a nuestro pa\u00eds\u201d.<\/p>\n<p>En este sentido, destac\u00f3 el aporte de quienes arribaron desde distintos puntos al pa\u00eds y particularmente a nuestra ciudad. \u201cPoder acompa\u00f1arlos, reconocerlos tambi\u00e9n como hijos de diferentes nacionalidades y que en el d\u00eda de hoy puedan compartirnos o darnos a conocer mucho de su cultura y tradiciones es parte de la construcci\u00f3n de nuestra localidad\u201d, expres\u00f3.<\/p>\n<figure class=\"wp-block-image size-large\"><img decoding=\"async\" class=\"wp-image-21924 lazyload\" data-src=\"https:\/\/caletaolivia.gov.ar\/wp-content\/uploads\/2026\/09\/WhatsApp-Image-2026-09-04-at-10.44.48-2-1024x576.jpeg\" data-sizes=\"(max-width: 1024px) 100vw, 1024px\" data-srcset=\"https:\/\/caletaolivia.gov.ar\/wp-content\/uploads\/2026\/09\/WhatsApp-Image-2026-09-04-at-10.44.48-2-1024x576.jpeg 1024w, https:\/\/caletaolivia.gov.ar\/wp-content\/uploads\/2026\/09\/WhatsApp-Image-2026-09-04-at-10.44.48-2-300x169.jpeg 300w, https:\/\/caletaolivia.gov.ar\/wp-content\/uploads\/2026\/09\/WhatsApp-Image-2026-09-04-at-10.44.48-2-768x432.jpeg 768w, https:\/\/caletaolivia.gov.ar\/wp-content\/uploads\/2026\/09\/WhatsApp-Image-2026-09-04-at-10.44.48-2.jpeg 1280w\" alt=\"\" width=\"1024\" height=\"576\" src=\"data:image\/svg+xml;base64,PHN2ZyB3aWR0aD0iMSIgaGVpZ2h0PSIxIiB4bWxucz0iaHR0cDovL3d3dy53My5vcmcvMjAwMC9zdmciPjwvc3ZnPg==\" style=\"--smush-placeholder-width: 1024px; --smush-placeholder-aspect-ratio: 1024\/576;\" \/><\/figure>\n<p>Por su parte, la coordinadora de Pol\u00edticas Interculturales, Sara Miranda, se\u00f1al\u00f3 que se trata de un acto muy importante que surgi\u00f3 de las propias comunidades, con el objetivo de reconocer a quienes contribuyeron al crecimiento de la ciudad y fortalecer el intercambio cultural.<\/p>\n<figure class=\"wp-block-image size-large\"><img decoding=\"async\" class=\"wp-image-21923 lazyload\" data-src=\"https:\/\/caletaolivia.gov.ar\/wp-content\/uploads\/2026\/09\/WhatsApp-Image-2026-09-04-at-10.44.48-1-1024x576.jpeg\" data-sizes=\"(max-width: 1024px) 100vw, 1024px\" data-srcset=\"https:\/\/caletaolivia.gov.ar\/wp-content\/uploads\/2026\/09\/WhatsApp-Image-2026-09-04-at-10.44.48-1-1024x576.jpeg 1024w, https:\/\/caletaolivia.gov.ar\/wp-content\/uploads\/2026\/09\/WhatsApp-Image-2026-09-04-at-10.44.48-1-300x169.jpeg 300w, https:\/\/caletaolivia.gov.ar\/wp-content\/uploads\/2026\/09\/WhatsApp-Image-2026-09-04-at-10.44.48-1-768x432.jpeg 768w, https:\/\/caletaolivia.gov.ar\/wp-content\/uploads\/2026\/09\/WhatsApp-Image-2026-09-04-at-10.44.48-1.jpeg 1280w\" alt=\"\" width=\"1024\" height=\"576\" src=\"data:image\/svg+xml;base64,PHN2ZyB3aWR0aD0iMSIgaGVpZ2h0PSIxIiB4bWxucz0iaHR0cDovL3d3dy53My5vcmcvMjAwMC9zdmciPjwvc3ZnPg==\" style=\"--smush-placeholder-width: 1024px; --smush-placeholder-aspect-ratio: 1024\/576;\" \/><\/figure>\n<p>Finalmente, sostuvo que esta conmemoraci\u00f3n es la antesala del Festival del Inmigrante que tendr\u00e1 lugar hoy viernes de 18:00 a 00:00 horas con entrada gratuita en el gimnasio municipal \u201cEnrique Mosconi\u201d, reuniendo a distintas colectividades con propuestas gastron\u00f3micas, danzas y expresiones culturales que reflejar\u00e1n la diversidad de la comunidad.<\/p>\n","protected":false},"excerpt":{"rendered":"<p>04 de Septiembre 2026. En el marco del D\u00eda del Inmigrante que tiene lugar cada 4 de septiembre, la Municipalidad<\/p>\n","protected":false},"author":8,"featured_media":48139,"comment_status":"open","ping_status":"closed","sticky":false,"template":"","format":"standard","meta":{"footnotes":""},"categories":[1185],"tags":[],"class_list":["post-48138","post","type-post","status-publish","format-standard","has-post-thumbnail","hentry","category-comunicaciones-y-medios"],"_links":{"self":[{"href":"https:\/\/ecosdelsur.com\/index.php?rest_route=\/wp\/v2\/posts\/48138","targetHints":{"allow":["GET"]}}],"collection":[{"href":"https:\/\/ecosdelsur.com\/index.php?rest_route=\/wp\/v2\/posts"}],"about":[{"href":"https:\/\/ecosdelsur.com\/index.php?rest_route=\/wp\/v2\/types\/post"}],"author":[{"embeddable":true,"href":"https:\/\/ecosdelsur.com\/index.php?rest_route=\/wp\/v2\/users\/8"}],"replies":[{"embeddable":true,"href":"https:\/\/ecosdelsur.com\/index.php?rest_route=%2Fwp%2Fv2%2Fcomments&post=48138"}],"version-history":[{"count":1,"href":"https:\/\/ecosdelsur.com\/index.php?rest_route=\/wp\/v2\/posts\/48138\/revisions"}],"predecessor-version":[{"id":48140,"href":"https:\/\/ecosdelsur.com\/index.php?rest_route=\/wp\/v2\/posts\/48138\/revisions\/48140"}],"wp:featuredmedia":[{"embeddable":true,"href":"https:\/\/ecosdelsur.com\/index.php?rest_route=\/wp\/v2\/media\/48139"}],"wp:attachment":[{"href":"https:\/\/ecosdelsur.com\/index.php?rest_route=%2Fwp%2Fv2%2Fmedia&parent=48138"}],"wp:term":[{"taxonomy":"category","embeddable":true,"href":"https:\/\/ecosdelsur.com\/index.php?rest_route=%2Fwp%2Fv2%2Fcategories&post=48138"},{"taxonomy":"post_tag","embeddable":true,"href":"https:\/\/ecosdelsur.com\/index.php?rest_route=%2Fwp%2Fv2%2Ftags&post=48138"}],"curies":[{"name":"wp","href":"https:\/\/api.w.org\/{rel}","templated":true}]}}