{"id":48131,"date":"2026-09-04T12:46:27","date_gmt":"2026-09-04T15:46:27","guid":{"rendered":"https:\/\/ecosdelsur.com\/?p=48131"},"modified":"2026-09-04T12:46:27","modified_gmt":"2026-09-04T15:46:27","slug":"la-provincia-participo-del-foro-de-minerales-criticos-entre-argentina-y-estados-unidos","status":"publish","type":"post","link":"https:\/\/ecosdelsur.com\/?p=48131","title":{"rendered":"La Provincia particip\u00f3 del Foro de Minerales Cr\u00edticos entre Argentina y Estados Unidos"},"content":{"rendered":"<p><span style=\"color: #ff0000;\">04 de Septiembre 2026. <\/span>El encuentro tuvo como objetivo analizar oportunidades de inversi\u00f3n y desarrollo, para Santa Cruz, vinculadas a los minerales cr\u00edticos en Argentina.<\/p>\n<div class=\"redes mb-3\">\n<div class=\"d-flex flex-wrap justify-content-between align-items-center gap-3 my-2 mx-1\">\n<p>Autoridades del\u00a0<strong>Gobierno de Santa Cruz<\/strong>\u00a0participaron este jueves del\u00a0<strong>\u201cU.S.-Argentina Critical Minerals Forum\u201d<\/strong>, desarrollado en la Ciudad de Buenos Aires, que reuni\u00f3 a representantes de los gobiernos de Argentina y Estados Unidos, gobernadores, directivos de empresas y referentes del sector financiero. Por Santa Cruz particip\u00f3 la secretaria de Estado de Miner\u00eda,\u00a0<strong>Paola Pavanello<\/strong>.<\/p>\n<figure class=\"ssi-inline-image my-3\"><img decoding=\"async\" class=\"img-fluid lazyload\" data-src=\"https:\/\/noticias.santacruz.gob.ar\/media\/ssigallery\/articulos\/26400\/inline\/SANTA_CRUZ_EN_FORO_MINERALES_CR__TICOS___.jpg\" alt=\"La secretaria de Estado de Miner\u00eda, Paola Pavanello, junto a sus pares de Tucum\u00e1n y Buenos Aires.\" src=\"data:image\/svg+xml;base64,PHN2ZyB3aWR0aD0iMSIgaGVpZ2h0PSIxIiB4bWxucz0iaHR0cDovL3d3dy53My5vcmcvMjAwMC9zdmciPjwvc3ZnPg==\" \/><figcaption class=\"small text-muted mt-1\">La secretaria de Estado de Miner\u00eda, Paola Pavanello, junto a sus pares de Tucum\u00e1n y Buenos Aires.<\/figcaption><\/figure>\n<p>El Foro, fue organizado por la\u00a0<strong>C\u00e1mara de Comercio de Estados Unidos y Amcham Argentina<\/strong>, con el objetivo de promover una asociaci\u00f3n bilateral orientada al desarrollo de los minerales cr\u00edticos, la infraestructura, las cadenas de valor y el financiamiento de nuevos proyectos.<\/p>\n<blockquote class=\"ssi-editorial-block ssi-quote ssi-quote-featured\"><p>En este marco, la secretaria de Estado de Miner\u00eda, destac\u00f3 el potencial de Santa Cruz para integrarse a las nuevas cadenas de suministro. \u201cSanta Cruz puede contribuir a construir una cadena de suministro de minerales cr\u00edticos m\u00e1s diversificada, segura y responsable, y estamos preparados para ser parte de esa nueva cadena de valor entre Argentina, Estados Unidos y el mundo\u201d, se\u00f1al\u00f3.<\/p><\/blockquote>\n<p>Asimismo, remarc\u00f3 la importancia de que el desarrollo de nuevos proyectos se traduzca en oportunidades concretas para la provincia:\u00a0<strong>\u201cQueremos inversiones que incorporen tecnolog\u00eda, generen empleo y desarrollen proveedores locales<\/strong>. Santa Cruz tiene recursos, experiencia minera y una enorme oportunidad de crecimiento\u201d.<\/p>\n<p>Cabe destacar que, en la provincia hay actualmente proyectos que se encuentran en etapa exploratoria, en el\u00a0<strong>Macizo del Deseado<\/strong>, los que vienen teniendo resultados positivos en\u00a0<strong>uranio y vanadio<\/strong>, adem\u00e1s de concentraciones significativas de tierras raras.<\/p>\n<figure class=\"ssi-inline-image my-3\"><img decoding=\"async\" class=\"img-fluid lazyload\" data-src=\"https:\/\/noticias.santacruz.gob.ar\/media\/ssigallery\/articulos\/26400\/inline\/SANTA_CRUZ_EN_FORO_MINERALES_CR__TICOS_1.jpg\" alt=\"Neil Herrington, vicepresidente senior para las Am\u00e9ricas de la C\u00e1mara de Comercio de EEUU.\" src=\"data:image\/svg+xml;base64,PHN2ZyB3aWR0aD0iMSIgaGVpZ2h0PSIxIiB4bWxucz0iaHR0cDovL3d3dy53My5vcmcvMjAwMC9zdmciPjwvc3ZnPg==\" \/><figcaption class=\"small text-muted mt-1\">Neil Herrington, vicepresidente senior para las Am\u00e9ricas de la C\u00e1mara de Comercio de EEUU.<\/figcaption><\/figure>\n<p>El encuentro cont\u00f3 con la participaci\u00f3n de\u00a0<strong>Neil Herrington<\/strong>, vicepresidente senior para las Am\u00e9ricas de la C\u00e1mara de Comercio de EEUU;\u00a0<strong>Heidi G\u00f3mez R\u00e1palo<\/strong>, jefa adjunta de Misi\u00f3n de la Embajada de Estados Unidos en Buenos Aires;\u00a0<strong>Fernando Brun<\/strong>, secretario de Relaciones Econ\u00f3micas Internacionales de la Canciller\u00eda argentina;\u00a0<strong>Daniel Gonz\u00e1lez<\/strong>, secretario de Coordinaci\u00f3n de Energ\u00eda y Miner\u00eda; y\u00a0<strong>Luis Lucero<\/strong>, secretario de Miner\u00eda de la Naci\u00f3n, entre otros, adem\u00e1s de representantes de empresas como Rio Tinto, Lake Resources, McEwen, Glencore, Bechtel, Fluor Corporation y KBR.<\/p>\n<p>Uno de los espacios centrales fue la \u201cConversaci\u00f3n con los gobernadores provinciales\u201d, que cont\u00f3 con la participaci\u00f3n\u00a0<strong>Ra\u00fal Jalil\u00a0<\/strong>de Catamarca;\u00a0<strong>Carlos Sadir<\/strong>\u00a0de Jujuy;\u00a0<strong>Marcelo Orrego<\/strong>\u00a0de San Juan; y\u00a0<strong>Alfredo Cornejo<\/strong>\u00a0de Mendoza, instancia en la que se analizaron las oportunidades y desaf\u00edos que presentan las provincias para el desarrollo de proyectos vinculados a los minerales cr\u00edticos.<\/p>\n<p>Durante la jornada tambi\u00e9n se abordaron las necesidades de infraestructura, las alternativas de financiamiento y las oportunidades para desarrollar cadenas de valor que permitan generar mayor valor agregado y atraer nuevas inversiones.<\/p>\n<p>La participaci\u00f3n de\u00a0<strong>Santa Cruz<\/strong>\u00a0se enmarc\u00f3 en la\u00a0<strong>pol\u00edtica provincial de poner en valor su potencial minero y generar condiciones para el desarrollo de nuevos proyectos<\/strong>, promoviendo inversiones que incorporen tecnolog\u00eda, generen empleo y fortalezcan la participaci\u00f3n de proveedores locales.<\/p>\n<\/div>\n<\/div>\n","protected":false},"excerpt":{"rendered":"<p>04 de Septiembre 2026. El encuentro tuvo como objetivo analizar oportunidades de inversi\u00f3n y desarrollo, para Santa Cruz, vinculadas a<\/p>\n","protected":false},"author":8,"featured_media":48132,"comment_status":"open","ping_status":"closed","sticky":false,"template":"","format":"standard","meta":{"footnotes":""},"categories":[1859],"tags":[],"class_list":["post-48131","post","type-post","status-publish","format-standard","has-post-thumbnail","hentry","category-energia-2"],"_links":{"self":[{"href":"https:\/\/ecosdelsur.com\/index.php?rest_route=\/wp\/v2\/posts\/48131","targetHints":{"allow":["GET"]}}],"collection":[{"href":"https:\/\/ecosdelsur.com\/index.php?rest_route=\/wp\/v2\/posts"}],"about":[{"href":"https:\/\/ecosdelsur.com\/index.php?rest_route=\/wp\/v2\/types\/post"}],"author":[{"embeddable":true,"href":"https:\/\/ecosdelsur.com\/index.php?rest_route=\/wp\/v2\/users\/8"}],"replies":[{"embeddable":true,"href":"https:\/\/ecosdelsur.com\/index.php?rest_route=%2Fwp%2Fv2%2Fcomments&post=48131"}],"version-history":[{"count":2,"href":"https:\/\/ecosdelsur.com\/index.php?rest_route=\/wp\/v2\/posts\/48131\/revisions"}],"predecessor-version":[{"id":48134,"href":"https:\/\/ecosdelsur.com\/index.php?rest_route=\/wp\/v2\/posts\/48131\/revisions\/48134"}],"wp:featuredmedia":[{"embeddable":true,"href":"https:\/\/ecosdelsur.com\/index.php?rest_route=\/wp\/v2\/media\/48132"}],"wp:attachment":[{"href":"https:\/\/ecosdelsur.com\/index.php?rest_route=%2Fwp%2Fv2%2Fmedia&parent=48131"}],"wp:term":[{"taxonomy":"category","embeddable":true,"href":"https:\/\/ecosdelsur.com\/index.php?rest_route=%2Fwp%2Fv2%2Fcategories&post=48131"},{"taxonomy":"post_tag","embeddable":true,"href":"https:\/\/ecosdelsur.com\/index.php?rest_route=%2Fwp%2Fv2%2Ftags&post=48131"}],"curies":[{"name":"wp","href":"https:\/\/api.w.org\/{rel}","templated":true}]}}