{"id":48128,"date":"2026-09-04T12:45:09","date_gmt":"2026-09-04T15:45:09","guid":{"rendered":"https:\/\/ecosdelsur.com\/?p=48128"},"modified":"2026-09-04T12:45:09","modified_gmt":"2026-09-04T15:45:09","slug":"espere-20-anos-mi-casa-paula-durbas-recibio-las-llaves-de-su-vivienda-y-cumplio-un-sueno-familiar","status":"publish","type":"post","link":"https:\/\/ecosdelsur.com\/?p=48128","title":{"rendered":"\u201cEsper\u00e9 20 a\u00f1os mi casa\u201d: Paula Durbas recibi\u00f3 las llaves de su vivienda y cumpli\u00f3 un sue\u00f1o familiar"},"content":{"rendered":"<p><span style=\"color: #ff0000;\">04 de Septiembre 2026. <\/span>Ella ten\u00eda 20 a\u00f1os cuando se inscribi\u00f3 en el IDUV. Dos d\u00e9cadas despu\u00e9s, recibi\u00f3 las llaves de su casa de manos del gobernador Claudio Vidal. Para Paula \u00a0representa el cierre de una larga espera, el fin del alquiler y el hogar propio para sus hijas.<\/p>\n<div class=\"redes mb-3\">\n<div class=\"d-flex flex-wrap justify-content-between align-items-center gap-3 my-2 mx-1\">\n<p>La emoci\u00f3n de recibir las llaves de una vivienda propia tiene para Paula Durbas un significado especial.\u00a0<strong>Esper\u00f3 m\u00e1s de 20 a\u00f1os<\/strong>\u00a0para concretar un sue\u00f1o que comenz\u00f3 cuando ten\u00eda, coincidentemente, s\u00f3lo 20 a\u00f1os y una hija reci\u00e9n nacida. Desde entonces \u00a0atraves\u00f3 distintas etapas de su vida.<\/p>\n<p>\u201c<strong>S\u00ed, fue sorpresivo, muy emocionada. 20 a\u00f1os, esper\u00e9 20 a\u00f1os mi casa<\/strong>\u201d, expres\u00f3 al recordar el momento en que recibi\u00f3 la noticia y pudo conocer su nueva vivienda.<\/p>\n<p>Hoy, a los 41 a\u00f1os, Paula es madre de dos hijas y tambi\u00e9n abuela. Durante este tiempo, su vida cambi\u00f3, pero la expectativa de contar con un hogar propio permaneci\u00f3.<\/p>\n<p>\u201c<strong>Dejo de pagar alquiler, porque tengo casa propia y porque ya queda para mis hijas el d\u00eda de ma\u00f1ana<\/strong>\u201d, se\u00f1al\u00f3 emocionada.<\/p>\n<h2>Una casa para una nueva etapa<\/h2>\n<p>Paula es una de las adjudicatarias del plan de 56 Viviendas. Al recibirla la mujer destac\u00f3 las caracter\u00edsticas de la vivienda y valor\u00f3 la calidad que pudo apreciar al conocerla.<\/p>\n<p>\u201c<strong>Muy linda, muy linda. Yo la veo de muy buena calidad<\/strong>\u201d, sostuvo, al describir sus primeras impresiones sobre el hogar que recibi\u00f3.<\/p>\n<p>Para Paula, la entrega no representa solamente el acceso a una vivienda, sino tambi\u00e9n el comienzo de una nueva etapa familiar. La casa permitir\u00e1 dejar atr\u00e1s a\u00f1os de alquiler y contar con un patrimonio que permanecer\u00e1 para sus hijas.<\/p>\n<h2>De los 20 a los 41 a\u00f1os<\/h2>\n<p>La historia de Paula refleja el paso del tiempo y c\u00f3mo aquella joven que se inscribi\u00f3 para acceder a una vivienda hoy recibe las llaves convertida en madre y abuela.<\/p>\n<p>\u201c<strong>Yo era muy joven cuando me anot\u00e9. Ten\u00eda 20 a\u00f1os, una sola hija, y hoy ya tengo 41, tengo dos hijas, soy abuela<\/strong>\u201d, relat\u00f3.<\/p>\n<p>La coincidencia entre esta nueva etapa de su vida y la llegada de su vivienda propia hizo que el momento tuviera todav\u00eda un significado mayor.<\/p>\n<p>\u201c<strong>Este a\u00f1o me trajo mi nieta y me trajo a la casa. No puedo pedir m\u00e1s. Estoy feliz<\/strong>\u201d, expres\u00f3.<\/p>\n<p>Despu\u00e9s de dos d\u00e9cadas de espera, Paula comienza una nueva etapa con la tranquilidad de tener un hogar propio y la posibilidad de proyectar all\u00ed el futuro de su familia.<\/p>\n<\/div>\n<\/div>\n","protected":false},"excerpt":{"rendered":"<p>04 de Septiembre 2026. Ella ten\u00eda 20 a\u00f1os cuando se inscribi\u00f3 en el IDUV. Dos d\u00e9cadas despu\u00e9s, recibi\u00f3 las llaves<\/p>\n","protected":false},"author":8,"featured_media":48129,"comment_status":"open","ping_status":"closed","sticky":false,"template":"","format":"standard","meta":{"footnotes":""},"categories":[1094],"tags":[],"class_list":["post-48128","post","type-post","status-publish","format-standard","has-post-thumbnail","hentry","category-gobierno"],"_links":{"self":[{"href":"https:\/\/ecosdelsur.com\/index.php?rest_route=\/wp\/v2\/posts\/48128","targetHints":{"allow":["GET"]}}],"collection":[{"href":"https:\/\/ecosdelsur.com\/index.php?rest_route=\/wp\/v2\/posts"}],"about":[{"href":"https:\/\/ecosdelsur.com\/index.php?rest_route=\/wp\/v2\/types\/post"}],"author":[{"embeddable":true,"href":"https:\/\/ecosdelsur.com\/index.php?rest_route=\/wp\/v2\/users\/8"}],"replies":[{"embeddable":true,"href":"https:\/\/ecosdelsur.com\/index.php?rest_route=%2Fwp%2Fv2%2Fcomments&post=48128"}],"version-history":[{"count":1,"href":"https:\/\/ecosdelsur.com\/index.php?rest_route=\/wp\/v2\/posts\/48128\/revisions"}],"predecessor-version":[{"id":48130,"href":"https:\/\/ecosdelsur.com\/index.php?rest_route=\/wp\/v2\/posts\/48128\/revisions\/48130"}],"wp:featuredmedia":[{"embeddable":true,"href":"https:\/\/ecosdelsur.com\/index.php?rest_route=\/wp\/v2\/media\/48129"}],"wp:attachment":[{"href":"https:\/\/ecosdelsur.com\/index.php?rest_route=%2Fwp%2Fv2%2Fmedia&parent=48128"}],"wp:term":[{"taxonomy":"category","embeddable":true,"href":"https:\/\/ecosdelsur.com\/index.php?rest_route=%2Fwp%2Fv2%2Fcategories&post=48128"},{"taxonomy":"post_tag","embeddable":true,"href":"https:\/\/ecosdelsur.com\/index.php?rest_route=%2Fwp%2Fv2%2Ftags&post=48128"}],"curies":[{"name":"wp","href":"https:\/\/api.w.org\/{rel}","templated":true}]}}