{"id":48125,"date":"2026-09-04T12:43:25","date_gmt":"2026-09-04T15:43:25","guid":{"rendered":"https:\/\/ecosdelsur.com\/?p=48125"},"modified":"2026-09-04T12:43:25","modified_gmt":"2026-09-04T15:43:25","slug":"viva-barrio-llega-a-puerto-deseado-no-hacemos-territorio-somos-territorio-dijo-sebastian-georgion","status":"publish","type":"post","link":"https:\/\/ecosdelsur.com\/?p=48125","title":{"rendered":"Viva Barrio llega a Puerto Deseado: \u201cNo hacemos territorio, somos territorio\u201d dijo Sebasti\u00e1n Georgion"},"content":{"rendered":"<p><span style=\"color: #ff0000;\">04 de Septiembre 2026. <\/span>El evento ser\u00e1 este s\u00e1bado, de 10:00 a 20:00. La propuesta reunir\u00e1 a distintas \u00e1reas del Gobierno Provincial con servicios, tr\u00e1mites y actividades para la comunidad. \u201cLa gente necesita que el Estado la escuche\u201d, destac\u00f3 el ministro Sebasti\u00e1n Georgion.<\/p>\n<div class=\"redes mb-3\">\n<div class=\"d-flex flex-wrap justify-content-between align-items-center gap-3 my-2 mx-1\">\n<p>El ministro de Desarrollo, Integraci\u00f3n e Igualdad,\u00a0<strong>Sebasti\u00e1n Georgion<\/strong>, destac\u00f3 el sentido territorial de Viva Barrio y explic\u00f3 que la iniciativa representa una herramienta para\u00a0<strong>descentralizar la presencia de los organismos p\u00fablicos<\/strong>, acercando tr\u00e1mites, servicios y funcionarios a las comunidades.<\/p>\n<p><strong>\u201cLa gente necesita que el Estado la escuche\u201d<\/strong>, sostuvo el ministro al explicar la concepci\u00f3n que impulsa esta propuesta, orientada a que los vecinos puedan acceder a distintas prestaciones del Estado sin necesidad de trasladarse hacia los centros administrativos.<\/p>\n<p>En este sentido,\u00a0<strong>Viva Barrio<\/strong>\u00a0permite que las distintas \u00e1reas provinciales trabajen de manera articulada en un mismo espacio, facilitando el acceso a tr\u00e1mites, consultas y servicios, adem\u00e1s de generar instancias de encuentro directo con la comunidad.<\/p>\n<h2>Escuchar para conocer las necesidades de cada localidad<\/h2>\n<p>Uno de los aspectos que Georgion consider\u00f3 centrales es la posibilidad de\u00a0<strong>recuperar informaci\u00f3n directamente del territorio<\/strong>. La interacci\u00f3n con los vecinos permite identificar qu\u00e9 servicios son m\u00e1s demandados, cu\u00e1les son las principales necesidades y qu\u00e9 \u00e1reas requieren mayor presencia.<\/p>\n<p>El ministro remarc\u00f3 que estos indicadores resultan valiosos para\u00a0<strong>contextualizar las pol\u00edticas de Estado<\/strong>\u00a0y adaptar los programas a las realidades espec\u00edficas de cada localidad.<\/p>\n<p>La propuesta tambi\u00e9n se vincula con una concepci\u00f3n de\u00a0<strong>escucha activa<\/strong>, entendida como una herramienta para conocer las problem\u00e1ticas de la comunidad y evaluar las respuestas que puede brindar el Estado.<\/p>\n<h2>Una propuesta que se adapta a cada localidad<\/h2>\n<p>Desde su puesta en marcha, Viva Barrio fue incorporando modificaciones para responder a las particularidades de cada comunidad. Georgion explic\u00f3 que el programa pas\u00f3 de una modalidad centrada en el traslado de funcionarios hacia las localidades a una propuesta que incorpora la participaci\u00f3n de las\u00a0<strong>delegaciones y equipos de cada lugar<\/strong>.<\/p>\n<p>Esta modalidad permite fortalecer el sentido de pertenencia y facilitar el v\u00ednculo posterior entre los vecinos y los organismos provinciales.<\/p>\n<p>Viva Barrio ya tuvo presencia en localidades como\u00a0<strong>Las Heras, Pico Truncado y Caleta Olivia<\/strong>, adem\u00e1s de anteriores ediciones en Puerto Deseado. La iniciativa contin\u00faa ampliando su alcance territorial y ajustando su din\u00e1mica a las necesidades de cada comunidad.<\/p>\n<h2>Servicios, emprendimientos y propuestas culturales<\/h2>\n<p>La jornada de este s\u00e1bado en Puerto Deseado se desarrollar\u00e1 durante aproximadamente diez horas en la\u00a0<strong>Escuela N\u00ba 87<\/strong>, con la participaci\u00f3n de distintas \u00e1reas del Gobierno Provincial.<\/p>\n<p>La propuesta combinar\u00e1\u00a0<strong>servicios y atenci\u00f3n de organismos p\u00fablicos con actividades recreativas, emprendimientos, artesan\u00edas y espect\u00e1culos culturales<\/strong>, con el objetivo de generar un espacio de encuentro entre el Estado y la comunidad.<\/p>\n<p>Entre las propuestas culturales anunciadas se encuentran las presentaciones del\u00a0<strong>Ballet Ra\u00edces de Mi Pueblo, Axra, Ballet Renacer Criollo, Ballet Fuerza Deseadense y Simchambergo<\/strong>.<\/p>\n<p>De esta manera, Viva Barrio vuelve a poner el eje en la\u00a0<strong>presencia territorial, la articulaci\u00f3n entre organismos y el contacto directo con los vecinos<\/strong>, como parte de una pol\u00edtica orientada a acercar el Estado a cada comunidad de Santa Cruz.<\/p>\n<\/div>\n<\/div>\n","protected":false},"excerpt":{"rendered":"<p>04 de Septiembre 2026. El evento ser\u00e1 este s\u00e1bado, de 10:00 a 20:00. La propuesta reunir\u00e1 a distintas \u00e1reas del<\/p>\n","protected":false},"author":8,"featured_media":48126,"comment_status":"open","ping_status":"closed","sticky":false,"template":"","format":"standard","meta":{"footnotes":""},"categories":[1156],"tags":[],"class_list":["post-48125","post","type-post","status-publish","format-standard","has-post-thumbnail","hentry","category-ministerio-de-desarrollo-social"],"_links":{"self":[{"href":"https:\/\/ecosdelsur.com\/index.php?rest_route=\/wp\/v2\/posts\/48125","targetHints":{"allow":["GET"]}}],"collection":[{"href":"https:\/\/ecosdelsur.com\/index.php?rest_route=\/wp\/v2\/posts"}],"about":[{"href":"https:\/\/ecosdelsur.com\/index.php?rest_route=\/wp\/v2\/types\/post"}],"author":[{"embeddable":true,"href":"https:\/\/ecosdelsur.com\/index.php?rest_route=\/wp\/v2\/users\/8"}],"replies":[{"embeddable":true,"href":"https:\/\/ecosdelsur.com\/index.php?rest_route=%2Fwp%2Fv2%2Fcomments&post=48125"}],"version-history":[{"count":1,"href":"https:\/\/ecosdelsur.com\/index.php?rest_route=\/wp\/v2\/posts\/48125\/revisions"}],"predecessor-version":[{"id":48127,"href":"https:\/\/ecosdelsur.com\/index.php?rest_route=\/wp\/v2\/posts\/48125\/revisions\/48127"}],"wp:featuredmedia":[{"embeddable":true,"href":"https:\/\/ecosdelsur.com\/index.php?rest_route=\/wp\/v2\/media\/48126"}],"wp:attachment":[{"href":"https:\/\/ecosdelsur.com\/index.php?rest_route=%2Fwp%2Fv2%2Fmedia&parent=48125"}],"wp:term":[{"taxonomy":"category","embeddable":true,"href":"https:\/\/ecosdelsur.com\/index.php?rest_route=%2Fwp%2Fv2%2Fcategories&post=48125"},{"taxonomy":"post_tag","embeddable":true,"href":"https:\/\/ecosdelsur.com\/index.php?rest_route=%2Fwp%2Fv2%2Ftags&post=48125"}],"curies":[{"name":"wp","href":"https:\/\/api.w.org\/{rel}","templated":true}]}}