{"id":48122,"date":"2026-09-04T10:35:04","date_gmt":"2026-09-04T13:35:04","guid":{"rendered":"https:\/\/ecosdelsur.com\/?p=48122"},"modified":"2026-09-04T10:35:04","modified_gmt":"2026-09-04T13:35:04","slug":"el-consejo-agrario-solicita-regularizar-deudas-a-adjudicatarios","status":"publish","type":"post","link":"https:\/\/ecosdelsur.com\/?p=48122","title":{"rendered":"El Consejo Agrario solicita regularizar deudas a adjudicatarios"},"content":{"rendered":"<p><span style=\"color: #ff0000;\">04 de Septiembre 2026. <\/span>El Consejo Agrario Provincial (CAP), a trav\u00e9s de la Direcci\u00f3n General de Tierras, informa a la comunidad las condiciones que deber\u00e1n tener en cuenta quienes est\u00e9n interesados en solicitar la adjudicaci\u00f3n de una chacra.<\/p>\n<div class=\"redes mb-3\">\n<div class=\"d-flex flex-wrap justify-content-between align-items-center gap-3 my-2 mx-1\">\n<p>Para iniciar un nuevo tr\u00e1mite, ser\u00e1 necesario\u00a0<strong>no registrar deudas exigibles<\/strong>,\u00a0<strong>incumplimientos ni obligaciones pendientes<\/strong>\u00a0ante el organismo.<\/p>\n<p>Asimismo, antes de iniciar el expediente, se verificar\u00e1 la situaci\u00f3n del solicitante y la existencia de otros expedientes a su nombre vinculados con tierras fiscales, cualquiera sea su destino, entre ellos vivienda familiar, comercio o vivienda y comercio.<\/p>\n<h3><strong>Para quienes ya cuentan con una adjudicaci\u00f3n<\/strong><\/h3>\n<p>El CAP lleva adelante un proceso de\u00a0<strong>regularizaci\u00f3n administrativa y financiera<\/strong>\u00a0de las adjudicaciones existentes, que incluye la actualizaci\u00f3n de los estados de cuenta.<\/p>\n<p>Quienes registren cuotas, c\u00e1nones u otras obligaciones pendientes deber\u00e1n avanzar en su regularizaci\u00f3n ante el organismo.<\/p>\n<p>Estas acciones buscan ordenar y actualizar los antecedentes vinculados con las tierras fiscales, fortaleciendo la gesti\u00f3n y garantizando que los tr\u00e1mites se desarrollen conforme a la normativa vigente.<\/p>\n<p>Desde el Consejo Agrario Provincial\u00a0<strong>se solicita a los interesados cumplir con las obligaciones pendientes\u00a0<\/strong>antes de iniciar nuevos tr\u00e1mites de adjudicaci\u00f3n.<\/p>\n<\/div>\n<\/div>\n","protected":false},"excerpt":{"rendered":"<p>04 de Septiembre 2026. El Consejo Agrario Provincial (CAP), a trav\u00e9s de la Direcci\u00f3n General de Tierras, informa a la<\/p>\n","protected":false},"author":8,"featured_media":48123,"comment_status":"open","ping_status":"closed","sticky":false,"template":"","format":"standard","meta":{"footnotes":""},"categories":[1179],"tags":[],"class_list":["post-48122","post","type-post","status-publish","format-standard","has-post-thumbnail","hentry","category-consejo-agrario-provincial"],"_links":{"self":[{"href":"https:\/\/ecosdelsur.com\/index.php?rest_route=\/wp\/v2\/posts\/48122","targetHints":{"allow":["GET"]}}],"collection":[{"href":"https:\/\/ecosdelsur.com\/index.php?rest_route=\/wp\/v2\/posts"}],"about":[{"href":"https:\/\/ecosdelsur.com\/index.php?rest_route=\/wp\/v2\/types\/post"}],"author":[{"embeddable":true,"href":"https:\/\/ecosdelsur.com\/index.php?rest_route=\/wp\/v2\/users\/8"}],"replies":[{"embeddable":true,"href":"https:\/\/ecosdelsur.com\/index.php?rest_route=%2Fwp%2Fv2%2Fcomments&post=48122"}],"version-history":[{"count":1,"href":"https:\/\/ecosdelsur.com\/index.php?rest_route=\/wp\/v2\/posts\/48122\/revisions"}],"predecessor-version":[{"id":48124,"href":"https:\/\/ecosdelsur.com\/index.php?rest_route=\/wp\/v2\/posts\/48122\/revisions\/48124"}],"wp:featuredmedia":[{"embeddable":true,"href":"https:\/\/ecosdelsur.com\/index.php?rest_route=\/wp\/v2\/media\/48123"}],"wp:attachment":[{"href":"https:\/\/ecosdelsur.com\/index.php?rest_route=%2Fwp%2Fv2%2Fmedia&parent=48122"}],"wp:term":[{"taxonomy":"category","embeddable":true,"href":"https:\/\/ecosdelsur.com\/index.php?rest_route=%2Fwp%2Fv2%2Fcategories&post=48122"},{"taxonomy":"post_tag","embeddable":true,"href":"https:\/\/ecosdelsur.com\/index.php?rest_route=%2Fwp%2Fv2%2Ftags&post=48122"}],"curies":[{"name":"wp","href":"https:\/\/api.w.org\/{rel}","templated":true}]}}