{"id":48117,"date":"2026-09-04T09:27:40","date_gmt":"2026-09-04T12:27:40","guid":{"rendered":"https:\/\/ecosdelsur.com\/?p=48117"},"modified":"2026-09-04T09:27:40","modified_gmt":"2026-09-04T12:27:40","slug":"nuevas-herramientas-para-el-bienestar-dictaran-un-taller-de-masaje-cervico-craneal-con-certificacion-y-ultimos-cupos-disponibles","status":"publish","type":"post","link":"https:\/\/ecosdelsur.com\/?p=48117","title":{"rendered":"Nuevas herramientas para el bienestar: dictar\u00e1n un taller de masaje c\u00e9rvico craneal con certificaci\u00f3n y \u00faltimos cupos disponibles"},"content":{"rendered":"<p>La propuesta se realizar\u00e1 este domingo en Wudang Centro de Bienestar y estar\u00e1 dirigida a masajistas, trabajadores de spas y personas interesadas en ampliar sus conocimientos en terapias manuales.<\/p>\n<p>El bienestar y la formaci\u00f3n en terapias manuales tendr\u00e1n un nuevo espacio de encuentro en Caleta Olivia. Este domingo 6 de septiembre se llevar\u00e1 adelante el Taller de Masaje C\u00e9rvico Craneal, una capacitaci\u00f3n pensada para quienes buscan sumar t\u00e9cnicas espec\u00edficas a su actividad profesional o incorporar nuevos conocimientos vinculados al masaje y la relajaci\u00f3n.<\/p>\n<p>La jornada comenzar\u00e1 a las 10:30, en las instalaciones de Wudang Centro de Bienestar, y estar\u00e1 a cargo de la profesora Lorena Yanca. La propuesta tendr\u00e1 una modalidad te\u00f3rico-pr\u00e1ctica y permitir\u00e1 a los participantes conocer y ejercitar diferentes maniobras destinadas a trabajar la zona cervical, cuello, hombros, cr\u00e1neo y rostro.<\/p>\n<p><img decoding=\"async\" class=\"alignnone size-large wp-image-48118 lazyload\" data-src=\"https:\/\/ecosdelsur.com\/wp-content\/uploads\/2026\/09\/WhatsApp-Image-2026-09-03-at-11.38.15-AM-576x1024.jpeg\" alt=\"\" width=\"576\" height=\"1024\" data-srcset=\"https:\/\/ecosdelsur.com\/wp-content\/uploads\/2026\/09\/WhatsApp-Image-2026-09-03-at-11.38.15-AM-576x1024.jpeg 576w, https:\/\/ecosdelsur.com\/wp-content\/uploads\/2026\/09\/WhatsApp-Image-2026-09-03-at-11.38.15-AM-169x300.jpeg 169w, https:\/\/ecosdelsur.com\/wp-content\/uploads\/2026\/09\/WhatsApp-Image-2026-09-03-at-11.38.15-AM-768x1366.jpeg 768w, https:\/\/ecosdelsur.com\/wp-content\/uploads\/2026\/09\/WhatsApp-Image-2026-09-03-at-11.38.15-AM-864x1536.jpeg 864w, https:\/\/ecosdelsur.com\/wp-content\/uploads\/2026\/09\/WhatsApp-Image-2026-09-03-at-11.38.15-AM.jpeg 899w\" data-sizes=\"(max-width: 576px) 100vw, 576px\" src=\"data:image\/svg+xml;base64,PHN2ZyB3aWR0aD0iMSIgaGVpZ2h0PSIxIiB4bWxucz0iaHR0cDovL3d3dy53My5vcmcvMjAwMC9zdmciPjwvc3ZnPg==\" style=\"--smush-placeholder-width: 576px; --smush-placeholder-aspect-ratio: 576\/1024;\" \/><\/p>\n<p>El eje de la capacitaci\u00f3n estar\u00e1 puesto en el abordaje de las tensiones que suelen concentrarse en estas \u00e1reas, especialmente aquellas relacionadas con el estr\u00e9s y las exigencias de la vida cotidiana.<\/p>\n<p>Una t\u00e9cnica que recorre cuello, cr\u00e1neo y rostro<\/p>\n<p>Bajo la premisa \u201cDel cuello al rostro, un recorrido hacia la relajaci\u00f3n\u201d, el taller propone un recorrido por distintas t\u00e9cnicas de masaje orientadas a generar relajaci\u00f3n y bienestar.<\/p>\n<p>De acuerdo con la informaci\u00f3n brindada por la organizaci\u00f3n, entre los efectos asociados a estas maniobras se encuentran el alivio de dolores de cabeza y migra\u00f1as, la reducci\u00f3n de contracturas cervicales y de la tensi\u00f3n mandibular, adem\u00e1s de beneficios relacionados con la circulaci\u00f3n y la oxigenaci\u00f3n de los tejidos.<\/p>\n<p>La propuesta tambi\u00e9n contempla aspectos vinculados al bienestar general. Las t\u00e9cnicas pueden utilizarse como complemento para disminuir el estr\u00e9s, la fatiga visual y favorecer la relajaci\u00f3n, mientras que el trabajo sobre el rostro y el cuero cabelludo incorpora una dimensi\u00f3n est\u00e9tica y circulatoria.<\/p>\n<p>Una oportunidad para quienes trabajan en el sector<\/p>\n<p>El taller est\u00e1 especialmente dirigido a masajistas y profesionales que desarrollan actividades en spas o gabinetes, aunque tambi\u00e9n est\u00e1 abierto a quienes quieran ampliar su formaci\u00f3n en el campo de las terapias manuales.<\/p>\n<p>Para quienes ya cuentan con experiencia, la capacitaci\u00f3n puede convertirse en una herramienta para diversificar los servicios ofrecidos y sumar una nueva alternativa dentro de sus espacios de trabajo.<\/p>\n<p>La formaci\u00f3n incluir\u00e1 una instancia te\u00f3rica y otra pr\u00e1ctica, junto con material de soporte, coffee break y certificado de participaci\u00f3n.<\/p>\n<p>Adem\u00e1s, la certificaci\u00f3n cuenta con el aval de Center Massage y la Asociaci\u00f3n Masaje Latino, otorgando respaldo a la capacitaci\u00f3n realizada.<\/p>\n<p><img decoding=\"async\" class=\"alignnone size-large wp-image-48119 lazyload\" data-src=\"https:\/\/ecosdelsur.com\/wp-content\/uploads\/2026\/09\/WhatsApp-Image-2026-09-03-at-11.38.15-AM-1-1024x1024.jpeg\" alt=\"\" width=\"800\" height=\"800\" data-srcset=\"https:\/\/ecosdelsur.com\/wp-content\/uploads\/2026\/09\/WhatsApp-Image-2026-09-03-at-11.38.15-AM-1-1024x1024.jpeg 1024w, https:\/\/ecosdelsur.com\/wp-content\/uploads\/2026\/09\/WhatsApp-Image-2026-09-03-at-11.38.15-AM-1-300x300.jpeg 300w, https:\/\/ecosdelsur.com\/wp-content\/uploads\/2026\/09\/WhatsApp-Image-2026-09-03-at-11.38.15-AM-1-150x150.jpeg 150w, https:\/\/ecosdelsur.com\/wp-content\/uploads\/2026\/09\/WhatsApp-Image-2026-09-03-at-11.38.15-AM-1-768x768.jpeg 768w, https:\/\/ecosdelsur.com\/wp-content\/uploads\/2026\/09\/WhatsApp-Image-2026-09-03-at-11.38.15-AM-1.jpeg 1080w\" data-sizes=\"(max-width: 800px) 100vw, 800px\" src=\"data:image\/svg+xml;base64,PHN2ZyB3aWR0aD0iMSIgaGVpZ2h0PSIxIiB4bWxucz0iaHR0cDovL3d3dy53My5vcmcvMjAwMC9zdmciPjwvc3ZnPg==\" style=\"--smush-placeholder-width: 800px; --smush-placeholder-aspect-ratio: 800\/800;\" \/><\/p>\n<p>\u00daltimos lugares disponibles<\/p>\n<p>Desde la organizaci\u00f3n informaron que quedan los \u00faltimos cupos disponibles para participar de la jornada.<\/p>\n<p>Las personas interesadas pueden solicitar informaci\u00f3n y realizar la inscripci\u00f3n comunic\u00e1ndose al 297-4206106.<\/p>\n<p>El encuentro ser\u00e1 este domingo 6 de septiembre desde las 10:30 en Wudang Centro de Bienestar, Caleta Olivia.<\/p>\n","protected":false},"excerpt":{"rendered":"<p>La propuesta se realizar\u00e1 este domingo en Wudang Centro de Bienestar y estar\u00e1 dirigida a masajistas, trabajadores de spas y<\/p>\n","protected":false},"author":8,"featured_media":48120,"comment_status":"open","ping_status":"closed","sticky":false,"template":"","format":"standard","meta":{"footnotes":""},"categories":[35],"tags":[60,284,1910],"class_list":["post-48117","post","type-post","status-publish","format-standard","has-post-thumbnail","hentry","category-sociedad","tag-caleta-olivia","tag-capacitacion","tag-masaje-cervico-craneal"],"_links":{"self":[{"href":"https:\/\/ecosdelsur.com\/index.php?rest_route=\/wp\/v2\/posts\/48117","targetHints":{"allow":["GET"]}}],"collection":[{"href":"https:\/\/ecosdelsur.com\/index.php?rest_route=\/wp\/v2\/posts"}],"about":[{"href":"https:\/\/ecosdelsur.com\/index.php?rest_route=\/wp\/v2\/types\/post"}],"author":[{"embeddable":true,"href":"https:\/\/ecosdelsur.com\/index.php?rest_route=\/wp\/v2\/users\/8"}],"replies":[{"embeddable":true,"href":"https:\/\/ecosdelsur.com\/index.php?rest_route=%2Fwp%2Fv2%2Fcomments&post=48117"}],"version-history":[{"count":1,"href":"https:\/\/ecosdelsur.com\/index.php?rest_route=\/wp\/v2\/posts\/48117\/revisions"}],"predecessor-version":[{"id":48121,"href":"https:\/\/ecosdelsur.com\/index.php?rest_route=\/wp\/v2\/posts\/48117\/revisions\/48121"}],"wp:featuredmedia":[{"embeddable":true,"href":"https:\/\/ecosdelsur.com\/index.php?rest_route=\/wp\/v2\/media\/48120"}],"wp:attachment":[{"href":"https:\/\/ecosdelsur.com\/index.php?rest_route=%2Fwp%2Fv2%2Fmedia&parent=48117"}],"wp:term":[{"taxonomy":"category","embeddable":true,"href":"https:\/\/ecosdelsur.com\/index.php?rest_route=%2Fwp%2Fv2%2Fcategories&post=48117"},{"taxonomy":"post_tag","embeddable":true,"href":"https:\/\/ecosdelsur.com\/index.php?rest_route=%2Fwp%2Fv2%2Ftags&post=48117"}],"curies":[{"name":"wp","href":"https:\/\/api.w.org\/{rel}","templated":true}]}}