{"id":48114,"date":"2026-09-03T22:45:50","date_gmt":"2026-09-04T01:45:50","guid":{"rendered":"https:\/\/ecosdelsur.com\/?p=48114"},"modified":"2026-09-03T22:45:50","modified_gmt":"2026-09-04T01:45:50","slug":"devolucion-de-descuentos-por-dias-de-paro","status":"publish","type":"post","link":"https:\/\/ecosdelsur.com\/?p=48114","title":{"rendered":"Devoluci\u00f3n de descuentos por d\u00edas de paro"},"content":{"rendered":"<p><span style=\"color: #ff0000;\">03 de Septiembre 2026. <\/span>El Consejo Provincial de Educaci\u00f3n informa que, en el marco de los acuerdos alcanzados en paritarias respecto de la devoluci\u00f3n de los descuentos oportunamente efectuados por d\u00edas de paro, el pasado 7 de agosto se hizo efectivo el reintegro correspondiente a los meses de enero, febrero, marzo, abril y julio de 2026.<\/p>\n<div class=\"redes mb-3\">\n<div class=\"d-flex flex-wrap justify-content-between align-items-center gap-3 my-2 mx-1\">\n<p>Dicha devoluci\u00f3n se concret\u00f3 incluso con anterioridad a la fecha inicialmente prevista y comunicada, establecida para el 13 de agosto.<\/p>\n<p>Asimismo,\u00a0<strong>se informa que con los haberes correspondientes al mes de septiembre, que se percibir\u00e1n el d\u00eda 5 del corriente mes, se proceder\u00e1 al reintegro de los importes descontados durante noviembre y diciembre de 2025.<\/strong><\/p>\n<p>En tanto,\u00a0<strong>en el pr\u00f3ximo tramo establecido en el acuerdo paritario se realizar\u00e1 la devoluci\u00f3n correspondiente a los descuentos efectuados durante mayo y junio de 2026<\/strong>, completando de esta manera la totalidad de los reintegros comprometidos.<\/p>\n<p>El cumplimiento de estas acciones reafirma la voluntad del Gobierno Provincial de cumplir con los compromisos asumidos en el \u00e1mbito paritario, garantizar la aplicaci\u00f3n de los acuerdos alcanzados y sostener el di\u00e1logo con las organizaciones sindicales.<\/p>\n<\/div>\n<\/div>\n","protected":false},"excerpt":{"rendered":"<p>03 de Septiembre 2026. El Consejo Provincial de Educaci\u00f3n informa que, en el marco de los acuerdos alcanzados en paritarias<\/p>\n","protected":false},"author":8,"featured_media":48115,"comment_status":"open","ping_status":"closed","sticky":false,"template":"","format":"standard","meta":{"footnotes":""},"categories":[1094],"tags":[],"class_list":["post-48114","post","type-post","status-publish","format-standard","has-post-thumbnail","hentry","category-gobierno"],"_links":{"self":[{"href":"https:\/\/ecosdelsur.com\/index.php?rest_route=\/wp\/v2\/posts\/48114","targetHints":{"allow":["GET"]}}],"collection":[{"href":"https:\/\/ecosdelsur.com\/index.php?rest_route=\/wp\/v2\/posts"}],"about":[{"href":"https:\/\/ecosdelsur.com\/index.php?rest_route=\/wp\/v2\/types\/post"}],"author":[{"embeddable":true,"href":"https:\/\/ecosdelsur.com\/index.php?rest_route=\/wp\/v2\/users\/8"}],"replies":[{"embeddable":true,"href":"https:\/\/ecosdelsur.com\/index.php?rest_route=%2Fwp%2Fv2%2Fcomments&post=48114"}],"version-history":[{"count":1,"href":"https:\/\/ecosdelsur.com\/index.php?rest_route=\/wp\/v2\/posts\/48114\/revisions"}],"predecessor-version":[{"id":48116,"href":"https:\/\/ecosdelsur.com\/index.php?rest_route=\/wp\/v2\/posts\/48114\/revisions\/48116"}],"wp:featuredmedia":[{"embeddable":true,"href":"https:\/\/ecosdelsur.com\/index.php?rest_route=\/wp\/v2\/media\/48115"}],"wp:attachment":[{"href":"https:\/\/ecosdelsur.com\/index.php?rest_route=%2Fwp%2Fv2%2Fmedia&parent=48114"}],"wp:term":[{"taxonomy":"category","embeddable":true,"href":"https:\/\/ecosdelsur.com\/index.php?rest_route=%2Fwp%2Fv2%2Fcategories&post=48114"},{"taxonomy":"post_tag","embeddable":true,"href":"https:\/\/ecosdelsur.com\/index.php?rest_route=%2Fwp%2Fv2%2Ftags&post=48114"}],"curies":[{"name":"wp","href":"https:\/\/api.w.org\/{rel}","templated":true}]}}