{"id":48106,"date":"2026-09-03T22:42:11","date_gmt":"2026-09-04T01:42:11","guid":{"rendered":"https:\/\/ecosdelsur.com\/?p=48106"},"modified":"2026-09-03T22:42:11","modified_gmt":"2026-09-04T01:42:11","slug":"santa-cruz-impulsa-un-evento-de-freestyle-para-acompanar-a-las-juventudes","status":"publish","type":"post","link":"https:\/\/ecosdelsur.com\/?p=48106","title":{"rendered":"Santa Cruz impulsa un evento de freestyle para acompa\u00f1ar a las juventudes"},"content":{"rendered":"<p><span style=\"color: #ff0000;\">03 de Septiembre 2026. <\/span>El Ministerio de Desarrollo Social, Igualdad e Integraci\u00f3n acompa\u00f1\u00f3 un evento de freestyle, con la participaci\u00f3n de j\u00f3venes de distintas localidades de la zona sur. La actividad form\u00f3 parte de una etapa zonal de clasificaci\u00f3n para una final provincial.<\/p>\n<div class=\"redes mb-3\">\n<div class=\"d-flex flex-wrap justify-content-between align-items-center gap-3 my-2 mx-1\">\n<section class=\"ssi-block-main mb-5\">\n<div class=\"mb-2\">\n<div class=\"article-full\">\n<p>La Subsecretar\u00eda de Juventudes dependiente del Ministerio de Desarrollo Social, Igualdad e Integraci\u00f3n, coordina acciones para llevar adelante el freestyle a distintas localidades y definir a los representantes que participar\u00e1n de una jornada de primer nivel junto a competidores de DEM Argentina.<\/p>\n<p>El evento de freestyle en Santa Cruz busca promover la participaci\u00f3n juvenil a trav\u00e9s de la cultura del hip-hop, el rap y las expresiones urbanas. Hoy comenz\u00f3, en las instalaciones del Complejo Cultural, el circuito con la competencia por el cupo de la zona sur.<\/p>\n<figure class=\"ssi-inline-image my-3\"><img decoding=\"async\" class=\"img-fluid lazyload\" data-src=\"https:\/\/noticias.santacruz.gob.ar\/media\/ssigallery\/articulos\/26395\/inline\/3.jpg\" alt=\"Ministro de Desarrollo Social, Igualdad e Integraci\u00f3n, Sebasti\u00e1n Georgion\" src=\"data:image\/svg+xml;base64,PHN2ZyB3aWR0aD0iMSIgaGVpZ2h0PSIxIiB4bWxucz0iaHR0cDovL3d3dy53My5vcmcvMjAwMC9zdmciPjwvc3ZnPg==\" \/><figcaption class=\"small text-muted mt-1\">Ministro de Desarrollo Social, Igualdad e Integraci\u00f3n, Sebasti\u00e1n Georgion<\/figcaption><\/figure>\n<p>En este contexto, el ministro de Desarrollo Social, Igualdad e Integraci\u00f3n,\u00a0<strong>Sebasti\u00e1n Georgion<\/strong>, explic\u00f3 que la actividad representa el inicio de una propuesta de alcance federal que pretende ofrecer espacios de encuentro, competencia y acompa\u00f1amiento para j\u00f3venes de distintas localidades.<\/p>\n<figure class=\"a-media video-inline\">\n<div class=\"ratio ratio-16x9\"><img decoding=\"async\" class=\"w-100 h-100 object-fit-cover lazyload\" data-src=\"https:\/\/img.youtube.com\/vi\/N8hZONIcrG0\/hqdefault.jpg\" alt=\"Portada video\" src=\"data:image\/svg+xml;base64,PHN2ZyB3aWR0aD0iMSIgaGVpZ2h0PSIxIiB4bWxucz0iaHR0cDovL3d3dy53My5vcmcvMjAwMC9zdmciPjwvc3ZnPg==\" \/><\/div>\n<\/figure>\n<p>\u201cImportant\u00edsima la actividad que queremos incentivar a las j\u00f3venes, que me parece lo m\u00e1s importante a esta cultura hermosa que es la del freestyle, la del hip-hop o la del rap\u201d, dijo Georgion durante una entrevista con la Subsecretar\u00eda de Producci\u00f3n y Contenidos.<\/p>\n<h2>Freestyle Santa Cruz: una competencia con alcance provincial<\/h2>\n<p>El ministro indic\u00f3 que la jornada correspondi\u00f3 a una instancia zonal y que el esquema contempla nuevas fechas en otras regiones de la provincia. En ese sentido, afirm\u00f3 que habr\u00e1 una en la zona norte y otra en la zona centro, mientras que la actividad desarrollada en el Complejo Cultural reuni\u00f3 a participantes de la zona sur.<\/p>\n<blockquote class=\"ssi-editorial-block ssi-quote ssi-quote-featured\"><p>\u201cEsta es la etapa de clasificaci\u00f3n para un evento final que estamos organizando, y vamos a confirmar la fecha en estos d\u00edas con DEM\u201d, explic\u00f3.<\/p><\/blockquote>\n<p>Georgion sostuvo que el objetivo fue que la competencia no quedara concentrada en una sola localidad. \u201cY m\u00e1s entendiendo el contexto social en el que estamos viviendo. Hay que abrir un abanico de opciones para que los chicos tengan su tiempo libre, y este hobby y esta profesi\u00f3n para algunos se remarque y tengan esta posibilidad en zona sur\u201d.<\/p>\n<p>Durante la jornada, el funcionario tambi\u00e9n mencion\u00f3 la llegada de j\u00f3venes de diferentes puntos de la zona sur, entre ellos El Calafate, R\u00edo Turbio y 28 de Noviembre. La propuesta apunt\u00f3 a fortalecer la participaci\u00f3n territorial y a reconocer al freestyle como una pr\u00e1ctica cultural con presencia entre las juventudes.<\/p>\n<h2>Una propuesta vinculada con las pol\u00edticas para j\u00f3venes<\/h2>\n<figure class=\"ssi-inline-image my-3\"><img decoding=\"async\" class=\"img-fluid lazyload\" data-src=\"https:\/\/noticias.santacruz.gob.ar\/media\/ssigallery\/articulos\/26395\/inline\/15.jpg\" alt=\"Santa Cruz impulsa un evento de freestyle para acompa\u00f1ar a las juventudes\" src=\"data:image\/svg+xml;base64,PHN2ZyB3aWR0aD0iMSIgaGVpZ2h0PSIxIiB4bWxucz0iaHR0cDovL3d3dy53My5vcmcvMjAwMC9zdmciPjwvc3ZnPg==\" \/><\/figure>\n<p>El evento de hip-hop en Santa Cruz fue presentado por el ministro como parte de una pol\u00edtica de acompa\u00f1amiento social. Georgion destac\u00f3 el rol de la Subsecretar\u00eda de Estado de Juventudes y remarc\u00f3 que el Estado deb\u00eda acercarse a los intereses de las nuevas generaciones.<\/p>\n<p>Afirm\u00f3 que esta actividad \u201cnos permite acercarnos a los j\u00f3venes y mostrarle que estamos cerca, que los queremos acompa\u00f1ar, que hacemos las gestiones, que buscamos recursos para que puedan poder tener este tipo de actividades mediante la Subsecretar\u00eda de juventudes\u201d.<\/p>\n<p>El funcionario vincul\u00f3 la competencia de rap en Santa Cruz con la necesidad de generar espacios de encuentro y participaci\u00f3n. Seg\u00fan plante\u00f3, las actividades culturales y deportivas pueden funcionar como herramientas de integraci\u00f3n y como alternativas para el tiempo libre.<\/p>\n<blockquote class=\"ssi-editorial-block ssi-quote ssi-quote-featured\"><p>\u201cEntonces, me parece que hay que poner el foco en la posibilidad y en la prioridad de acompa\u00f1ar a los j\u00f3venes en las actividades que realmente les gusta. La pol\u00edtica de estado se agiorna de la necesidad que tiene la persona\u201d, manifest\u00f3.<\/p><\/blockquote>\n<p>Georgion tambi\u00e9n relacion\u00f3 la iniciativa con su experiencia como docente y profesor de educaci\u00f3n f\u00edsica. \u201cAc\u00e1 feliz, me encanta. Tiene que ver con mi profesi\u00f3n\u201d, expres\u00f3. Luego agreg\u00f3: \u201cY me parece que este tipo de actividades nos permite a nosotros mostrar un extracto de la cultura de la sociedad de una rama tan importante\u201d.<\/p>\n<h2>Prevenci\u00f3n, salud mental y espacios de encuentro<\/h2>\n<p>Durante la entrevista, el ministro ubic\u00f3 el evento de freestyle dentro de una estrategia social m\u00e1s amplia, que incluye acciones de prevenci\u00f3n y articulaci\u00f3n con otras \u00e1reas del Gobierno Provincial.<\/p>\n<p>\u201cCuando la situaci\u00f3n socioecon\u00f3mica es como la que estamos viviendo en el pa\u00eds y no escapa Santa Cruz, lo que m\u00e1s tenemos que hacer nosotros es atacar sobre lo social, es contener, es acompa\u00f1ar\u201d, declar\u00f3.<\/p>\n<p>Georgion resalt\u00f3 que el Ministerio de Desarrollo Social no deb\u00eda limitar su intervenci\u00f3n a la entrega de asistencia ante situaciones urgentes. En cambio, defendi\u00f3 una pol\u00edtica p\u00fablica sostenida en distintas \u00e1reas, entre ellas ni\u00f1ez, discapacidad, adultos mayores, mujeres, igualdad, integraci\u00f3n y juventudes.<\/p>\n<blockquote class=\"ssi-editorial-block ssi-quote ssi-quote-featured\"><p>\u201cNosotros tenemos que dar esta posibilidad de un lugar de encuentro para compartir, porque cuando uno comparte con el otro, conoce cu\u00e1l es la realidad en la que est\u00e1 viviendo hoy, y podemos evitar un mont\u00f3n de cuestiones que no queremos que pasen\u201d, expres\u00f3.<\/p><\/blockquote>\n<p>En ese marco, se\u00f1al\u00f3 que el Ministerio trabajaba junto con otras dependencias, como Salud y Gobierno, para anticipar situaciones vinculadas con el consumo problem\u00e1tico, las adicciones, la prevenci\u00f3n del suicidio y la salud mental.<\/p>\n<p>\u201cEntonces, hay que trabajar con esto. Solo estamos trabajando desde el Ministerio en articular con otros Ministerios, como Salud, Gobierno, para anticipar en la prevenci\u00f3n situaciones feas, como pueden ser consumo problem\u00e1tico, adicciones, prevenci\u00f3n del suicidio, salud mental\u201d, indic\u00f3.<\/p>\n<h2>Cuando ser\u00e1 la final provincial de freestyle<\/h2>\n<figure class=\"ssi-inline-image my-3\"><img decoding=\"async\" class=\"img-fluid lazyload\" data-src=\"https:\/\/noticias.santacruz.gob.ar\/media\/ssigallery\/articulos\/26395\/inline\/5.jpg\" alt=\"Santa Cruz impulsa un evento de freestyle para acompa\u00f1ar a las juventudes\" src=\"data:image\/svg+xml;base64,PHN2ZyB3aWR0aD0iMSIgaGVpZ2h0PSIxIiB4bWxucz0iaHR0cDovL3d3dy53My5vcmcvMjAwMC9zdmciPjwvc3ZnPg==\" \/><\/figure>\n<p>La fecha de la final provincial todav\u00eda no fue comunicada. Sebasti\u00e1n Georgion indic\u00f3 que ser\u00e1 confirmada \u201cen estos d\u00edas con DEM\u201d, por lo que el cierre del circuito de zonales permanece pendiente de anuncio oficial.<\/p>\n<p>Hasta el momento, la propuesta contempla una instancia en la zona sur, otra en la zona norte y una tercera en la zona centro. De esta manera, el evento de freestyle en Santa Cruz busca reunir a j\u00f3venes de distintas localidades y avanzar hacia una competencia provincial vinculada con la cultura urbana.<\/p>\n<p>Finalmente, el ministro hizo una defensa del rol de las pol\u00edticas sociales en el acompa\u00f1amiento de la comunidad. \u201cMe parece que hay que salir con este brazo de lo social para contener y acompa\u00f1ar\u201d, concluy\u00f3.<\/p>\n<\/div>\n<\/div>\n<\/section>\n<aside class=\"ssi-block-side\">\n<aside class=\"a-gallery mt-2\">\n<div class=\"row g-3 ssigallery-frontend mt-3 row-cols-2 row-cols-sm-3 row-cols-md-3 row-cols-lg-4\">\n<div class=\"col-6 col-sm-4 col-md-4 col-lg-3 mt-0\"><a class=\"ssig-item\" href=\"https:\/\/noticias.santacruz.gob.ar\/media\/ssigallery\/articulos\/26395\/galeria\/18.jpg\" data-ssig=\"1\" data-caption=\"\" data-fancybox=\"ssigallery-article-26395\"><img decoding=\"async\" class=\"img-fluid rounded lazyload\" data-src=\"https:\/\/noticias.santacruz.gob.ar\/media\/ssigallery\/articulos\/26395\/galeria\/thumbs\/18.jpg\" alt=\"Santa Cruz impulsa un evento de freestyle para acompa\u00f1ar a las juventudes\" src=\"data:image\/svg+xml;base64,PHN2ZyB3aWR0aD0iMSIgaGVpZ2h0PSIxIiB4bWxucz0iaHR0cDovL3d3dy53My5vcmcvMjAwMC9zdmciPjwvc3ZnPg==\" \/><\/a><\/div>\n<div class=\"col-6 col-sm-4 col-md-4 col-lg-3 mt-0\"><a class=\"ssig-item\" href=\"https:\/\/noticias.santacruz.gob.ar\/media\/ssigallery\/articulos\/26395\/galeria\/19.jpg\" data-ssig=\"1\" data-caption=\"\" data-fancybox=\"ssigallery-article-26395\"><img decoding=\"async\" class=\"img-fluid rounded lazyload\" data-src=\"https:\/\/noticias.santacruz.gob.ar\/media\/ssigallery\/articulos\/26395\/galeria\/thumbs\/19.jpg\" alt=\"Santa Cruz impulsa un evento de freestyle para acompa\u00f1ar a las juventudes\" src=\"data:image\/svg+xml;base64,PHN2ZyB3aWR0aD0iMSIgaGVpZ2h0PSIxIiB4bWxucz0iaHR0cDovL3d3dy53My5vcmcvMjAwMC9zdmciPjwvc3ZnPg==\" \/><\/a><\/div>\n<\/div>\n<\/aside>\n<\/aside>\n<\/div>\n<\/div>\n","protected":false},"excerpt":{"rendered":"<p>03 de Septiembre 2026. El Ministerio de Desarrollo Social, Igualdad e Integraci\u00f3n acompa\u00f1\u00f3 un evento de freestyle, con la participaci\u00f3n<\/p>\n","protected":false},"author":8,"featured_media":48107,"comment_status":"open","ping_status":"closed","sticky":false,"template":"","format":"standard","meta":{"footnotes":""},"categories":[1156],"tags":[],"class_list":["post-48106","post","type-post","status-publish","format-standard","has-post-thumbnail","hentry","category-ministerio-de-desarrollo-social"],"_links":{"self":[{"href":"https:\/\/ecosdelsur.com\/index.php?rest_route=\/wp\/v2\/posts\/48106","targetHints":{"allow":["GET"]}}],"collection":[{"href":"https:\/\/ecosdelsur.com\/index.php?rest_route=\/wp\/v2\/posts"}],"about":[{"href":"https:\/\/ecosdelsur.com\/index.php?rest_route=\/wp\/v2\/types\/post"}],"author":[{"embeddable":true,"href":"https:\/\/ecosdelsur.com\/index.php?rest_route=\/wp\/v2\/users\/8"}],"replies":[{"embeddable":true,"href":"https:\/\/ecosdelsur.com\/index.php?rest_route=%2Fwp%2Fv2%2Fcomments&post=48106"}],"version-history":[{"count":2,"href":"https:\/\/ecosdelsur.com\/index.php?rest_route=\/wp\/v2\/posts\/48106\/revisions"}],"predecessor-version":[{"id":48109,"href":"https:\/\/ecosdelsur.com\/index.php?rest_route=\/wp\/v2\/posts\/48106\/revisions\/48109"}],"wp:featuredmedia":[{"embeddable":true,"href":"https:\/\/ecosdelsur.com\/index.php?rest_route=\/wp\/v2\/media\/48107"}],"wp:attachment":[{"href":"https:\/\/ecosdelsur.com\/index.php?rest_route=%2Fwp%2Fv2%2Fmedia&parent=48106"}],"wp:term":[{"taxonomy":"category","embeddable":true,"href":"https:\/\/ecosdelsur.com\/index.php?rest_route=%2Fwp%2Fv2%2Fcategories&post=48106"},{"taxonomy":"post_tag","embeddable":true,"href":"https:\/\/ecosdelsur.com\/index.php?rest_route=%2Fwp%2Fv2%2Ftags&post=48106"}],"curies":[{"name":"wp","href":"https:\/\/api.w.org\/{rel}","templated":true}]}}