{"id":48103,"date":"2026-09-03T22:40:25","date_gmt":"2026-09-04T01:40:25","guid":{"rendered":"https:\/\/ecosdelsur.com\/?p=48103"},"modified":"2026-09-03T22:40:25","modified_gmt":"2026-09-04T01:40:25","slug":"rio-gallegos-fue-sede-de-una-competencia-de-freestyle-rumbo-al-encuentro-nacional-de-pico-truncado","status":"publish","type":"post","link":"https:\/\/ecosdelsur.com\/?p=48103","title":{"rendered":"R\u00edo Gallegos fue sede de una competencia de freestyle rumbo al encuentro nacional de Pico Truncado"},"content":{"rendered":"<p><span style=\"color: #ff0000;\">03 de Septiembre 2026. <\/span>La capital santacruce\u00f1a fue sede de la primera instancia de una competencia de freestyle organizada para j\u00f3venes que buscan clasificarse al encuentro nacional previsto para septiembre en Pico Truncado. La actividad se realiz\u00f3 en el Centro Cultural Santa Cruz, con la participaci\u00f3n de representantes de la disciplina y una importante convocatoria, de la zona sur provincial.<\/p>\n<div class=\"redes mb-3\">\n<div class=\"d-flex flex-wrap justify-content-between align-items-center gap-3 my-2 mx-1\">\n<section class=\"ssi-block-main mb-5\">\n<div class=\"mb-2\">\n<div class=\"article-full\">\n<p>La ministra de Gobierno,\u00a0<strong>Bel\u00e9n Elmiger<\/strong>\u00a0acompa\u00f1\u00f3 a las autoridades del Ministerio de Desarrollo Social, Igualdad e Integraci\u00f3n en el inicio de la competencia de freestyle que se desarroll\u00f3, este jueves, en el Centro Cultural Santa Cruz.<\/p>\n<figure class=\"ssi-inline-image my-3\"><img decoding=\"async\" class=\"img-fluid lazyload\" data-src=\"https:\/\/noticias.santacruz.gob.ar\/media\/ssigallery\/articulos\/26396\/inline\/14.jpg\" alt=\"Ministra de Gobierno, Bel\u00e9n Elmiger.\" src=\"data:image\/svg+xml;base64,PHN2ZyB3aWR0aD0iMSIgaGVpZ2h0PSIxIiB4bWxucz0iaHR0cDovL3d3dy53My5vcmcvMjAwMC9zdmciPjwvc3ZnPg==\" \/><figcaption class=\"small text-muted mt-1\">Ministra de Gobierno, Bel\u00e9n Elmiger.<\/figcaption><\/figure>\n<p>El evento de freestyle en R\u00edo Gallegos forma parte de un circuito de competencias que tambi\u00e9n tendr\u00e1 instancias en la zona centro y la zona norte de la provincia.<\/p>\n<p>En este sentido, Elmiger dijo \u201cHoy nos encontramos ac\u00e1 en el Centro Cultural, acompa\u00f1ando al DEM, el evento de freestyle, donde est\u00e1n haciendo las primeras competencias para lo que va a ser en septiembre el encuentro nacional en Pico Truncado\u201d y agreg\u00f3 \u201cpor una cuesti\u00f3n de agenda, todav\u00eda no tenemos las fechas por una cuesti\u00f3n de agenda. Esta es la primera instancia y va a haber otra, en zona centro y en zona norte\u201d, rumbo al encuentro nacional que se desarrollar\u00e1 en Pico Truncado.<\/p>\n<p><strong>Competencia de freestyle en R\u00edo Gallegos: qui\u00e9nes participaron<\/strong><\/p>\n<figure class=\"ssi-inline-image my-3\"><img decoding=\"async\" class=\"img-fluid lazyload\" data-src=\"https:\/\/noticias.santacruz.gob.ar\/media\/ssigallery\/articulos\/26396\/inline\/23.jpg\" alt=\"R\u00edo Gallegos fue sede de una competencia de freestyle rumbo al encuentro nacional de Pico Truncado\" src=\"data:image\/svg+xml;base64,PHN2ZyB3aWR0aD0iMSIgaGVpZ2h0PSIxIiB4bWxucz0iaHR0cDovL3d3dy53My5vcmcvMjAwMC9zdmciPjwvc3ZnPg==\" \/><\/figure>\n<p>La jornada estuvo destinada a j\u00f3venes vinculados con la cultura del freestyle, una expresi\u00f3n art\u00edstica basada en la improvisaci\u00f3n y el rap. La ministra destac\u00f3 la presencia de numerosos participantes en el Centro Cultural y sostuvo que el encuentro permiti\u00f3 abrir un espacio de expresi\u00f3n para las juventudes.<\/p>\n<blockquote class=\"ssi-editorial-block ssi-quote ssi-quote-featured\"><p>\u201cLas juventudes son un target de edad en la que tenemos que aprender a romper nosotros como adultos las barreras, tanto de la comunicaci\u00f3n como de la cultura. Esta es una cultura que, si bien tiene mucha trayectoria, ac\u00e1 tiene muchos representantes. Nosotros, como Gobierno Provincial, reci\u00e9n estamos incursionando y me parece que esta es una incursi\u00f3n bastante exitosa\u201d, afirm\u00f3.<\/p><\/blockquote>\n<p>Elmiger tambi\u00e9n precis\u00f3 que el lugar se encontraba colmado de j\u00f3venes que esperaban su turno para rapear. En ese marco, plante\u00f3 la necesidad de reducir las diferencias generacionales y comprender las nuevas formas de comunicaci\u00f3n y expresi\u00f3n cultural.<\/p>\n<figure class=\"a-media video-inline\">\n<div class=\"ratio ratio-16x9\"><img decoding=\"async\" class=\"w-100 h-100 object-fit-cover lazyload\" data-src=\"https:\/\/img.youtube.com\/vi\/8h_X1sPJL0U\/hqdefault.jpg\" alt=\"Portada video\" src=\"data:image\/svg+xml;base64,PHN2ZyB3aWR0aD0iMSIgaGVpZ2h0PSIxIiB4bWxucz0iaHR0cDovL3d3dy53My5vcmcvMjAwMC9zdmciPjwvc3ZnPg==\" \/><\/div>\n<\/figure>\n<h2>Pr\u00f3ximas competencias de freestyle en Santa Cruz<\/h2>\n<p>El circuito continuar\u00e1 con nuevas instancias en distintos puntos de la provincia. De acuerdo con lo informado, habr\u00e1 una competencia en la zona centro y otra en la zona norte.<\/p>\n<p>El objetivo ser\u00e1 definir qui\u00e9nes llegar\u00e1n clasificados al encuentro nacional de freestyle de septiembre en Pico Truncado. La ministra indic\u00f3 que se espera una participaci\u00f3n amplia de j\u00f3venes en las pr\u00f3ximas jornadas.<\/p>\n<p>\u201cDe romper esta barrera generacional y, por ah\u00ed, de la forma de comunicarse que tienen, es una expresi\u00f3n art\u00edstica espectacular. Y despu\u00e9s, cuando se la competencia en zona centro y en zona norte, tambi\u00e9n esperamos una gran concurrencia de j\u00f3venes que puedan expresarse a trav\u00e9s de este movimiento\u201d, dijo.<\/p>\n<p><strong>El Gobierno vincul\u00f3 el evento con las pol\u00edticas para juventudes<\/strong><\/p>\n<p>La ministra present\u00f3 el evento de freestyle en R\u00edo Gallegos como una de las acciones destinadas a acompa\u00f1ar a las juventudes desde el Gobierno Provincial. En particular, remarc\u00f3 que se trat\u00f3 de una primera experiencia institucional en torno a una cultura que, seg\u00fan describi\u00f3, cuenta con numerosos representantes en Santa Cruz.<\/p>\n<p>Elmiger sostuvo que el freestyle permiti\u00f3 generar un punto de encuentro entre distintas generaciones y valor\u00f3 el car\u00e1cter art\u00edstico de la disciplina.<\/p>\n<figure class=\"ssi-inline-image my-3\"><img decoding=\"async\" class=\"img-fluid lazyload\" data-src=\"https:\/\/noticias.santacruz.gob.ar\/media\/ssigallery\/articulos\/26396\/inline\/10.jpg\" alt=\"R\u00edo Gallegos fue sede de una competencia de freestyle rumbo al encuentro nacional de Pico Truncado\" src=\"data:image\/svg+xml;base64,PHN2ZyB3aWR0aD0iMSIgaGVpZ2h0PSIxIiB4bWxucz0iaHR0cDovL3d3dy53My5vcmcvMjAwMC9zdmciPjwvc3ZnPg==\" \/><\/figure>\n<p>La competencia se desarroll\u00f3 en paralelo con otras actividades anunciadas por la funcionaria. Entre ellas, mencion\u00f3 la inauguraci\u00f3n de una Feria Provincial del Libro en el mismo espacio cultural y una nueva edici\u00f3n del programa Viva Barrio, en Puerto Deseado.<\/p>\n<h2>Feria del libro y Viva Barrio en Puerto Deseado<\/h2>\n<p>Durante la entrevista, Elmiger inform\u00f3 que la Feria Provincial del Libro se inaugurar\u00e1 ma\u00f1ana viernes en el Centro Cultural y la propuesta incluir\u00eda la participaci\u00f3n de organismos provinciales y escritores de reconocimiento nacional.<\/p>\n<p>\u201cVamos a hacer la inauguraci\u00f3n de la Feria del Libro ma\u00f1ana a las 12:30 horas, en el Centro Cultural, que est\u00e1 preparando todo con muchas novedades. Va a ser una Feria disruptiva, en comparaci\u00f3n de las Ferias del Libro que ven\u00edamos teniendo en la capital, con un mont\u00f3n de participaci\u00f3n de los organismos provinciales y tambi\u00e9n de escritores de renombre nacional\u201d, indic\u00f3.<\/p>\n<p>La ministra agreg\u00f3 que la actividad comenzar\u00eda el s\u00e1bado a las 14:00 horas y se extender\u00eda hasta el 13 de septiembre.<\/p>\n<p>\u201cEst\u00e1n todos invitados al centro cultural para disfrutar de una feria del libro distinta y con muchas opciones\u201d, expres\u00f3.<\/p>\n<p>Por otra parte, Elmiger confirm\u00f3 su presencia en una jornada de Viva Barrio en Puerto Deseado. La actividad se realizar\u00eda en la Escuela N\u00b087, entre las 10:00 y las 17:00 horas, con el objetivo de acercar servicios estatales a la comunidad.<\/p>\n<p>\u201cEl d\u00eda s\u00e1bado vamos a estar en el Viva Barrio, en la localidad de Puerto Deseado, acercando todos los servicios del Estado de la comunidad. Como decimos siempre, Viva Barrio, Somos Comunidad, ese es el eslogan de esta acci\u00f3n de Gobierno, de esta pol\u00edtica que nos encarg\u00f3 el gobernador\u00a0<strong>Claudio Vidal<\/strong>\u201d, afirm\u00f3.<\/p>\n<p>Luego, reiter\u00f3 la invitaci\u00f3n a los vecinos de la localidad: \u201cEst\u00e1n todos invitados para acompa\u00f1ar al Viva barrio, el estado en tu barrio\u201d.<\/p>\n<\/div>\n<\/div>\n<\/section>\n<aside class=\"ssi-block-side\">\n<aside class=\"a-gallery mt-2\">\n<div class=\"row g-3 ssigallery-frontend mt-3 row-cols-2 row-cols-sm-3 row-cols-md-3 row-cols-lg-4\">\n<div class=\"col-6 col-sm-4 col-md-4 col-lg-3 mt-0\"><a class=\"ssig-item\" href=\"https:\/\/noticias.santacruz.gob.ar\/media\/ssigallery\/articulos\/26396\/galeria\/12.jpg\" data-ssig=\"1\" data-caption=\"\" data-fancybox=\"ssigallery-article-26396\"><img decoding=\"async\" class=\"img-fluid rounded lazyload\" data-src=\"https:\/\/noticias.santacruz.gob.ar\/media\/ssigallery\/articulos\/26396\/galeria\/thumbs\/12.jpg\" alt=\"R\u00edo Gallegos fue sede de una competencia de freestyle rumbo al encuentro nacional de Pico Truncado\" src=\"data:image\/svg+xml;base64,PHN2ZyB3aWR0aD0iMSIgaGVpZ2h0PSIxIiB4bWxucz0iaHR0cDovL3d3dy53My5vcmcvMjAwMC9zdmciPjwvc3ZnPg==\" \/><\/a><\/div>\n<div class=\"col-6 col-sm-4 col-md-4 col-lg-3 mt-0\"><a class=\"ssig-item\" href=\"https:\/\/noticias.santacruz.gob.ar\/media\/ssigallery\/articulos\/26396\/galeria\/18.jpg\" data-ssig=\"1\" data-caption=\"\" data-fancybox=\"ssigallery-article-26396\"><img decoding=\"async\" class=\"img-fluid rounded lazyload\" data-src=\"https:\/\/noticias.santacruz.gob.ar\/media\/ssigallery\/articulos\/26396\/galeria\/thumbs\/18.jpg\" alt=\"R\u00edo Gallegos fue sede de una competencia de freestyle rumbo al encuentro nacional de Pico Truncado\" src=\"data:image\/svg+xml;base64,PHN2ZyB3aWR0aD0iMSIgaGVpZ2h0PSIxIiB4bWxucz0iaHR0cDovL3d3dy53My5vcmcvMjAwMC9zdmciPjwvc3ZnPg==\" \/><\/a><\/div>\n<\/div>\n<\/aside>\n<\/aside>\n<\/div>\n<\/div>\n","protected":false},"excerpt":{"rendered":"<p>03 de Septiembre 2026. La capital santacruce\u00f1a fue sede de la primera instancia de una competencia de freestyle organizada para<\/p>\n","protected":false},"author":8,"featured_media":48104,"comment_status":"open","ping_status":"closed","sticky":false,"template":"","format":"standard","meta":{"footnotes":""},"categories":[1094],"tags":[],"class_list":["post-48103","post","type-post","status-publish","format-standard","has-post-thumbnail","hentry","category-gobierno"],"_links":{"self":[{"href":"https:\/\/ecosdelsur.com\/index.php?rest_route=\/wp\/v2\/posts\/48103","targetHints":{"allow":["GET"]}}],"collection":[{"href":"https:\/\/ecosdelsur.com\/index.php?rest_route=\/wp\/v2\/posts"}],"about":[{"href":"https:\/\/ecosdelsur.com\/index.php?rest_route=\/wp\/v2\/types\/post"}],"author":[{"embeddable":true,"href":"https:\/\/ecosdelsur.com\/index.php?rest_route=\/wp\/v2\/users\/8"}],"replies":[{"embeddable":true,"href":"https:\/\/ecosdelsur.com\/index.php?rest_route=%2Fwp%2Fv2%2Fcomments&post=48103"}],"version-history":[{"count":1,"href":"https:\/\/ecosdelsur.com\/index.php?rest_route=\/wp\/v2\/posts\/48103\/revisions"}],"predecessor-version":[{"id":48105,"href":"https:\/\/ecosdelsur.com\/index.php?rest_route=\/wp\/v2\/posts\/48103\/revisions\/48105"}],"wp:featuredmedia":[{"embeddable":true,"href":"https:\/\/ecosdelsur.com\/index.php?rest_route=\/wp\/v2\/media\/48104"}],"wp:attachment":[{"href":"https:\/\/ecosdelsur.com\/index.php?rest_route=%2Fwp%2Fv2%2Fmedia&parent=48103"}],"wp:term":[{"taxonomy":"category","embeddable":true,"href":"https:\/\/ecosdelsur.com\/index.php?rest_route=%2Fwp%2Fv2%2Fcategories&post=48103"},{"taxonomy":"post_tag","embeddable":true,"href":"https:\/\/ecosdelsur.com\/index.php?rest_route=%2Fwp%2Fv2%2Ftags&post=48103"}],"curies":[{"name":"wp","href":"https:\/\/api.w.org\/{rel}","templated":true}]}}