{"id":48100,"date":"2026-09-03T22:38:18","date_gmt":"2026-09-04T01:38:18","guid":{"rendered":"https:\/\/ecosdelsur.com\/?p=48100"},"modified":"2026-09-03T22:38:18","modified_gmt":"2026-09-04T01:38:18","slug":"educacion-continua-con-trabajos-de-mantenimiento-en-escuelas-de-caleta-olivia","status":"publish","type":"post","link":"https:\/\/ecosdelsur.com\/?p=48100","title":{"rendered":"Educaci\u00f3n contin\u00faa con trabajos de mantenimiento en escuelas de Caleta Olivia"},"content":{"rendered":"<p><span style=\"color: #ff0000;\">03 de Septiembre 2026. <\/span>En el marco del Plan de Mantenimiento Escolar, el Consejo Provincial de Educaci\u00f3n (CPE) concret\u00f3 nuevos trabajos en las Escuelas Primarias Provinciales N\u00b013 y N\u00b065 de Caleta Olivia. Generar condiciones en los entornos educativos es nuestro compromiso y d\u00eda a d\u00eda trabajamos para que sea posible.<\/p>\n<div class=\"redes mb-3\">\n<div class=\"d-flex flex-wrap justify-content-between align-items-center gap-3 my-2 mx-1\">\n<p>Durante la jornada de este jueves, las cuadrillas de mantenimiento del Consejo Provincial de Educaci\u00f3n (CPE) llevaron adelante distintas\u00a0<strong>intervenciones<\/strong>\u00a0en establecimientos de Caleta Olivia, con el objetivo de dar respuesta a las\u00a0<strong>necesidades edilicias<\/strong>\u00a0prioritarias de cada comunidad educativa.<\/p>\n<p>Entre las tareas destacadas del d\u00eda, se llevaron a cabo los\u00a0<strong>siguientes trabajos<\/strong>:<\/p>\n<p><strong>EPP N\u00b013:<\/strong>\u00a0Colocaci\u00f3n de nuevas luminarias para optimizar las condiciones de iluminaci\u00f3n en los distintos espacios escolares.<\/p>\n<p><strong>EPP N\u00b065:<\/strong>\u00a0Intervenciones de instalaci\u00f3n y mantenimiento el\u00e9ctrico, que incluyeron el recambio de una llave t\u00e9rmica y la puesta en funcionamiento de dos equipos de calefacci\u00f3n central.<\/p>\n<figure class=\"ssi-inline-image my-3\"><img decoding=\"async\" class=\"img-fluid lazyload\" data-src=\"https:\/\/noticias.santacruz.gob.ar\/media\/ssigallery\/articulos\/26394\/inline\/Imagen_1.JPG\" alt=\"Educaci\u00f3n contin\u00faa con trabajos de mantenimiento en escuelas de Caleta Olivia\" src=\"data:image\/svg+xml;base64,PHN2ZyB3aWR0aD0iMSIgaGVpZ2h0PSIxIiB4bWxucz0iaHR0cDovL3d3dy53My5vcmcvMjAwMC9zdmciPjwvc3ZnPg==\" \/><\/figure>\n<p>En relaci\u00f3n a este despliegue, la directora General Regional de Educaci\u00f3n Zona Norte,\u00a0<strong>Magdalena Paredes<\/strong>, sostuvo que se mantiene una presencia constante en el territorio para escuchar a los equipos directivos y brindar soluciones operativas inmediatas.<\/p>\n<p>Asimismo, estas acciones se enmarcan en el\u00a0<strong>plan integral de mantenimiento<\/strong>\u00a0que se impulsa en la zona norte para asegurar ambientes funcionales y adecuados para estudiantes, docentes y personal auxiliar.<\/p>\n<p><img decoding=\"async\" data-src=\"https:\/\/noticias.santacruz.gob.ar\/media\/ssigallery\/articulos\/26394\/galeria\/thumbs\/260903-MANTENIMIENTO__1_.JPEG\" alt=\"Educaci\u00f3n contin\u00faa con trabajos de mantenimiento en escuelas de Caleta Olivia\" src=\"data:image\/svg+xml;base64,PHN2ZyB3aWR0aD0iMSIgaGVpZ2h0PSIxIiB4bWxucz0iaHR0cDovL3d3dy53My5vcmcvMjAwMC9zdmciPjwvc3ZnPg==\" class=\"lazyload\" \/><\/p>\n<\/div>\n<\/div>\n","protected":false},"excerpt":{"rendered":"<p>03 de Septiembre 2026. En el marco del Plan de Mantenimiento Escolar, el Consejo Provincial de Educaci\u00f3n (CPE) concret\u00f3 nuevos<\/p>\n","protected":false},"author":8,"featured_media":48101,"comment_status":"open","ping_status":"closed","sticky":false,"template":"","format":"standard","meta":{"footnotes":""},"categories":[89],"tags":[],"class_list":["post-48100","post","type-post","status-publish","format-standard","has-post-thumbnail","hentry","category-educacion"],"_links":{"self":[{"href":"https:\/\/ecosdelsur.com\/index.php?rest_route=\/wp\/v2\/posts\/48100","targetHints":{"allow":["GET"]}}],"collection":[{"href":"https:\/\/ecosdelsur.com\/index.php?rest_route=\/wp\/v2\/posts"}],"about":[{"href":"https:\/\/ecosdelsur.com\/index.php?rest_route=\/wp\/v2\/types\/post"}],"author":[{"embeddable":true,"href":"https:\/\/ecosdelsur.com\/index.php?rest_route=\/wp\/v2\/users\/8"}],"replies":[{"embeddable":true,"href":"https:\/\/ecosdelsur.com\/index.php?rest_route=%2Fwp%2Fv2%2Fcomments&post=48100"}],"version-history":[{"count":1,"href":"https:\/\/ecosdelsur.com\/index.php?rest_route=\/wp\/v2\/posts\/48100\/revisions"}],"predecessor-version":[{"id":48102,"href":"https:\/\/ecosdelsur.com\/index.php?rest_route=\/wp\/v2\/posts\/48100\/revisions\/48102"}],"wp:featuredmedia":[{"embeddable":true,"href":"https:\/\/ecosdelsur.com\/index.php?rest_route=\/wp\/v2\/media\/48101"}],"wp:attachment":[{"href":"https:\/\/ecosdelsur.com\/index.php?rest_route=%2Fwp%2Fv2%2Fmedia&parent=48100"}],"wp:term":[{"taxonomy":"category","embeddable":true,"href":"https:\/\/ecosdelsur.com\/index.php?rest_route=%2Fwp%2Fv2%2Fcategories&post=48100"},{"taxonomy":"post_tag","embeddable":true,"href":"https:\/\/ecosdelsur.com\/index.php?rest_route=%2Fwp%2Fv2%2Ftags&post=48100"}],"curies":[{"name":"wp","href":"https:\/\/api.w.org\/{rel}","templated":true}]}}