{"id":48091,"date":"2026-09-03T18:56:33","date_gmt":"2026-09-03T21:56:33","guid":{"rendered":"https:\/\/ecosdelsur.com\/?p=48091"},"modified":"2026-09-03T18:56:33","modified_gmt":"2026-09-03T21:56:33","slug":"fomicruz-presento-su-portfolio-de-proyectos-y-el-potencial-del-macizo-del-deseado","status":"publish","type":"post","link":"https:\/\/ecosdelsur.com\/?p=48091","title":{"rendered":"FOMICRUZ present\u00f3 su portfolio de proyectos y el potencial del Macizo del Deseado"},"content":{"rendered":"<p><span style=\"color: #ff0000;\">03 de Septiembre 2026. <\/span>Este jueves, el presidente de FOMICRUZ S.E., Fernando Ba\u00f1os, junto al reconocido consultor del sector Alberto Carlocchia, brind\u00f3 un conversatorio sobre las bondades minerales de Santa Cruz y las posibilidades de inversi\u00f3n que brinda la gesti\u00f3n del gobernador Claudio Vidal.<\/p>\n<div class=\"redes mb-3\">\n<div class=\"d-flex flex-wrap justify-content-between align-items-center gap-3 my-2 mx-1\">\n<p>En una jornada de gran importancia institucional y estrat\u00e9gica para la miner\u00eda,\u00a0<strong>Fomento Minero de Santa Cruz Sociedad del Estado<\/strong>\u00a0(FOMICRUZ S.E.), en representaci\u00f3n del Gobierno provincial, tuvo una participaci\u00f3n protag\u00f3nica este jueves durante el segundo d\u00eda de la cumbre\u00a0<strong>Argentina Mining Norte 2026<\/strong>.<\/p>\n<p>El sal\u00f3n principal del Centro de Convenciones de Salta fue escenario de la conferencia denominada\u00a0<strong>&#8220;Socios en el Macizo del Deseado: De los casos de \u00e9xito al nuevo portfolio de Fomicruz&#8221;<\/strong>. La presentaci\u00f3n estuvo encabezada por el presidente de FOMICRUZ S.E.,\u00a0<strong>Fernando Ba\u00f1os<\/strong>, acompa\u00f1ado en modalidad de conversatorio por el destacado consultor del sector minero, Alberto Carlocchia.<\/p>\n<p>El gran auditorio cont\u00f3 con una nutrida concurrencia integrada por autoridades nacionales y provinciales, ejecutivos de compa\u00f1\u00edas multinacionales, nacionales, firmas Junior, inversores, profesionales ge\u00f3logos y referentes destacados de la industria minera argentina e internacional.<\/p>\n<figure class=\"ssi-inline-image my-3\"><img decoding=\"async\" class=\"img-fluid lazyload\" data-src=\"https:\/\/noticias.santacruz.gob.ar\/media\/ssigallery\/articulos\/26389\/inline\/WhatsApp_Image_2026-09-03_at_6.20.06_PM.jpeg\" alt=\"FOMICRUZ present\u00f3 su portfolio de proyectos y el potencial del Macizo del Deseado\" src=\"data:image\/svg+xml;base64,PHN2ZyB3aWR0aD0iMSIgaGVpZ2h0PSIxIiB4bWxucz0iaHR0cDovL3d3dy53My5vcmcvMjAwMC9zdmciPjwvc3ZnPg==\" \/><\/figure>\n<h2>El &#8220;Sello Santa Cruz&#8221;<\/h2>\n<p>Durante la disertaci\u00f3n,\u00a0<strong>se ratific\u00f3 el liderazgo indiscutido de la provincia en la miner\u00eda metal\u00edfera del pa\u00eds.<\/strong>\u00a0En ese marco, Fernando Ba\u00f1os, presidente de Fomento Minero de Santa Cruz, subray\u00f3 que, durante el\u00a0<strong>primer semestre de 2026<\/strong>,\u00a0<strong>la provincia alcanz\u00f3 exportaciones mineras por USD 1.895 millones, lo que representa un crecimiento del 70% respecto al mismo per\u00edodo de 2025<\/strong>. Con este desempe\u00f1o,\u00a0<strong>4 de cada 10 d\u00f3lares<\/strong>\u00a0exportados por la miner\u00eda argentina provienen del\u00a0<strong>Macizo del Deseado<\/strong>.<\/p>\n<p><strong>&#8220;Ese liderazgo no es solo hist\u00f3rico, sino absolutamente presente y contundente&#8221;,<\/strong>\u00a0remarc\u00f3 Ba\u00f1os, se\u00f1alando que la asociaci\u00f3n estrat\u00e9gica con FOMICRUZ ofrece a los inversores previsibilidad, certidumbre, dominio territorial y una s\u00f3lida base de datos geol\u00f3gicos que acorta los tiempos y reduce el riesgo exploratorio. Y en este aspecto remarc\u00f3\u00a0<strong>&#8220;la decisi\u00f3n pol\u00edtica del Gobernador de hacer accesible la informaci\u00f3n de las propiedades y proyectos para los potenciales interesados, data que en breve estar\u00e1 disponible en nuestra nueva p\u00e1gina web&#8221;.<\/strong><\/p>\n<p>Respecto del \u00e9xito de experiencias asociativas,\u00a0<strong>Ba\u00f1os ejemplific\u00f3 que casos emblem\u00e1ticos de Joint Venture como Cerro Vanguardia o Cerro Moro<\/strong>\u00a0respaldan la seguridad jur\u00eddica y el cumplimiento contractual de la provincia.<\/p>\n<figure class=\"ssi-inline-image my-3\"><img decoding=\"async\" class=\"img-fluid lazyload\" data-src=\"https:\/\/noticias.santacruz.gob.ar\/media\/ssigallery\/articulos\/26389\/inline\/WhatsApp_Image_2026-09-03_at_6.19.58_PM.jpeg\" alt=\"FOMICRUZ present\u00f3 su portfolio de proyectos y el potencial del Macizo del Deseado\" src=\"data:image\/svg+xml;base64,PHN2ZyB3aWR0aD0iMSIgaGVpZ2h0PSIxIiB4bWxucz0iaHR0cDovL3d3dy53My5vcmcvMjAwMC9zdmciPjwvc3ZnPg==\" \/><\/figure>\n<h2>Pol\u00edtica de puertas abiertas del Gobierno provincial<\/h2>\n<p>La exposici\u00f3n sirvi\u00f3 adem\u00e1s para visibilizar la impronta de gesti\u00f3n que encabeza el gobernador\u00a0<strong>Claudio Vidal<\/strong>, caracterizada por una pol\u00edtica activa y de puertas abiertas a las inversiones privadas, la seguridad jur\u00eddica y el desarrollo productivo sustentable.<\/p>\n<p>Bajo la premisa de generar sinergia p\u00fablico-privada, FOMICRUZ impulsa esquemas asociativos donde el Estado provincial aporta el respaldo institucional, el conocimiento del terreno y la informaci\u00f3n geol\u00f3gica, mientras que el sector privado aporta el capital, la tecnolog\u00eda y el know-how para acelerar los descubrimientos.<\/p>\n<p>Al cierre de la charla, Ba\u00f1os invit\u00f3 a las delegaciones t\u00e9cnicas e inversores a acercarse a su espacio institucional (Stand F504), dispuesto para mantener reuniones bilaterales y acceder a las fichas t\u00e9cnicas actualizadas de su portfolio.<\/p>\n<figure class=\"ssi-inline-image my-3\"><img decoding=\"async\" class=\"img-fluid lazyload\" data-src=\"https:\/\/noticias.santacruz.gob.ar\/media\/ssigallery\/articulos\/26389\/inline\/WhatsApp_Image_2026-09-03_at_6.19.52_PM.jpeg\" alt=\"FOMICRUZ present\u00f3 su portfolio de proyectos y el potencial del Macizo del Deseado\" src=\"data:image\/svg+xml;base64,PHN2ZyB3aWR0aD0iMSIgaGVpZ2h0PSIxIiB4bWxucz0iaHR0cDovL3d3dy53My5vcmcvMjAwMC9zdmciPjwvc3ZnPg==\" \/><\/figure>\n<\/div>\n<\/div>\n","protected":false},"excerpt":{"rendered":"<p>03 de Septiembre 2026. Este jueves, el presidente de FOMICRUZ S.E., Fernando Ba\u00f1os, junto al reconocido consultor del sector Alberto<\/p>\n","protected":false},"author":8,"featured_media":48092,"comment_status":"open","ping_status":"closed","sticky":false,"template":"","format":"standard","meta":{"footnotes":""},"categories":[1094],"tags":[],"class_list":["post-48091","post","type-post","status-publish","format-standard","has-post-thumbnail","hentry","category-gobierno"],"_links":{"self":[{"href":"https:\/\/ecosdelsur.com\/index.php?rest_route=\/wp\/v2\/posts\/48091","targetHints":{"allow":["GET"]}}],"collection":[{"href":"https:\/\/ecosdelsur.com\/index.php?rest_route=\/wp\/v2\/posts"}],"about":[{"href":"https:\/\/ecosdelsur.com\/index.php?rest_route=\/wp\/v2\/types\/post"}],"author":[{"embeddable":true,"href":"https:\/\/ecosdelsur.com\/index.php?rest_route=\/wp\/v2\/users\/8"}],"replies":[{"embeddable":true,"href":"https:\/\/ecosdelsur.com\/index.php?rest_route=%2Fwp%2Fv2%2Fcomments&post=48091"}],"version-history":[{"count":1,"href":"https:\/\/ecosdelsur.com\/index.php?rest_route=\/wp\/v2\/posts\/48091\/revisions"}],"predecessor-version":[{"id":48093,"href":"https:\/\/ecosdelsur.com\/index.php?rest_route=\/wp\/v2\/posts\/48091\/revisions\/48093"}],"wp:featuredmedia":[{"embeddable":true,"href":"https:\/\/ecosdelsur.com\/index.php?rest_route=\/wp\/v2\/media\/48092"}],"wp:attachment":[{"href":"https:\/\/ecosdelsur.com\/index.php?rest_route=%2Fwp%2Fv2%2Fmedia&parent=48091"}],"wp:term":[{"taxonomy":"category","embeddable":true,"href":"https:\/\/ecosdelsur.com\/index.php?rest_route=%2Fwp%2Fv2%2Fcategories&post=48091"},{"taxonomy":"post_tag","embeddable":true,"href":"https:\/\/ecosdelsur.com\/index.php?rest_route=%2Fwp%2Fv2%2Ftags&post=48091"}],"curies":[{"name":"wp","href":"https:\/\/api.w.org\/{rel}","templated":true}]}}