{"id":48088,"date":"2026-09-03T18:54:59","date_gmt":"2026-09-03T21:54:59","guid":{"rendered":"https:\/\/ecosdelsur.com\/?p=48088"},"modified":"2026-09-03T18:54:59","modified_gmt":"2026-09-03T21:54:59","slug":"avanzan-en-agenda-de-infraestructura-y-finanzas-locales","status":"publish","type":"post","link":"https:\/\/ecosdelsur.com\/?p=48088","title":{"rendered":"Avanzan en agenda de infraestructura y finanzas locales"},"content":{"rendered":"<p><span style=\"color: #ff0000;\">03 de Septiembre 2026. <\/span>El ministro de Econom\u00eda, Finanzas e Infraestructura se reuni\u00f3 con la intendenta de Comandante Luis Piedra Buena en la continuidad de los encuentros que se desarrollan entre Provincia y Municipios para optimizar la situaci\u00f3n financiera de las distintas localidades.<\/p>\n<div class=\"redes mb-3\">\n<div class=\"d-flex flex-wrap justify-content-between align-items-center gap-3 my-2 mx-1\">\n<p>En el marco de las acciones de articulaci\u00f3n entre la provincia y los municipios santacruce\u00f1os, el ministro de Econom\u00eda, Finanzas e Infraestructura,\u00a0<strong>Ezequiel Verbes<\/strong>, \u00a0mantuvo un encuentro con la intendenta de Comandante Luis Piedra Buena,\u00a0<strong>Anal\u00eda Far\u00edas<\/strong>, con el fin de coordinar prioridades en materia de obras p\u00fablicas, servicios y proyecciones econ\u00f3micas para la localidad.<\/p>\n<figure class=\"ssi-inline-image my-3\"><img decoding=\"async\" class=\"img-fluid lazyload\" data-src=\"https:\/\/noticias.santacruz.gob.ar\/media\/ssigallery\/articulos\/26387\/inline\/WhatsApp_Image_2026-09-03_at_5.53.41_PM.jpeg\" alt=\"Avanzan en agenda de infraestructura y finanzas locales\" src=\"data:image\/svg+xml;base64,PHN2ZyB3aWR0aD0iMSIgaGVpZ2h0PSIxIiB4bWxucz0iaHR0cDovL3d3dy53My5vcmcvMjAwMC9zdmciPjwvc3ZnPg==\" \/><\/figure>\n<p>Durante el encuentro, adem\u00e1s, se realiz\u00f3 un an\u00e1lisis del estado de pagos vinculados a la Caja de Previsi\u00f3n Social y a la Caja de Servicios Social, coordinando esquemas administrativos para optimizar la situaci\u00f3n financiera de la jurisdicci\u00f3n.<\/p>\n<h2>Obras estrat\u00e9gicas y eficiencia del gasto p\u00fablico<\/h2>\n<p>En cuanto al desarrollo urbano e infraestructura local, se abord\u00f3 el estado de diversas obras estrat\u00e9gicas para la comunidad, con especial foco en la reactivaci\u00f3n del proyecto de las 40 viviendas que actualmente se encuentran paralizadas, el acondicionamiento de las oficinas provinciales radicadas en la localidad y la planificaci\u00f3n para la construcci\u00f3n de nuevas veredas.<\/p>\n<p>Asimismo, en el aspecto presupuestario, se evaluaron las proyecciones de recaudaci\u00f3n para los \u00faltimos meses del a\u00f1o, planificando esquemas que permitan sostener la eficiencia del gasto p\u00fablico y dar continuidad a las acciones prioritarias orientadas a los vecinos de Piedra Buena.<\/p>\n<figure class=\"ssi-inline-image my-3\"><img decoding=\"async\" class=\"img-fluid lazyload\" data-src=\"https:\/\/noticias.santacruz.gob.ar\/media\/ssigallery\/articulos\/26387\/inline\/WhatsApp_Image_2026-09-03_at_5.53.42_PM.jpeg\" alt=\"Avanzan en agenda de infraestructura y finanzas locales\" src=\"data:image\/svg+xml;base64,PHN2ZyB3aWR0aD0iMSIgaGVpZ2h0PSIxIiB4bWxucz0iaHR0cDovL3d3dy53My5vcmcvMjAwMC9zdmciPjwvc3ZnPg==\" \/><\/figure>\n<p>Desde el Gobierno Provincial y el Municipio se reafirm\u00f3 el compromiso de mantener una agenda abierta y de trabajo en conjunto para dar respuestas concretas a las demandas de infraestructura y desarrollo social en el territorio.<\/p>\n<\/div>\n<\/div>\n","protected":false},"excerpt":{"rendered":"<p>03 de Septiembre 2026. El ministro de Econom\u00eda, Finanzas e Infraestructura se reuni\u00f3 con la intendenta de Comandante Luis Piedra<\/p>\n","protected":false},"author":8,"featured_media":48089,"comment_status":"open","ping_status":"closed","sticky":false,"template":"","format":"standard","meta":{"footnotes":""},"categories":[34],"tags":[],"class_list":["post-48088","post","type-post","status-publish","format-standard","has-post-thumbnail","hentry","category-economia"],"_links":{"self":[{"href":"https:\/\/ecosdelsur.com\/index.php?rest_route=\/wp\/v2\/posts\/48088","targetHints":{"allow":["GET"]}}],"collection":[{"href":"https:\/\/ecosdelsur.com\/index.php?rest_route=\/wp\/v2\/posts"}],"about":[{"href":"https:\/\/ecosdelsur.com\/index.php?rest_route=\/wp\/v2\/types\/post"}],"author":[{"embeddable":true,"href":"https:\/\/ecosdelsur.com\/index.php?rest_route=\/wp\/v2\/users\/8"}],"replies":[{"embeddable":true,"href":"https:\/\/ecosdelsur.com\/index.php?rest_route=%2Fwp%2Fv2%2Fcomments&post=48088"}],"version-history":[{"count":1,"href":"https:\/\/ecosdelsur.com\/index.php?rest_route=\/wp\/v2\/posts\/48088\/revisions"}],"predecessor-version":[{"id":48090,"href":"https:\/\/ecosdelsur.com\/index.php?rest_route=\/wp\/v2\/posts\/48088\/revisions\/48090"}],"wp:featuredmedia":[{"embeddable":true,"href":"https:\/\/ecosdelsur.com\/index.php?rest_route=\/wp\/v2\/media\/48089"}],"wp:attachment":[{"href":"https:\/\/ecosdelsur.com\/index.php?rest_route=%2Fwp%2Fv2%2Fmedia&parent=48088"}],"wp:term":[{"taxonomy":"category","embeddable":true,"href":"https:\/\/ecosdelsur.com\/index.php?rest_route=%2Fwp%2Fv2%2Fcategories&post=48088"},{"taxonomy":"post_tag","embeddable":true,"href":"https:\/\/ecosdelsur.com\/index.php?rest_route=%2Fwp%2Fv2%2Ftags&post=48088"}],"curies":[{"name":"wp","href":"https:\/\/api.w.org\/{rel}","templated":true}]}}