{"id":48085,"date":"2026-09-03T18:53:20","date_gmt":"2026-09-03T21:53:20","guid":{"rendered":"https:\/\/ecosdelsur.com\/?p=48085"},"modified":"2026-09-03T18:53:20","modified_gmt":"2026-09-03T21:53:20","slug":"educacion-promueve-la-formacion-de-espectadores-en-las-escuelas-en-zona-centro","status":"publish","type":"post","link":"https:\/\/ecosdelsur.com\/?p=48085","title":{"rendered":"Educaci\u00f3n promueve la formaci\u00f3n de espectadores en las escuelas en Zona Centro"},"content":{"rendered":"<p><span style=\"color: #ff0000;\">03 de Septiembre 2026. <\/span>El Consejo Provincial de Educaci\u00f3n, a trav\u00e9s de la Direcci\u00f3n General de Educaci\u00f3n Art\u00edstica, desarrolla entre el 3 y el 5 de septiembre una agenda de acompa\u00f1amiento pedag\u00f3gico y cultural en Comandante Luis Piedra Buena y Puerto Santa Cruz.<\/p>\n<div class=\"redes mb-3\">\n<div class=\"d-flex flex-wrap justify-content-between align-items-center gap-3 my-2 mx-1\">\n<section class=\"ssi-block-main mb-5\">\n<div class=\"mb-2\">\n<div class=\"article-full\">\n<p>La iniciativa se enmarca en las directrices del\u00a0<strong>Plan Nacional de Alfabetizaci\u00f3n y el Plan Jurisdiccional Santa Cruz Plen@<\/strong>, buscando fortalecer la alfabetizaci\u00f3n en lenguajes esc\u00e9nicos y acompa\u00f1ar a las comunidades educativas del territorio provincial.<\/p>\n<p>El proyecto impulsado tiene como prop\u00f3sito central la formaci\u00f3n de nuevos espectadores y la mediaci\u00f3n cultural en danza y teatro. La delegaci\u00f3n institucional est\u00e1 encabezada por la directora General de Educaci\u00f3n Art\u00edstica,\u00a0<strong>Mar\u00eda Elena Carri\u00f3n<\/strong>, junto a las coordinadoras del proyecto,\u00a0<strong>Silvina Vilanova y Lucrecia Vivanco<\/strong>, contando adem\u00e1s con la participaci\u00f3n de la directora Regional Zona Centro,\u00a0<strong>Mar\u00eda P\u00eda Morini.<\/strong><\/p>\n<h2>Funciones pedag\u00f3gicas y debate para estudiantes<\/h2>\n<p>Las actividades para la\u00a0<strong>comunidad estudiantil<\/strong>\u00a0comienzan en el\u00a0<strong>Centro Cultural Mario Otero de Comandante Luis Piedra Buena<\/strong>\u00a0y contin\u00faan en la\u00a0<strong>Escuela Provincial Primaria N\u00b0 2 &#8220;Domingo Faustino Sarmiento&#8221;,\u00a0<\/strong>de Puerto Santa Cruz.<\/p>\n<p>Para el Ciclo Orientado del Nivel Secundario se presenta la\u00a0<strong>obra teatral Padre Nuestro<\/strong>, con la direcci\u00f3n y actuaci\u00f3n\u00a0<strong>de Andr\u00e9s Alaniz\u00a0<\/strong>y la t\u00e9cnica de\u00a0<strong>Mat\u00edas Silveri.<\/strong>\u00a0La propuesta incluye actividades previas y posteriores a la funci\u00f3n, abriendo un espacio de charla debate con los realizadores para analizar los elementos t\u00e9cnicos, est\u00e9ticos y argumentales del espect\u00e1culo.<\/p>\n<p>Por su parte, los alumnos de la primera unidad pedag\u00f3gica del Nivel Primario disfrutan de la obra de danza teatro Un poroto cualquiera, a cargo del\u00a0<strong>taller MovLab<\/strong>\u00a0coordinado por\u00a0<strong>Valeria Valenzuela.\u00a0<\/strong>Tras la presentaci\u00f3n, el equipo del proyecto coordina un espacio de encuentro y di\u00e1logo entre el elenco y el p\u00fablico infantil.<\/p>\n<h2>Talleres de capacitaci\u00f3n para educadores<\/h2>\n<p>A fin de brindar herramientas a los docentes de todos los niveles y modalidades, se dicta el taller denominado\u00a0<strong>El aula y las artes esc\u00e9nicas<\/strong>: herramientas para la mediaci\u00f3n cultural y la formaci\u00f3n de espectadores. Esta instancia formativa, a cargo de\u00a0<strong>Silvina Vilanova y Lucrecia Vivanco,\u00a0<\/strong>se dicta por la tarde en ambas localidades para profundizar el uso pedag\u00f3gico de las artes esc\u00e9nicas en las aulas.<\/p>\n<p>A trav\u00e9s de este despliegue territorial, la cartera educativa provincial reafirma su compromiso con el desarrollo de experiencias formativas integrales, promoviendo el acceso a bienes culturales y garantizando el acompa\u00f1amiento situacional a los equipos docentes.<\/p>\n<\/div>\n<\/div>\n<\/section>\n<aside class=\"ssi-block-side\">\n<aside class=\"a-gallery mt-2\">\n<div class=\"row g-3 ssigallery-frontend mt-3 row-cols-2 row-cols-sm-3 row-cols-md-3 row-cols-lg-4\">\n<div class=\"col-6 col-sm-4 col-md-4 col-lg-3 mt-0\"><a class=\"ssig-item\" href=\"https:\/\/noticias.santacruz.gob.ar\/media\/ssigallery\/articulos\/26391\/galeria\/260903-FORMACI__N_DE_ESPECTADORES__1_.png\" data-ssig=\"1\" data-caption=\"\" data-fancybox=\"ssigallery-article-26391\"><img decoding=\"async\" class=\"img-fluid rounded lazyload\" data-src=\"https:\/\/noticias.santacruz.gob.ar\/media\/ssigallery\/articulos\/26391\/galeria\/thumbs\/260903-FORMACI__N_DE_ESPECTADORES__1_.png\" alt=\"Educaci\u00f3n promueve la formaci\u00f3n de espectadores en las escuelas en Zona Centro\" src=\"data:image\/svg+xml;base64,PHN2ZyB3aWR0aD0iMSIgaGVpZ2h0PSIxIiB4bWxucz0iaHR0cDovL3d3dy53My5vcmcvMjAwMC9zdmciPjwvc3ZnPg==\" \/><\/a><\/div>\n<div class=\"col-6 col-sm-4 col-md-4 col-lg-3 mt-0\"><a class=\"ssig-item\" href=\"https:\/\/noticias.santacruz.gob.ar\/media\/ssigallery\/articulos\/26391\/galeria\/260903-FORMACI__N_DE_ESPECTADORES__2_.png\" data-ssig=\"1\" data-caption=\"\" data-fancybox=\"ssigallery-article-26391\"><img decoding=\"async\" class=\"img-fluid rounded lazyload\" data-src=\"https:\/\/noticias.santacruz.gob.ar\/media\/ssigallery\/articulos\/26391\/galeria\/thumbs\/260903-FORMACI__N_DE_ESPECTADORES__2_.png\" alt=\"Educaci\u00f3n promueve la formaci\u00f3n de espectadores en las escuelas en Zona Centro\" src=\"data:image\/svg+xml;base64,PHN2ZyB3aWR0aD0iMSIgaGVpZ2h0PSIxIiB4bWxucz0iaHR0cDovL3d3dy53My5vcmcvMjAwMC9zdmciPjwvc3ZnPg==\" \/><\/a><\/div>\n<div class=\"col-6 col-sm-4 col-md-4 col-lg-3 mt-0\"><a class=\"ssig-item\" href=\"https:\/\/noticias.santacruz.gob.ar\/media\/ssigallery\/articulos\/26391\/galeria\/260903-FORMACI__N_DE_ESPECTADORES__3_.JPG\" data-ssig=\"1\" data-caption=\"\" data-fancybox=\"ssigallery-article-26391\"><img decoding=\"async\" class=\"img-fluid rounded lazyload\" data-src=\"https:\/\/noticias.santacruz.gob.ar\/media\/ssigallery\/articulos\/26391\/galeria\/thumbs\/260903-FORMACI__N_DE_ESPECTADORES__3_.JPG\" alt=\"Educaci\u00f3n promueve la formaci\u00f3n de espectadores en las escuelas en Zona Centro\" src=\"data:image\/svg+xml;base64,PHN2ZyB3aWR0aD0iMSIgaGVpZ2h0PSIxIiB4bWxucz0iaHR0cDovL3d3dy53My5vcmcvMjAwMC9zdmciPjwvc3ZnPg==\" \/><\/a><\/div>\n<div class=\"col-6 col-sm-4 col-md-4 col-lg-3 mt-0\"><\/div>\n<\/div>\n<\/aside>\n<\/aside>\n<\/div>\n<\/div>\n","protected":false},"excerpt":{"rendered":"<p>03 de Septiembre 2026. El Consejo Provincial de Educaci\u00f3n, a trav\u00e9s de la Direcci\u00f3n General de Educaci\u00f3n Art\u00edstica, desarrolla entre<\/p>\n","protected":false},"author":8,"featured_media":48086,"comment_status":"open","ping_status":"closed","sticky":false,"template":"","format":"standard","meta":{"footnotes":""},"categories":[89],"tags":[],"class_list":["post-48085","post","type-post","status-publish","format-standard","has-post-thumbnail","hentry","category-educacion"],"_links":{"self":[{"href":"https:\/\/ecosdelsur.com\/index.php?rest_route=\/wp\/v2\/posts\/48085","targetHints":{"allow":["GET"]}}],"collection":[{"href":"https:\/\/ecosdelsur.com\/index.php?rest_route=\/wp\/v2\/posts"}],"about":[{"href":"https:\/\/ecosdelsur.com\/index.php?rest_route=\/wp\/v2\/types\/post"}],"author":[{"embeddable":true,"href":"https:\/\/ecosdelsur.com\/index.php?rest_route=\/wp\/v2\/users\/8"}],"replies":[{"embeddable":true,"href":"https:\/\/ecosdelsur.com\/index.php?rest_route=%2Fwp%2Fv2%2Fcomments&post=48085"}],"version-history":[{"count":1,"href":"https:\/\/ecosdelsur.com\/index.php?rest_route=\/wp\/v2\/posts\/48085\/revisions"}],"predecessor-version":[{"id":48087,"href":"https:\/\/ecosdelsur.com\/index.php?rest_route=\/wp\/v2\/posts\/48085\/revisions\/48087"}],"wp:featuredmedia":[{"embeddable":true,"href":"https:\/\/ecosdelsur.com\/index.php?rest_route=\/wp\/v2\/media\/48086"}],"wp:attachment":[{"href":"https:\/\/ecosdelsur.com\/index.php?rest_route=%2Fwp%2Fv2%2Fmedia&parent=48085"}],"wp:term":[{"taxonomy":"category","embeddable":true,"href":"https:\/\/ecosdelsur.com\/index.php?rest_route=%2Fwp%2Fv2%2Fcategories&post=48085"},{"taxonomy":"post_tag","embeddable":true,"href":"https:\/\/ecosdelsur.com\/index.php?rest_route=%2Fwp%2Fv2%2Ftags&post=48085"}],"curies":[{"name":"wp","href":"https:\/\/api.w.org\/{rel}","templated":true}]}}