{"id":48079,"date":"2026-09-03T18:24:26","date_gmt":"2026-09-03T21:24:26","guid":{"rendered":"https:\/\/ecosdelsur.com\/?p=48079"},"modified":"2026-09-03T18:24:26","modified_gmt":"2026-09-03T21:24:26","slug":"santa-cruz-entre-las-provincias-con-mayor-participacion-en-el-plan-nacional-de-alfabetizacion","status":"publish","type":"post","link":"https:\/\/ecosdelsur.com\/?p=48079","title":{"rendered":"Santa Cruz entre las provincias con mayor participaci\u00f3n en el Plan Nacional de Alfabetizaci\u00f3n"},"content":{"rendered":"<p><span style=\"color: #ff0000;\">03 de Septiembre 2026. <\/span>Desde el Consejo Federal de Educaci\u00f3n se present\u00f3 un informe que permite identificar a las jurisdicciones con mayor participaci\u00f3n por parte de los supervisores en los trayectos formativos, en el marco del Plan Nacional de Alfabetizaci\u00f3n.<\/p>\n<div class=\"redes mb-3\">\n<div class=\"d-flex flex-wrap justify-content-between align-items-center gap-3 my-2 mx-1\">\n<section class=\"ssi-block-main mb-5\">\n<div class=\"mb-2\">\n<div class=\"article-full\">\n<p>En ese relevamiento,\u00a0<strong>Santa Cruz<\/strong>\u00a0se destac\u00f3 a nivel nacional con\u00a0<strong>un 95% de participaci\u00f3n<\/strong>, posicion\u00e1ndose entre las provincias con mayor compromiso.<\/p>\n<p>El dato pone en valor el trabajo que viene impulsando el Consejo Provincial de Educaci\u00f3n para fortalecer la\u00a0<strong>alfabetizaci\u00f3n en todos los niveles y modalidades<\/strong>, y el compromiso de los supervisores con la formaci\u00f3n continua para mejorar los aprendizajes fundamentales de los estudiantes.<\/p>\n<\/div>\n<\/div>\n<\/section>\n<aside class=\"ssi-block-side\">\n<aside class=\"a-gallery mt-2\">\n<div class=\"row g-3 ssigallery-frontend mt-3 row-cols-2 row-cols-sm-3 row-cols-md-3 row-cols-lg-4\">\n<div class=\"col-6 col-sm-4 col-md-4 col-lg-3 mt-0\"><a class=\"ssig-item\" href=\"https:\/\/noticias.santacruz.gob.ar\/media\/ssigallery\/articulos\/26386\/galeria\/260903-CAPACITACI__N_DOCENTE__1_.jpeg\" data-ssig=\"1\" data-caption=\"\" data-fancybox=\"ssigallery-article-26386\"><img decoding=\"async\" class=\"img-fluid rounded lazyload\" data-src=\"https:\/\/noticias.santacruz.gob.ar\/media\/ssigallery\/articulos\/26386\/galeria\/thumbs\/260903-CAPACITACI__N_DOCENTE__1_.jpeg\" alt=\"Santa Cruz entre las provincias con mayor participaci\u00f3n en el Plan Nacional de Alfabetizaci\u00f3n\" src=\"data:image\/svg+xml;base64,PHN2ZyB3aWR0aD0iMSIgaGVpZ2h0PSIxIiB4bWxucz0iaHR0cDovL3d3dy53My5vcmcvMjAwMC9zdmciPjwvc3ZnPg==\" \/><\/a><\/div>\n<div class=\"col-6 col-sm-4 col-md-4 col-lg-3 mt-0\"><a class=\"ssig-item\" href=\"https:\/\/noticias.santacruz.gob.ar\/media\/ssigallery\/articulos\/26386\/galeria\/260903-CAPACITACI__N_DOCENTE__2_.jpeg\" data-ssig=\"1\" data-caption=\"\" data-fancybox=\"ssigallery-article-26386\"><img decoding=\"async\" class=\"img-fluid rounded lazyload\" data-src=\"https:\/\/noticias.santacruz.gob.ar\/media\/ssigallery\/articulos\/26386\/galeria\/thumbs\/260903-CAPACITACI__N_DOCENTE__2_.jpeg\" alt=\"Santa Cruz entre las provincias con mayor participaci\u00f3n en el Plan Nacional de Alfabetizaci\u00f3n\" src=\"data:image\/svg+xml;base64,PHN2ZyB3aWR0aD0iMSIgaGVpZ2h0PSIxIiB4bWxucz0iaHR0cDovL3d3dy53My5vcmcvMjAwMC9zdmciPjwvc3ZnPg==\" \/><\/a><\/div>\n<\/div>\n<\/aside>\n<\/aside>\n<\/div>\n<\/div>\n","protected":false},"excerpt":{"rendered":"<p>03 de Septiembre 2026. Desde el Consejo Federal de Educaci\u00f3n se present\u00f3 un informe que permite identificar a las jurisdicciones<\/p>\n","protected":false},"author":8,"featured_media":48080,"comment_status":"open","ping_status":"closed","sticky":false,"template":"","format":"standard","meta":{"footnotes":""},"categories":[89],"tags":[],"class_list":["post-48079","post","type-post","status-publish","format-standard","has-post-thumbnail","hentry","category-educacion"],"_links":{"self":[{"href":"https:\/\/ecosdelsur.com\/index.php?rest_route=\/wp\/v2\/posts\/48079","targetHints":{"allow":["GET"]}}],"collection":[{"href":"https:\/\/ecosdelsur.com\/index.php?rest_route=\/wp\/v2\/posts"}],"about":[{"href":"https:\/\/ecosdelsur.com\/index.php?rest_route=\/wp\/v2\/types\/post"}],"author":[{"embeddable":true,"href":"https:\/\/ecosdelsur.com\/index.php?rest_route=\/wp\/v2\/users\/8"}],"replies":[{"embeddable":true,"href":"https:\/\/ecosdelsur.com\/index.php?rest_route=%2Fwp%2Fv2%2Fcomments&post=48079"}],"version-history":[{"count":1,"href":"https:\/\/ecosdelsur.com\/index.php?rest_route=\/wp\/v2\/posts\/48079\/revisions"}],"predecessor-version":[{"id":48081,"href":"https:\/\/ecosdelsur.com\/index.php?rest_route=\/wp\/v2\/posts\/48079\/revisions\/48081"}],"wp:featuredmedia":[{"embeddable":true,"href":"https:\/\/ecosdelsur.com\/index.php?rest_route=\/wp\/v2\/media\/48080"}],"wp:attachment":[{"href":"https:\/\/ecosdelsur.com\/index.php?rest_route=%2Fwp%2Fv2%2Fmedia&parent=48079"}],"wp:term":[{"taxonomy":"category","embeddable":true,"href":"https:\/\/ecosdelsur.com\/index.php?rest_route=%2Fwp%2Fv2%2Fcategories&post=48079"},{"taxonomy":"post_tag","embeddable":true,"href":"https:\/\/ecosdelsur.com\/index.php?rest_route=%2Fwp%2Fv2%2Ftags&post=48079"}],"curies":[{"name":"wp","href":"https:\/\/api.w.org\/{rel}","templated":true}]}}