{"id":48076,"date":"2026-09-03T18:21:42","date_gmt":"2026-09-03T21:21:42","guid":{"rendered":"https:\/\/ecosdelsur.com\/?p=48076"},"modified":"2026-09-03T18:21:42","modified_gmt":"2026-09-03T21:21:42","slug":"prodromos-el-gobernador-me-puso-para-dar-solucion-a-la-sociedad-y-lo-voy-a-seguir-haciendo","status":"publish","type":"post","link":"https:\/\/ecosdelsur.com\/?p=48076","title":{"rendered":"Pr\u00f3dromos: \u201cEl Gobernador me puso para dar soluci\u00f3n a la sociedad y lo voy a seguir haciendo&#8221;"},"content":{"rendered":"<p><span style=\"color: #ff0000;\">03 de Septiembre 2026.<\/span><\/p>\n<div class=\"mb-4\">\n<div class=\"article-intro mb-3\">\n<p>El Ministerio de Seguridad y la cartera de Trabajo desplegaron un operativo en la Ruta Nacional N\u00ba 3 para verificar el ingreso de personal a los yacimientos y garantizar que las empresas cumplan con el 90\/10 de mano de obra local.<\/p>\n<\/div>\n<\/div>\n<div class=\"redes mb-3\">\n<div class=\"d-flex flex-wrap justify-content-between align-items-center gap-3 my-2 mx-1\">\n<section class=\"ssi-block-main mb-5\">\n<div class=\"mb-2\">\n<div class=\"article-full\">\n<p>Las inspecciones en el acceso norte estuvieron encabezadas por el ministro de Seguridad,\u00a0<strong>Pedro Pr\u00f3dromos<\/strong>, y el coordinador de Trabajo en Zona Norte,\u00a0<strong>Sebasti\u00e1n Santill\u00e1n<\/strong>, en el marco de las acciones que impulsa el Gobierno de la Provincia. La labor articulada permiti\u00f3 detectar irregularidades en el transporte de operarios for\u00e1neos y deriv\u00f3 en la detenci\u00f3n de un hombre que se neg\u00f3 a identificarse.<\/p>\n<figure class=\"ssi-inline-image my-3\"><img decoding=\"async\" class=\"img-fluid lazyload\" data-src=\"https:\/\/noticias.santacruz.gob.ar\/media\/ssigallery\/articulos\/26374\/inline\/WhatsApp_Image_2026-09-03_at_13.09.29.jpeg\" alt=\"Pr\u00f3dromos: \u201cEl Gobernador me puso para dar soluci\u00f3n a la sociedad y lo voy a seguir haciendo&amp;quot;\" src=\"data:image\/svg+xml;base64,PHN2ZyB3aWR0aD0iMSIgaGVpZ2h0PSIxIiB4bWxucz0iaHR0cDovL3d3dy53My5vcmcvMjAwMC9zdmciPjwvc3ZnPg==\" \/><\/figure>\n<p>Los equipos de la Polic\u00eda Caminera, Transporte y fiscalizadores laborales iniciaron las verificaciones de manera continua sobre las unidades de larga distancia que trasladan operarios hacia los yacimientos mineros y petroleros.<\/p>\n<h2>Exigencia laboral y seguridad integral<\/h2>\n<p>Los equipos operativos de la Polic\u00eda Caminera, la subsecretar\u00eda de Transporte y los inspectores laborales se instalaron de manera continua para controlar las unidades de larga distancia que trasladan operarios hacia los yacimientos.<\/p>\n<blockquote class=\"ssi-editorial-block ssi-quote ssi-quote-featured\"><p>&#8220;Se est\u00e1 trabajando con diferentes \u00e1reas en el control de la ley. Buscamos la informaci\u00f3n, Trabajo la analiza y se la pasa al se\u00f1or Gobernador para cerrar negociaciones con las empresas para que empiecen a tomar personal de la provincia de Santa Cruz&#8221;, sostuvo Pr\u00f3dromos.<\/p><\/blockquote>\n<p>Asimismo, el funcionario remarc\u00f3 la continuidad del plan preventivo provincial: &#8220;<strong>La prevenci\u00f3n no se hace un a\u00f1o antes de las elecciones, se hace toda la gesti\u00f3n. El Gobernador Claudio Vidal me puso para darle soluci\u00f3n a la sociedad y lo voy a seguir haciendo<\/strong>&#8220;.<\/p>\n<p>Durante las verificaciones a las unidades que transportaban trabajadores de otras provincias, el personal policial apostado en el puesto caminero procedi\u00f3 a la detenci\u00f3n preventiva de un operario que rehus\u00f3 exhibir su documentaci\u00f3n. &#8220;Si entra a la provincia de Santa Cruz, nosotros tenemos que saber qui\u00e9n entra y qui\u00e9n sale&#8221;, ratific\u00f3 el ministro respecto al estricto protocolo de seguridad implementado en los accesos territoriales.<\/p>\n<h2>Resguardo del empleo local e intervenciones laborales<\/h2>\n<p>Por su parte, la cartera laboral profundiz\u00f3 los relevamientos mediante el cruzamiento de datos para intimar a las operadoras mineras y petroleras a regularizar sus planteles permanentes.<\/p>\n<p>Al respecto, el coordinador Sebasti\u00e1n Santill\u00e1n destac\u00f3 las gestiones para frenar cesant\u00edas injustificadas en la cuenca hidrocarbur\u00edfera: &#8220;Tomamos intervenci\u00f3n y logramos retrotraer telegramas de despido sin causa.\u00a0<strong>Con las instrucciones directas del Gobernador, avanzamos en resguardo de todos los puestos de trabajo<\/strong>&#8220;.<\/p>\n<figure class=\"ssi-inline-image my-3\"><img decoding=\"async\" class=\"img-fluid lazyload\" data-src=\"https:\/\/noticias.santacruz.gob.ar\/media\/ssigallery\/articulos\/26374\/inline\/WhatsApp_Image_2026-09-03_at_13.09.30__1_.jpeg\" alt=\"Pr\u00f3dromos: \u201cEl Gobernador me puso para dar soluci\u00f3n a la sociedad y lo voy a seguir haciendo&amp;quot;\" src=\"data:image\/svg+xml;base64,PHN2ZyB3aWR0aD0iMSIgaGVpZ2h0PSIxIiB4bWxucz0iaHR0cDovL3d3dy53My5vcmcvMjAwMC9zdmciPjwvc3ZnPg==\" \/><\/figure>\n<p>En esa misma l\u00ednea, Santill\u00e1n condicion\u00f3 el acompa\u00f1amiento estatal a los compromisos de producci\u00f3n de las compa\u00f1\u00edas privadas: &#8220;<strong>Desde el Gobierno Provincial se vienen realizando grandes esfuerzos en reducir las regal\u00edas a las operadoras petroleras; no podemos permitir que realicen despidos<\/strong>. Lo que se est\u00e1 bregando es que activen la actividad y generen empleo para los residentes de la provincia&#8221;.<\/p>\n<\/div>\n<\/div>\n<\/section>\n<aside class=\"ssi-block-side\">\n<aside class=\"a-gallery mt-2\">\n<div class=\"row g-3 ssigallery-frontend mt-3 row-cols-2 row-cols-sm-3 row-cols-md-3 row-cols-lg-4\">\n<div class=\"col-6 col-sm-4 col-md-4 col-lg-3 mt-0\"><a class=\"ssig-item\" href=\"https:\/\/noticias.santacruz.gob.ar\/media\/ssigallery\/articulos\/26374\/galeria\/WhatsApp_Image_2026-09-03_at_13.09.27.jpeg\" data-ssig=\"1\" data-caption=\"\" data-fancybox=\"ssigallery-article-26374\"><img decoding=\"async\" class=\"img-fluid rounded lazyload\" data-src=\"https:\/\/noticias.santacruz.gob.ar\/media\/ssigallery\/articulos\/26374\/galeria\/thumbs\/WhatsApp_Image_2026-09-03_at_13.09.27.jpeg\" alt=\"Pr\u00f3dromos: \u201cEl Gobernador me puso para dar soluci\u00f3n a la sociedad y lo voy a seguir haciendo&quot;\" src=\"data:image\/svg+xml;base64,PHN2ZyB3aWR0aD0iMSIgaGVpZ2h0PSIxIiB4bWxucz0iaHR0cDovL3d3dy53My5vcmcvMjAwMC9zdmciPjwvc3ZnPg==\" \/><\/a><\/div>\n<div class=\"col-6 col-sm-4 col-md-4 col-lg-3 mt-0\"><a class=\"ssig-item\" href=\"https:\/\/noticias.santacruz.gob.ar\/media\/ssigallery\/articulos\/26374\/galeria\/WhatsApp_Image_2026-09-03_at_13.09.27__1_.jpeg\" data-ssig=\"1\" data-caption=\"\" data-fancybox=\"ssigallery-article-26374\"><img decoding=\"async\" class=\"img-fluid rounded lazyload\" data-src=\"https:\/\/noticias.santacruz.gob.ar\/media\/ssigallery\/articulos\/26374\/galeria\/thumbs\/WhatsApp_Image_2026-09-03_at_13.09.27__1_.jpeg\" alt=\"Pr\u00f3dromos: \u201cEl Gobernador me puso para dar soluci\u00f3n a la sociedad y lo voy a seguir haciendo&quot;\" src=\"data:image\/svg+xml;base64,PHN2ZyB3aWR0aD0iMSIgaGVpZ2h0PSIxIiB4bWxucz0iaHR0cDovL3d3dy53My5vcmcvMjAwMC9zdmciPjwvc3ZnPg==\" \/><\/a><\/div>\n<div class=\"col-6 col-sm-4 col-md-4 col-lg-3 mt-0\"><a class=\"ssig-item\" href=\"https:\/\/noticias.santacruz.gob.ar\/media\/ssigallery\/articulos\/26374\/galeria\/WhatsApp_Image_2026-09-03_at_13.09.28.jpeg\" data-ssig=\"1\" data-caption=\"\" data-fancybox=\"ssigallery-article-26374\"><img decoding=\"async\" class=\"img-fluid rounded lazyload\" data-src=\"https:\/\/noticias.santacruz.gob.ar\/media\/ssigallery\/articulos\/26374\/galeria\/thumbs\/WhatsApp_Image_2026-09-03_at_13.09.28.jpeg\" alt=\"Pr\u00f3dromos: \u201cEl Gobernador me puso para dar soluci\u00f3n a la sociedad y lo voy a seguir haciendo&quot;\" src=\"data:image\/svg+xml;base64,PHN2ZyB3aWR0aD0iMSIgaGVpZ2h0PSIxIiB4bWxucz0iaHR0cDovL3d3dy53My5vcmcvMjAwMC9zdmciPjwvc3ZnPg==\" \/><\/a><\/div>\n<div class=\"col-6 col-sm-4 col-md-4 col-lg-3 mt-0\"><a class=\"ssig-item\" href=\"https:\/\/noticias.santacruz.gob.ar\/media\/ssigallery\/articulos\/26374\/galeria\/WhatsApp_Image_2026-09-03_at_13.09.29__1_.jpeg\" data-ssig=\"1\" data-caption=\"\" data-fancybox=\"ssigallery-article-26374\"><img decoding=\"async\" class=\"img-fluid rounded lazyload\" data-src=\"https:\/\/noticias.santacruz.gob.ar\/media\/ssigallery\/articulos\/26374\/galeria\/thumbs\/WhatsApp_Image_2026-09-03_at_13.09.29__1_.jpeg\" alt=\"Pr\u00f3dromos: \u201cEl Gobernador me puso para dar soluci\u00f3n a la sociedad y lo voy a seguir haciendo&quot;\" src=\"data:image\/svg+xml;base64,PHN2ZyB3aWR0aD0iMSIgaGVpZ2h0PSIxIiB4bWxucz0iaHR0cDovL3d3dy53My5vcmcvMjAwMC9zdmciPjwvc3ZnPg==\" \/><\/a><\/div>\n<\/div>\n<\/aside>\n<\/aside>\n<\/div>\n<\/div>\n","protected":false},"excerpt":{"rendered":"<p>03 de Septiembre 2026. El Ministerio de Seguridad y la cartera de Trabajo desplegaron un operativo en la Ruta Nacional<\/p>\n","protected":false},"author":8,"featured_media":0,"comment_status":"open","ping_status":"closed","sticky":false,"template":"","format":"standard","meta":{"footnotes":""},"categories":[1094],"tags":[],"class_list":["post-48076","post","type-post","status-publish","format-standard","hentry","category-gobierno"],"_links":{"self":[{"href":"https:\/\/ecosdelsur.com\/index.php?rest_route=\/wp\/v2\/posts\/48076","targetHints":{"allow":["GET"]}}],"collection":[{"href":"https:\/\/ecosdelsur.com\/index.php?rest_route=\/wp\/v2\/posts"}],"about":[{"href":"https:\/\/ecosdelsur.com\/index.php?rest_route=\/wp\/v2\/types\/post"}],"author":[{"embeddable":true,"href":"https:\/\/ecosdelsur.com\/index.php?rest_route=\/wp\/v2\/users\/8"}],"replies":[{"embeddable":true,"href":"https:\/\/ecosdelsur.com\/index.php?rest_route=%2Fwp%2Fv2%2Fcomments&post=48076"}],"version-history":[{"count":1,"href":"https:\/\/ecosdelsur.com\/index.php?rest_route=\/wp\/v2\/posts\/48076\/revisions"}],"predecessor-version":[{"id":48078,"href":"https:\/\/ecosdelsur.com\/index.php?rest_route=\/wp\/v2\/posts\/48076\/revisions\/48078"}],"wp:attachment":[{"href":"https:\/\/ecosdelsur.com\/index.php?rest_route=%2Fwp%2Fv2%2Fmedia&parent=48076"}],"wp:term":[{"taxonomy":"category","embeddable":true,"href":"https:\/\/ecosdelsur.com\/index.php?rest_route=%2Fwp%2Fv2%2Fcategories&post=48076"},{"taxonomy":"post_tag","embeddable":true,"href":"https:\/\/ecosdelsur.com\/index.php?rest_route=%2Fwp%2Fv2%2Ftags&post=48076"}],"curies":[{"name":"wp","href":"https:\/\/api.w.org\/{rel}","templated":true}]}}