{"id":48072,"date":"2026-09-03T18:19:46","date_gmt":"2026-09-03T21:19:46","guid":{"rendered":"https:\/\/ecosdelsur.com\/?p=48072"},"modified":"2026-09-03T18:19:46","modified_gmt":"2026-09-03T21:19:46","slug":"puerto-deseado-este-sabado-acercate-a-la-escuela-n-87-para-disfrutar-de-una-nueva-jornada-de-viva-barrio","status":"publish","type":"post","link":"https:\/\/ecosdelsur.com\/?p=48072","title":{"rendered":"Puerto Deseado: Este s\u00e1bado ac\u00e9rcate a la Escuela N\u00b0 87 para disfrutar de una nueva jornada de Viva Barrio"},"content":{"rendered":"<p><span style=\"color: #ff0000;\">03 de Septiembre 2026. <\/span>Bajo la premisa de acercar las pol\u00edticas de Estado a los vecinos de las localidades, este s\u00e1bado 5 de septiembre desde las 10:00, se desarrollar\u00e1 la propuesta integral del gobernador Claudio Vidal en Puerto Deseado.<\/p>\n<div class=\"redes mb-3\">\n<div class=\"d-flex flex-wrap justify-content-between align-items-center gap-3 my-2 mx-1\">El Gobierno de Santa Cruz contin\u00faa fortaleciendo la presencia territorial de sus organismos a trav\u00e9s de Viva Barrio, una iniciativa que busca acercar servicios, tr\u00e1mites y pol\u00edticas p\u00fablicas a las familias de las distintas localidades de la provincia. En esta oportunidad, el\u00a0<strong>Ministerio de Salud y Ambiente<\/strong>\u00a0ser\u00e1 parte de la jornada que se desarrollar\u00e1 en la Escuela N\u00b087 de Puerto Deseado, donde brindar\u00e1 vacunaci\u00f3n, acciones de prevenci\u00f3n y testeos, propuestas vinculadas a la donaci\u00f3n de sangre, entre otras prestaciones. Asimismo, sumar\u00e1 sus propuestas la Secretar\u00eda de Estado de Ambiente.<\/div>\n<div>\n<h2><strong>Viva Barrio<\/strong><\/h2>\n<p>Sobre la participaci\u00f3n en el dispositivo integral que se impulsa desde el Gobierno de Santa Cruz, la titular de la cartera Sanitaria, Lorena Ross se\u00f1al\u00f3 que \u201c<strong>Viva Barrios se va a llevar adelante este s\u00e1bado y desde el \u00e1rea de Salud y Ambiente vamos con diferentes propuestas como lo es el tema de vacunaci\u00f3n; y Hemoterapia<\/strong>\u201d. Adem\u00e1s, coment\u00f3 que se dar\u00e1n planillas y documentaci\u00f3n para informar con relaci\u00f3n a las campa\u00f1as de donaci\u00f3n de sangre; informaci\u00f3n y prevenci\u00f3n de HIV, controles y testeos; y entrega de leche con control de ni\u00f1o sano.<\/p>\n<p>En ese sentido, destac\u00f3 tambi\u00e9n la presencia de la Secretar\u00eda de Estado de Ambiente, la cual llegar\u00e1 a la ciudad portuaria con una serie de alternativas destinadas a educar y concientizar sobre la importancia del cuidado ambiental.<\/p>\n<p>Finalmente, la funcionaria provincial invit\u00f3 a los vecinos de la ciudad portuaria a sumarse este s\u00e1bado a la propuesta.<\/p>\n<\/div>\n<\/div>\n","protected":false},"excerpt":{"rendered":"<p>03 de Septiembre 2026. Bajo la premisa de acercar las pol\u00edticas de Estado a los vecinos de las localidades, este<\/p>\n","protected":false},"author":8,"featured_media":48073,"comment_status":"open","ping_status":"closed","sticky":false,"template":"","format":"standard","meta":{"footnotes":""},"categories":[1139],"tags":[],"class_list":["post-48072","post","type-post","status-publish","format-standard","has-post-thumbnail","hentry","category-ministerio-de-salud-y-ambiente"],"_links":{"self":[{"href":"https:\/\/ecosdelsur.com\/index.php?rest_route=\/wp\/v2\/posts\/48072","targetHints":{"allow":["GET"]}}],"collection":[{"href":"https:\/\/ecosdelsur.com\/index.php?rest_route=\/wp\/v2\/posts"}],"about":[{"href":"https:\/\/ecosdelsur.com\/index.php?rest_route=\/wp\/v2\/types\/post"}],"author":[{"embeddable":true,"href":"https:\/\/ecosdelsur.com\/index.php?rest_route=\/wp\/v2\/users\/8"}],"replies":[{"embeddable":true,"href":"https:\/\/ecosdelsur.com\/index.php?rest_route=%2Fwp%2Fv2%2Fcomments&post=48072"}],"version-history":[{"count":2,"href":"https:\/\/ecosdelsur.com\/index.php?rest_route=\/wp\/v2\/posts\/48072\/revisions"}],"predecessor-version":[{"id":48075,"href":"https:\/\/ecosdelsur.com\/index.php?rest_route=\/wp\/v2\/posts\/48072\/revisions\/48075"}],"wp:featuredmedia":[{"embeddable":true,"href":"https:\/\/ecosdelsur.com\/index.php?rest_route=\/wp\/v2\/media\/48073"}],"wp:attachment":[{"href":"https:\/\/ecosdelsur.com\/index.php?rest_route=%2Fwp%2Fv2%2Fmedia&parent=48072"}],"wp:term":[{"taxonomy":"category","embeddable":true,"href":"https:\/\/ecosdelsur.com\/index.php?rest_route=%2Fwp%2Fv2%2Fcategories&post=48072"},{"taxonomy":"post_tag","embeddable":true,"href":"https:\/\/ecosdelsur.com\/index.php?rest_route=%2Fwp%2Fv2%2Ftags&post=48072"}],"curies":[{"name":"wp","href":"https:\/\/api.w.org\/{rel}","templated":true}]}}