{"id":48062,"date":"2026-09-03T18:13:46","date_gmt":"2026-09-03T21:13:46","guid":{"rendered":"https:\/\/ecosdelsur.com\/?p=48062"},"modified":"2026-09-03T18:13:46","modified_gmt":"2026-09-03T21:13:46","slug":"convocatoria-a-cubrir-cargos-en-el-cefyap-n-11-de-gobernador-gregores","status":"publish","type":"post","link":"https:\/\/ecosdelsur.com\/?p=48062","title":{"rendered":"Convocatoria a cubrir cargos en el CEFyAP N\u00b0 11 de Gobernador Gregores"},"content":{"rendered":"<p><span style=\"color: #ff0000;\">03 de Septiembre 2026. <\/span>El Centro Educativo de Formaci\u00f3n y Actualizaci\u00f3n Profesional (CEFyAP) N\u00b0 11 \u2013 Aulas Talleres M\u00f3viles convoca a profesionales, t\u00e9cnicos\/as e id\u00f3neos\/as con experiencia en el \u00e1rea de Formaci\u00f3n Profesional.<\/p>\n<div class=\"redes mb-3\">\n<div class=\"d-flex flex-wrap justify-content-between align-items-center gap-3 my-2 mx-1\">\n<p>Los interesados\/as en cubrir cargos y\/u horas c\u00e1tedra correspondientes a los diferentes m\u00f3dulos te\u00f3ricos y pr\u00e1cticos de los trayectos formativos que se detallan a continuaci\u00f3n:<\/p>\n<p><strong>Auxiliar Mec\u00e1nico de Motores Diesel<\/strong>:\u00a0<a href=\"https:\/\/acortar.link\/4r3H9p\">https:\/\/acortar.link\/4r3H9p<\/a><\/p>\n<p>La Formaci\u00f3n Profesional se brindar\u00e1 en las Instalaciones del Aula Taller M\u00f3vil de &#8220;Automotores&#8221;, ubicada en el predio de la Escuela Agropecuaria N\u00b0 1 &#8211; Gobernador Gregores.<\/p>\n<h2>REQUISITOS:<\/h2>\n<h2>Curri\u0301culum VITAE actualizado.<\/h2>\n<h2>Fotocopia DNI.<\/h2>\n<h2>T\u00edtulo Legalizado.<\/h2>\n<h2>Certificado de Antecedentes.<\/h2>\n<h2>Domicilio en Ciudad donde concursa.<\/h2>\n<p><strong>Declaraci\u00f3n Jurada de Acumulaci\u00f3n de Cargos<\/strong>.<\/p>\n<p>Los interesados deber\u00e1n elevar un correo electr\u00f3nico con los requisitos a infocefyap11@gmail.com. El docente debe encontrarse en compatibilidad al momento de la inscripci\u00f3n. Desde el\u00a0<strong>jueves 3 hasta el lunes 7 de septiembre de 2026.<\/strong><\/p>\n<\/div>\n<\/div>\n","protected":false},"excerpt":{"rendered":"<p>03 de Septiembre 2026. El Centro Educativo de Formaci\u00f3n y Actualizaci\u00f3n Profesional (CEFyAP) N\u00b0 11 \u2013 Aulas Talleres M\u00f3viles convoca<\/p>\n","protected":false},"author":8,"featured_media":48063,"comment_status":"open","ping_status":"closed","sticky":false,"template":"","format":"standard","meta":{"footnotes":""},"categories":[89],"tags":[],"class_list":["post-48062","post","type-post","status-publish","format-standard","has-post-thumbnail","hentry","category-educacion"],"_links":{"self":[{"href":"https:\/\/ecosdelsur.com\/index.php?rest_route=\/wp\/v2\/posts\/48062","targetHints":{"allow":["GET"]}}],"collection":[{"href":"https:\/\/ecosdelsur.com\/index.php?rest_route=\/wp\/v2\/posts"}],"about":[{"href":"https:\/\/ecosdelsur.com\/index.php?rest_route=\/wp\/v2\/types\/post"}],"author":[{"embeddable":true,"href":"https:\/\/ecosdelsur.com\/index.php?rest_route=\/wp\/v2\/users\/8"}],"replies":[{"embeddable":true,"href":"https:\/\/ecosdelsur.com\/index.php?rest_route=%2Fwp%2Fv2%2Fcomments&post=48062"}],"version-history":[{"count":1,"href":"https:\/\/ecosdelsur.com\/index.php?rest_route=\/wp\/v2\/posts\/48062\/revisions"}],"predecessor-version":[{"id":48064,"href":"https:\/\/ecosdelsur.com\/index.php?rest_route=\/wp\/v2\/posts\/48062\/revisions\/48064"}],"wp:featuredmedia":[{"embeddable":true,"href":"https:\/\/ecosdelsur.com\/index.php?rest_route=\/wp\/v2\/media\/48063"}],"wp:attachment":[{"href":"https:\/\/ecosdelsur.com\/index.php?rest_route=%2Fwp%2Fv2%2Fmedia&parent=48062"}],"wp:term":[{"taxonomy":"category","embeddable":true,"href":"https:\/\/ecosdelsur.com\/index.php?rest_route=%2Fwp%2Fv2%2Fcategories&post=48062"},{"taxonomy":"post_tag","embeddable":true,"href":"https:\/\/ecosdelsur.com\/index.php?rest_route=%2Fwp%2Fv2%2Ftags&post=48062"}],"curies":[{"name":"wp","href":"https:\/\/api.w.org\/{rel}","templated":true}]}}