{"id":48059,"date":"2026-09-03T18:09:47","date_gmt":"2026-09-03T21:09:47","guid":{"rendered":"https:\/\/ecosdelsur.com\/?p=48059"},"modified":"2026-09-03T18:09:47","modified_gmt":"2026-09-03T21:09:47","slug":"santa-cruz-fortalece-la-cooperacion-minera-federal-en-argentina-mining-2026","status":"publish","type":"post","link":"https:\/\/ecosdelsur.com\/?p=48059","title":{"rendered":"Santa Cruz fortalece la cooperaci\u00f3n minera federal en Argentina Mining 2026"},"content":{"rendered":"<p><span style=\"color: #ff0000;\">03 de Septiembre 2026. <\/span>El presidente de Fomento Minero de Santa Cruz S.E., Fernando Ba\u00f1os, particip\u00f3 de un encuentro institucional en Salta junto a autoridades de empresas y sociedades estatales provinciales dedicadas al fomento, la gesti\u00f3n de recursos energ\u00e9ticos y el desarrollo minero en todo el pa\u00eds.<\/p>\n<div class=\"redes mb-3\">\n<div class=\"d-flex flex-wrap justify-content-between align-items-center gap-3 my-2 mx-1\">\n<section class=\"ssi-block-main mb-5\">\n<div class=\"mb-2\">\n<div class=\"article-full\">\n<p>En el marco de la convenci\u00f3n\u00a0<strong>Argentina Mining Norte 2026<\/strong>, Fomento Minero de Santa Cruz Sociedad del Estado (FOMICRUZ S.E.), en representaci\u00f3n del Gobierno de Santa Cruz, particip\u00f3 este jueves de un desayuno de trabajo institucional convocado por Javier Montero, presidente Recursos Energ\u00e9ticos y Mineros de Salta S.A. (REMSA S.A.).<\/p>\n<figure class=\"ssi-inline-image my-3\"><img decoding=\"async\" class=\"img-fluid lazyload\" data-src=\"https:\/\/noticias.santacruz.gob.ar\/media\/ssigallery\/articulos\/26381\/inline\/WhatsApp_Image_2026-09-03_at_4.57.23_PM.jpeg\" alt=\"Santa Cruz fortalece la cooperaci\u00f3n minera federal en Argentina Mining 2026\" src=\"data:image\/svg+xml;base64,PHN2ZyB3aWR0aD0iMSIgaGVpZ2h0PSIxIiB4bWxucz0iaHR0cDovL3d3dy53My5vcmcvMjAwMC9zdmciPjwvc3ZnPg==\" \/><\/figure>\n<p>La reuni\u00f3n, realizada a las 09:30 en el Centro de Convenciones, se consolid\u00f3 como un espacio clave de intercambio estrat\u00e9gico entre empresas, sociedades p\u00fablicas y organismos provinciales de fomento y desarrollo productivo, minero y energ\u00e9tico del pa\u00eds.<\/p>\n<p>Durante el encuentro, el titular de\u00a0<strong>FOMICRUZ S.E<\/strong>.,\u00a0<strong>Fernando Ba\u00f1os<\/strong>, junto a sus pares de distintos estados provinciales, abordaron modelos de gesti\u00f3n, articulaci\u00f3n interprovincial y nuevas oportunidades de cooperaci\u00f3n p\u00fablica y desarrollo sostenible.<\/p>\n<p>Si bien cada una de estas entidades provinciales posee marcos jur\u00eddicos, objetos sociales y particularidades propias, la reuni\u00f3n permiti\u00f3 encontrar puntos de convergencia.<\/p>\n<figure class=\"ssi-inline-image my-3\"><img decoding=\"async\" class=\"img-fluid lazyload\" data-src=\"https:\/\/noticias.santacruz.gob.ar\/media\/ssigallery\/articulos\/26381\/inline\/WhatsApp_Image_2026-09-03_at_4.57.25_PM.jpeg\" alt=\"Santa Cruz fortalece la cooperaci\u00f3n minera federal en Argentina Mining 2026\" src=\"data:image\/svg+xml;base64,PHN2ZyB3aWR0aD0iMSIgaGVpZ2h0PSIxIiB4bWxucz0iaHR0cDovL3d3dy53My5vcmcvMjAwMC9zdmciPjwvc3ZnPg==\" \/><\/figure>\n<p>El objetivo central del encuentro fue estrechar lazos, analizar esquemas de trabajo conjunto e intercambiar experiencias para fortalecer el rol del Estado provincial como promotor e impulsor de la actividad minera en la Argentina.<\/p>\n<p>\u201cFue una instancia de intercambio muy positiva, donde pudimos compartir nuestra experiencia y responder a las consultas de colegas de otras provincias que ven a Fomicruz como un actor principal de la miner\u00eda argentina\u201d dijo Ba\u00f1os, quien mencion\u00f3 que esta participaci\u00f3n fue posible gracias a la visi\u00f3n del gobernador\u00a0<strong>Claudio Vidal<\/strong>\u00a0y su convicci\u00f3n con el\u00a0<strong>fomento a la producci\u00f3n y el trabajo<\/strong>.<\/p>\n<p>Fue en ese sentido que durante el encuentro expres\u00f3 que el mandatario provincial &#8220;nos instruy\u00f3 para generar una apertura de la informaci\u00f3n con la que contamos, para que nuestros recursos y propiedades sean accesibles a los potenciales inversores&#8221;.<\/p>\n<figure class=\"ssi-inline-image my-3\"><img decoding=\"async\" class=\"img-fluid lazyload\" data-src=\"https:\/\/noticias.santacruz.gob.ar\/media\/ssigallery\/articulos\/26381\/inline\/WhatsApp_Image_2026-09-03_at_4.57.27_PM.jpeg\" alt=\"Santa Cruz fortalece la cooperaci\u00f3n minera federal en Argentina Mining 2026\" src=\"data:image\/svg+xml;base64,PHN2ZyB3aWR0aD0iMSIgaGVpZ2h0PSIxIiB4bWxucz0iaHR0cDovL3d3dy53My5vcmcvMjAwMC9zdmciPjwvc3ZnPg==\" \/><\/figure>\n<p>Participaron del desayuno de trabajo al que asisti\u00f3 el titular de FOMICRUZ,\u00a0<strong>Fernando Ba\u00f1os;\u00a0<\/strong>por REMSA, su presidente\u00a0<strong>Javier Montero<\/strong>\u00a0y la vicepresidente,\u00a0<strong>Romina Sassarini<\/strong>; por CAMYEN, su presidente:\u00a0<strong>Jos\u00e9 Barrera Albarrac\u00edn<\/strong>\u00a0y el vicepresidente,\u00a0<strong>Gabriel Molina<\/strong>\u00a0y la ge\u00f3loga\u00a0<strong>Agustina Lencina<\/strong>. Por EMSE, su presidente,\u00a0<strong>Walter G\u00f3mez<\/strong>; por JEMSE, su vicepresidente,\u00a0<strong>V\u00edctor Galarza<\/strong>, el director\u00a0<strong>Ricardo Benicio<\/strong>, como tambi\u00e9n estuvo presente el reconocido consultor,\u00a0<strong>Alberto Carlocchia<\/strong>.<\/p>\n<\/div>\n<\/div>\n<\/section>\n<aside class=\"ssi-block-side\">\n<aside class=\"a-gallery mt-2\">\n<div class=\"row g-3 ssigallery-frontend mt-3 row-cols-2 row-cols-sm-3 row-cols-md-3 row-cols-lg-4\">\n<div class=\"col-6 col-sm-4 col-md-4 col-lg-3 mt-0\"><a class=\"ssig-item\" href=\"https:\/\/noticias.santacruz.gob.ar\/media\/ssigallery\/articulos\/26381\/galeria\/WhatsApp_Image_2026-09-03_at_4.57.26_PM.jpeg\" data-ssig=\"1\" data-caption=\"\" data-fancybox=\"ssigallery-article-26381\"><img decoding=\"async\" class=\"img-fluid rounded lazyload\" data-src=\"https:\/\/noticias.santacruz.gob.ar\/media\/ssigallery\/articulos\/26381\/galeria\/thumbs\/WhatsApp_Image_2026-09-03_at_4.57.26_PM.jpeg\" alt=\"Santa Cruz fortalece la cooperaci\u00f3n minera federal en Argentina Mining 2026 \" src=\"data:image\/svg+xml;base64,PHN2ZyB3aWR0aD0iMSIgaGVpZ2h0PSIxIiB4bWxucz0iaHR0cDovL3d3dy53My5vcmcvMjAwMC9zdmciPjwvc3ZnPg==\" \/><\/a><\/div>\n<div class=\"col-6 col-sm-4 col-md-4 col-lg-3 mt-0\"><\/div>\n<\/div>\n<\/aside>\n<\/aside>\n<\/div>\n<\/div>\n","protected":false},"excerpt":{"rendered":"<p>03 de Septiembre 2026. El presidente de Fomento Minero de Santa Cruz S.E., Fernando Ba\u00f1os, particip\u00f3 de un encuentro institucional<\/p>\n","protected":false},"author":8,"featured_media":48060,"comment_status":"open","ping_status":"closed","sticky":false,"template":"","format":"standard","meta":{"footnotes":""},"categories":[1094],"tags":[],"class_list":["post-48059","post","type-post","status-publish","format-standard","has-post-thumbnail","hentry","category-gobierno"],"_links":{"self":[{"href":"https:\/\/ecosdelsur.com\/index.php?rest_route=\/wp\/v2\/posts\/48059","targetHints":{"allow":["GET"]}}],"collection":[{"href":"https:\/\/ecosdelsur.com\/index.php?rest_route=\/wp\/v2\/posts"}],"about":[{"href":"https:\/\/ecosdelsur.com\/index.php?rest_route=\/wp\/v2\/types\/post"}],"author":[{"embeddable":true,"href":"https:\/\/ecosdelsur.com\/index.php?rest_route=\/wp\/v2\/users\/8"}],"replies":[{"embeddable":true,"href":"https:\/\/ecosdelsur.com\/index.php?rest_route=%2Fwp%2Fv2%2Fcomments&post=48059"}],"version-history":[{"count":1,"href":"https:\/\/ecosdelsur.com\/index.php?rest_route=\/wp\/v2\/posts\/48059\/revisions"}],"predecessor-version":[{"id":48061,"href":"https:\/\/ecosdelsur.com\/index.php?rest_route=\/wp\/v2\/posts\/48059\/revisions\/48061"}],"wp:featuredmedia":[{"embeddable":true,"href":"https:\/\/ecosdelsur.com\/index.php?rest_route=\/wp\/v2\/media\/48060"}],"wp:attachment":[{"href":"https:\/\/ecosdelsur.com\/index.php?rest_route=%2Fwp%2Fv2%2Fmedia&parent=48059"}],"wp:term":[{"taxonomy":"category","embeddable":true,"href":"https:\/\/ecosdelsur.com\/index.php?rest_route=%2Fwp%2Fv2%2Fcategories&post=48059"},{"taxonomy":"post_tag","embeddable":true,"href":"https:\/\/ecosdelsur.com\/index.php?rest_route=%2Fwp%2Fv2%2Ftags&post=48059"}],"curies":[{"name":"wp","href":"https:\/\/api.w.org\/{rel}","templated":true}]}}