{"id":48053,"date":"2026-09-03T18:05:06","date_gmt":"2026-09-03T21:05:06","guid":{"rendered":"https:\/\/ecosdelsur.com\/?p=48053"},"modified":"2026-09-03T18:05:06","modified_gmt":"2026-09-03T21:05:06","slug":"salud-mental-como-parte-de-la-agenda-prioritaria-de-gobierno","status":"publish","type":"post","link":"https:\/\/ecosdelsur.com\/?p=48053","title":{"rendered":"Salud mental como parte de la agenda prioritaria de Gobierno"},"content":{"rendered":"<p><span style=\"color: #ff0000;\">03 de Septiembre 2026. <\/span>En el marco del fortalecimiento de las pol\u00edticas sociales y sanitarias, el Gobierno de Santa Cruz impulsa una mirada integral, comunitaria y territorial para fortalecer el sistema de protecci\u00f3n de la salud mental en toda la provincia.<\/p>\n<div class=\"redes mb-3\">\n<div class=\"d-flex flex-wrap justify-content-between align-items-center gap-3 my-2 mx-1\">\n<section class=\"ssi-block-main mb-5\">\n<div class=\"mb-2\">\n<div class=\"article-full\">\n<p>Este mi\u00e9rcoles, en el Sal\u00f3n Gregores, se desarroll\u00f3 un encuentro de trabajo entre el Gobierno de Santa Cruz y distintos actores sociales vinculados a la salud mental, con el objetivo de analizar la situaci\u00f3n actual de la tem\u00e1tica en la provincia y avanzar en el fortalecimiento de un sistema integral de protecci\u00f3n en todo el territorio santacruce\u00f1o.<\/p>\n<figure class=\"ssi-inline-image my-3\"><img decoding=\"async\" class=\"img-fluid lazyload\" data-src=\"https:\/\/noticias.santacruz.gob.ar\/media\/ssigallery\/articulos\/26379\/inline\/MDSII_SALUD_MENTAL_SALON_GREGORES_3.JPG\" alt=\"Salud mental como parte de la agenda prioritaria de Gobierno\" src=\"data:image\/svg+xml;base64,PHN2ZyB3aWR0aD0iMSIgaGVpZ2h0PSIxIiB4bWxucz0iaHR0cDovL3d3dy53My5vcmcvMjAwMC9zdmciPjwvc3ZnPg==\" \/><\/figure>\n<p>La jornada fue encabezada por el equipo del\u00a0<strong>\u00d3rgano de Revisi\u00f3n de Salud Mental<\/strong>, espacio interdisciplinario que articula la participaci\u00f3n de representantes del\u00a0<strong>Poder Judicial<\/strong>,\u00a0<strong>\u00e1reas de salud y desarrollo social<\/strong>, junto con\u00a0<strong>organizaciones de la sociedad civil.<\/strong><\/p>\n<p>En este marco, se convoc\u00f3 a organizaciones sociales, equipos del sistema de salud, \u00e1reas provinciales vinculadas a ni\u00f1ez y adolescencia, representantes de culto y equipos interdisciplinarios, promoviendo una instancia de di\u00e1logo y construcci\u00f3n conjunta de estrategias de abordaje.<\/p>\n<p>Participaron del encuentro la secretaria de Estado de Pol\u00edticas para la Igualdad e Integraci\u00f3n,\u00a0<strong>Jazm\u00edn Macchiavelli<\/strong>; el director Ejecutivo del Hospital Regional,\u00a0<strong>Gast\u00f3n Flores<\/strong>; el secretario de Estado de Pol\u00edtica Sanitaria,\u00a0<strong>Ricardo Coloccini<\/strong>; y el subsecretario de Salud Mental,\u00a0<strong>Mariano Rodas<\/strong>. Asimismo, estuvieron presentes la secretaria de Estado de Culto,\u00a0<strong>M\u00f3nica Pereyra<\/strong>,\u00a0la Subsecretaria de Abordaje Comunitario de la Salud,\u00a0<strong>Estefan\u00eda Stricker<\/strong>;\u00a0y el secretario de Estado de Ni\u00f1ez, Adolescencia y Familia,\u00a0<strong>Luis Quiroga<\/strong>, junto a sus respectivos equipos de trabajo.<\/p>\n<figure class=\"ssi-inline-image my-3\"><img decoding=\"async\" class=\"img-fluid lazyload\" data-src=\"https:\/\/noticias.santacruz.gob.ar\/media\/ssigallery\/articulos\/26379\/inline\/MDSII_SALUD_MENTAL_SALON_GREGORES_7.JPG\" alt=\"Salud mental como parte de la agenda prioritaria de Gobierno\" src=\"data:image\/svg+xml;base64,PHN2ZyB3aWR0aD0iMSIgaGVpZ2h0PSIxIiB4bWxucz0iaHR0cDovL3d3dy53My5vcmcvMjAwMC9zdmciPjwvc3ZnPg==\" \/><\/figure>\n<p>Durante la jornada,\u00a0<strong>Macchiavelli<\/strong>\u00a0destac\u00f3 la importancia que tiene para la gesti\u00f3n del gobernador\u00a0<strong>Claudio Vidal<\/strong>\u00a0avanzar en una\u00a0<strong>pol\u00edtica sanitaria<\/strong>\u00a0que permita consolidar en Santa Cruz un\u00a0<strong>sistema integral de protecci\u00f3n de la salud mental<\/strong>, con un enfoque interdisciplinario y un abordaje comunitario y territorial.<\/p>\n<p>En este sentido, uno de los principales ejes de trabajo fue la construcci\u00f3n de una red de articulaci\u00f3n que incluya a las organizaciones de la sociedad civil y a los distintos sectores que intervienen en la tem\u00e1tica, con el prop\u00f3sito de fortalecer un sistema de protecci\u00f3n multidisciplinario y generar respuestas integrales ante las distintas situaciones que atraviesan las comunidades.<\/p>\n<figure class=\"ssi-inline-image my-3\"><img decoding=\"async\" class=\"img-fluid lazyload\" data-src=\"https:\/\/noticias.santacruz.gob.ar\/media\/ssigallery\/articulos\/26379\/inline\/MDSII_SALUD_MENTAL_SALON_GREGORES_6.JPG\" alt=\"Salud mental como parte de la agenda prioritaria de Gobierno\" src=\"data:image\/svg+xml;base64,PHN2ZyB3aWR0aD0iMSIgaGVpZ2h0PSIxIiB4bWxucz0iaHR0cDovL3d3dy53My5vcmcvMjAwMC9zdmciPjwvc3ZnPg==\" \/><\/figure>\n<p>La iniciativa se enmarca en una gesti\u00f3n que busca fortalecer las\u00a0<strong>pol\u00edticas p\u00fablicas de protecci\u00f3n y acompa\u00f1amiento<\/strong>, promoviendo herramientas de intervenci\u00f3n que contemplen las particularidades de cada territorio y garanticen una respuesta estatal articulada frente a las necesidades de la poblaci\u00f3n santacruce\u00f1a.<\/p>\n<\/div>\n<\/div>\n<\/section>\n<aside class=\"ssi-block-side\">\n<aside class=\"a-gallery mt-2\">\n<div class=\"row g-3 ssigallery-frontend mt-3 row-cols-2 row-cols-sm-3 row-cols-md-3 row-cols-lg-4\">\n<div class=\"col-6 col-sm-4 col-md-4 col-lg-3 mt-0\"><a class=\"ssig-item\" href=\"https:\/\/noticias.santacruz.gob.ar\/media\/ssigallery\/articulos\/26379\/galeria\/MDSII_SALUD_MENTAL_SALON_GREGORES_4.JPG\" data-ssig=\"1\" data-caption=\"\" data-fancybox=\"ssigallery-article-26379\"><img decoding=\"async\" class=\"img-fluid rounded lazyload\" data-src=\"https:\/\/noticias.santacruz.gob.ar\/media\/ssigallery\/articulos\/26379\/galeria\/thumbs\/MDSII_SALUD_MENTAL_SALON_GREGORES_4.JPG\" alt=\"Salud mental como parte de la agenda prioritaria de Gobierno\" src=\"data:image\/svg+xml;base64,PHN2ZyB3aWR0aD0iMSIgaGVpZ2h0PSIxIiB4bWxucz0iaHR0cDovL3d3dy53My5vcmcvMjAwMC9zdmciPjwvc3ZnPg==\" \/><\/a><\/div>\n<\/div>\n<\/aside>\n<\/aside>\n<\/div>\n<\/div>\n","protected":false},"excerpt":{"rendered":"<p>03 de Septiembre 2026. En el marco del fortalecimiento de las pol\u00edticas sociales y sanitarias, el Gobierno de Santa Cruz<\/p>\n","protected":false},"author":8,"featured_media":48054,"comment_status":"open","ping_status":"closed","sticky":false,"template":"","format":"standard","meta":{"footnotes":""},"categories":[1156],"tags":[],"class_list":["post-48053","post","type-post","status-publish","format-standard","has-post-thumbnail","hentry","category-ministerio-de-desarrollo-social"],"_links":{"self":[{"href":"https:\/\/ecosdelsur.com\/index.php?rest_route=\/wp\/v2\/posts\/48053","targetHints":{"allow":["GET"]}}],"collection":[{"href":"https:\/\/ecosdelsur.com\/index.php?rest_route=\/wp\/v2\/posts"}],"about":[{"href":"https:\/\/ecosdelsur.com\/index.php?rest_route=\/wp\/v2\/types\/post"}],"author":[{"embeddable":true,"href":"https:\/\/ecosdelsur.com\/index.php?rest_route=\/wp\/v2\/users\/8"}],"replies":[{"embeddable":true,"href":"https:\/\/ecosdelsur.com\/index.php?rest_route=%2Fwp%2Fv2%2Fcomments&post=48053"}],"version-history":[{"count":1,"href":"https:\/\/ecosdelsur.com\/index.php?rest_route=\/wp\/v2\/posts\/48053\/revisions"}],"predecessor-version":[{"id":48055,"href":"https:\/\/ecosdelsur.com\/index.php?rest_route=\/wp\/v2\/posts\/48053\/revisions\/48055"}],"wp:featuredmedia":[{"embeddable":true,"href":"https:\/\/ecosdelsur.com\/index.php?rest_route=\/wp\/v2\/media\/48054"}],"wp:attachment":[{"href":"https:\/\/ecosdelsur.com\/index.php?rest_route=%2Fwp%2Fv2%2Fmedia&parent=48053"}],"wp:term":[{"taxonomy":"category","embeddable":true,"href":"https:\/\/ecosdelsur.com\/index.php?rest_route=%2Fwp%2Fv2%2Fcategories&post=48053"},{"taxonomy":"post_tag","embeddable":true,"href":"https:\/\/ecosdelsur.com\/index.php?rest_route=%2Fwp%2Fv2%2Ftags&post=48053"}],"curies":[{"name":"wp","href":"https:\/\/api.w.org\/{rel}","templated":true}]}}