{"id":48047,"date":"2026-09-03T18:02:06","date_gmt":"2026-09-03T21:02:06","guid":{"rendered":"https:\/\/ecosdelsur.com\/?p=48047"},"modified":"2026-09-03T18:02:06","modified_gmt":"2026-09-03T21:02:06","slug":"nuevo-operativo-de-mantenimiento-en-escuelas-de-puerto-deseado-y-tellier","status":"publish","type":"post","link":"https:\/\/ecosdelsur.com\/?p=48047","title":{"rendered":"Nuevo operativo de mantenimiento en escuelas de Puerto Deseado y Tellier"},"content":{"rendered":"<p><span style=\"color: #ff0000;\">03 de Septiembre 2026. <\/span>El Consejo Provincial de Educaci\u00f3n llev\u00f3 adelante durante martes y mi\u00e9rcoles un nuevo operativo de mantenimiento preventivo y correctivo en establecimientos educativos de Puerto Deseado y Tellier, en el marco del Plan Provincial de Recuperaci\u00f3n Hist\u00f3rica de Escuelas.<\/p>\n<div class=\"redes mb-3\">\n<div class=\"d-flex flex-wrap justify-content-between align-items-center gap-3 my-2 mx-1\">\n<section class=\"ssi-block-main mb-5\">\n<div class=\"mb-2\">\n<div class=\"article-full\">\n<p>Los trabajos fueron encabezados por el director de Mantenimiento Escolar Zona Norte,\u00a0<strong>Bruno Gallardo,<\/strong>\u00a0junto a personal de cuadrilla con intervenciones destinadas a garantizar el\u00a0<strong>normal funcionamiento de los edificios y la continuidad de las clases.<\/strong><\/p>\n<h2>Soluciones de fondo para la infraestructura escolar<\/h2>\n<p>Gallardo explic\u00f3 que \u201cestas intervenciones de mantenimiento preventivo y correctivo se encuadran en\u00a0<strong>el Plan Provincial de Recuperaci\u00f3n Hist\u00f3rica de Escuelas<\/strong>, que impulsa el Consejo Provincial de Educaci\u00f3n para dar soluciones de fondo frente al cr\u00edtico estado en que se encontraban los establecimientos de la provincia\u201d.<\/p>\n<h2>Reparaciones en calefacci\u00f3n, sanitarios y sistemas de agua<\/h2>\n<p>Las tareas permitieron la puesta en marcha de\u00a0<strong>10 equipos de calefacci\u00f3n y calderas<\/strong>, adem\u00e1s de atender distintos requerimientos en establecimientos de\u00a0<strong>Puerto Deseado y en la Escuela Rural N\u00b0 59 de Tellier.<\/strong><\/p>\n<p>Tambi\u00e9n se optimizaron ocho n\u00facleos sanitarios, se reacondicionaron\u00a0<strong>13 mochilas completas de inodoros<\/strong>, se regularizaron sistemas de\u00a0<strong>bombeo y ca\u00f1er\u00edas<\/strong>\u00a0y se resolvieron filtraciones en sectores de ba\u00f1os.<\/p>\n<p>A esto se sumaron reparaciones\u00a0<strong>de grifer\u00edas, lavamanos y mingitorios, trabajos sobre radiadores, sistemas de provisi\u00f3n de agua<\/strong>\u00a0y diferentes intervenciones edilicias.<\/p>\n<h2>Planificaci\u00f3n territorial y respaldo institucional<\/h2>\n<p>Gallardo destac\u00f3 adem\u00e1s que la Direcci\u00f3n de Mantenimiento Escolar Zona Norte tiene bajo su\u00a0<strong>\u00f3rbita 85 edificios educativos\u00a0<\/strong>y trabaja con un esquema planificado que permite priorizar las necesidades y urgencias de cada regi\u00f3n.<\/p>\n<p>Cada intervenci\u00f3n realizada qued\u00f3 respaldada mediante su correspondiente acta de conformidad con los equipos directivos de las instituciones.<\/p>\n<\/div>\n<\/div>\n<\/section>\n<aside class=\"ssi-block-side\">\n<aside class=\"a-gallery mt-2\">\n<div class=\"row g-3 ssigallery-frontend mt-3 row-cols-2 row-cols-sm-3 row-cols-md-3 row-cols-lg-4\">\n<div class=\"col-6 col-sm-4 col-md-4 col-lg-3 mt-0\"><a class=\"ssig-item\" href=\"https:\/\/noticias.santacruz.gob.ar\/media\/ssigallery\/articulos\/26377\/galeria\/260903-MANTENIMIENTO_TELLIER_Y_PUERTO_DESEADO__1_.jpeg\" data-ssig=\"1\" data-caption=\"\" data-fancybox=\"ssigallery-article-26377\"><img decoding=\"async\" class=\"img-fluid rounded lazyload\" data-src=\"https:\/\/noticias.santacruz.gob.ar\/media\/ssigallery\/articulos\/26377\/galeria\/thumbs\/260903-MANTENIMIENTO_TELLIER_Y_PUERTO_DESEADO__1_.jpeg\" alt=\"Nuevo operativo de mantenimiento en escuelas de Puerto Deseado y Tellier\" src=\"data:image\/svg+xml;base64,PHN2ZyB3aWR0aD0iMSIgaGVpZ2h0PSIxIiB4bWxucz0iaHR0cDovL3d3dy53My5vcmcvMjAwMC9zdmciPjwvc3ZnPg==\" \/><\/a><\/div>\n<div class=\"col-6 col-sm-4 col-md-4 col-lg-3 mt-0\"><a class=\"ssig-item\" href=\"https:\/\/noticias.santacruz.gob.ar\/media\/ssigallery\/articulos\/26377\/galeria\/260903-MANTENIMIENTO_TELLIER_Y_PUERTO_DESEADO__2_.jpeg\" data-ssig=\"1\" data-caption=\"\" data-fancybox=\"ssigallery-article-26377\"><img decoding=\"async\" class=\"img-fluid rounded lazyload\" data-src=\"https:\/\/noticias.santacruz.gob.ar\/media\/ssigallery\/articulos\/26377\/galeria\/thumbs\/260903-MANTENIMIENTO_TELLIER_Y_PUERTO_DESEADO__2_.jpeg\" alt=\"Nuevo operativo de mantenimiento en escuelas de Puerto Deseado y Tellier\" src=\"data:image\/svg+xml;base64,PHN2ZyB3aWR0aD0iMSIgaGVpZ2h0PSIxIiB4bWxucz0iaHR0cDovL3d3dy53My5vcmcvMjAwMC9zdmciPjwvc3ZnPg==\" \/><\/a><\/div>\n<\/div>\n<\/aside>\n<\/aside>\n<\/div>\n<\/div>\n","protected":false},"excerpt":{"rendered":"<p>03 de Septiembre 2026. El Consejo Provincial de Educaci\u00f3n llev\u00f3 adelante durante martes y mi\u00e9rcoles un nuevo operativo de mantenimiento<\/p>\n","protected":false},"author":8,"featured_media":48048,"comment_status":"open","ping_status":"closed","sticky":false,"template":"","format":"standard","meta":{"footnotes":""},"categories":[89],"tags":[],"class_list":["post-48047","post","type-post","status-publish","format-standard","has-post-thumbnail","hentry","category-educacion"],"_links":{"self":[{"href":"https:\/\/ecosdelsur.com\/index.php?rest_route=\/wp\/v2\/posts\/48047","targetHints":{"allow":["GET"]}}],"collection":[{"href":"https:\/\/ecosdelsur.com\/index.php?rest_route=\/wp\/v2\/posts"}],"about":[{"href":"https:\/\/ecosdelsur.com\/index.php?rest_route=\/wp\/v2\/types\/post"}],"author":[{"embeddable":true,"href":"https:\/\/ecosdelsur.com\/index.php?rest_route=\/wp\/v2\/users\/8"}],"replies":[{"embeddable":true,"href":"https:\/\/ecosdelsur.com\/index.php?rest_route=%2Fwp%2Fv2%2Fcomments&post=48047"}],"version-history":[{"count":1,"href":"https:\/\/ecosdelsur.com\/index.php?rest_route=\/wp\/v2\/posts\/48047\/revisions"}],"predecessor-version":[{"id":48049,"href":"https:\/\/ecosdelsur.com\/index.php?rest_route=\/wp\/v2\/posts\/48047\/revisions\/48049"}],"wp:featuredmedia":[{"embeddable":true,"href":"https:\/\/ecosdelsur.com\/index.php?rest_route=\/wp\/v2\/media\/48048"}],"wp:attachment":[{"href":"https:\/\/ecosdelsur.com\/index.php?rest_route=%2Fwp%2Fv2%2Fmedia&parent=48047"}],"wp:term":[{"taxonomy":"category","embeddable":true,"href":"https:\/\/ecosdelsur.com\/index.php?rest_route=%2Fwp%2Fv2%2Fcategories&post=48047"},{"taxonomy":"post_tag","embeddable":true,"href":"https:\/\/ecosdelsur.com\/index.php?rest_route=%2Fwp%2Fv2%2Ftags&post=48047"}],"curies":[{"name":"wp","href":"https:\/\/api.w.org\/{rel}","templated":true}]}}