{"id":48044,"date":"2026-09-03T18:00:32","date_gmt":"2026-09-03T21:00:32","guid":{"rendered":"https:\/\/ecosdelsur.com\/?p=48044"},"modified":"2026-09-03T18:00:32","modified_gmt":"2026-09-03T21:00:32","slug":"el-gobierno-provincial-intervino-para-defender-a-trabajador-de-la-actividad-petrolera","status":"publish","type":"post","link":"https:\/\/ecosdelsur.com\/?p=48044","title":{"rendered":"El Gobierno Provincial intervino para defender a trabajador de la actividad petrolera"},"content":{"rendered":"<p><span style=\"color: #ff0000;\">03 de Septiembre 2026. <\/span>La Secretar\u00eda de Estado de Trabajo intervino en defensa de un trabajador de la empresa CLEAR, vinculada a la actividad petrolera, para resguardar su puesto de trabajo. En la audiencia se logr\u00f3 retrotraer el telegrama de despido y se ratific\u00f3 la firme posici\u00f3n del Gobierno Provincial para que el trabajador pueda retomar sus tareas.<\/p>\n<div class=\"redes mb-3\">\n<div class=\"d-flex flex-wrap justify-content-between align-items-center gap-3 my-2 mx-1\">\n<p>La Secretar\u00eda de Estado de Trabajo, a trav\u00e9s del coordinador de las Delegaciones de Zona Norte, y por expresas instrucciones del gobernador\u00a0<strong>Claudio Vidal<\/strong>, intervino ante el despido de un trabajador de la empresa CLEAR, vinculada a la industria petrolera, con el objetivo de resguardar su puesto de trabajo y llevar tranquilidad a los trabajadores de toda la actividad.<\/p>\n<p>La intervenci\u00f3n estuvo a cargo del coordinador de las Delegaciones de Trabajo de Zona Norte,\u00a0<strong>Sebasti\u00e1n Santill\u00e1n<\/strong>, quien particip\u00f3 de una audiencia entre las partes. En el encuentro se logr\u00f3 el retrotraimiento del telegrama de despido y se pas\u00f3 a un cuarto intermedio, manteniendo desde el Gobierno Provincial una postura firme para que el trabajador pueda retomar sus tareas.<\/p>\n<p>Durante la audiencia, el trabajador manifest\u00f3 que no hab\u00eda atravesado ninguna situaci\u00f3n que pudiera derivar en un despido y se\u00f1al\u00f3 que, al solicitar una justificaci\u00f3n, recibi\u00f3 como \u00fanica respuesta que se trataba de una \u201corden desde arriba\u201d.<\/p>\n<p>Santill\u00e1n remarc\u00f3 que la intervenci\u00f3n responde a las instrucciones directas del gobernador\u00a0<strong>Claudio Vidal<\/strong>\u00a0de defender cada puesto de trabajo en la actividad petrolera y exigir a las empresas y operadoras el compromiso de sostener el empleo y generar nuevas oportunidades laborales.<\/p>\n<p>En este sentido, desde el Gobierno Provincial se destac\u00f3 el esfuerzo realizado para acompa\u00f1ar al sector hidrocarbur\u00edfero y se cuestionaron las decisiones empresariales que impliquen reducci\u00f3n de puestos de trabajo, reafirmando el compromiso de defender el empleo de los trabajadores santacruce\u00f1os.<\/p>\n<\/div>\n<\/div>\n","protected":false},"excerpt":{"rendered":"<p>03 de Septiembre 2026. La Secretar\u00eda de Estado de Trabajo intervino en defensa de un trabajador de la empresa CLEAR,<\/p>\n","protected":false},"author":8,"featured_media":48045,"comment_status":"open","ping_status":"closed","sticky":false,"template":"","format":"standard","meta":{"footnotes":""},"categories":[1146],"tags":[],"class_list":["post-48044","post","type-post","status-publish","format-standard","has-post-thumbnail","hentry","category-ministerio-de-trabajo"],"_links":{"self":[{"href":"https:\/\/ecosdelsur.com\/index.php?rest_route=\/wp\/v2\/posts\/48044","targetHints":{"allow":["GET"]}}],"collection":[{"href":"https:\/\/ecosdelsur.com\/index.php?rest_route=\/wp\/v2\/posts"}],"about":[{"href":"https:\/\/ecosdelsur.com\/index.php?rest_route=\/wp\/v2\/types\/post"}],"author":[{"embeddable":true,"href":"https:\/\/ecosdelsur.com\/index.php?rest_route=\/wp\/v2\/users\/8"}],"replies":[{"embeddable":true,"href":"https:\/\/ecosdelsur.com\/index.php?rest_route=%2Fwp%2Fv2%2Fcomments&post=48044"}],"version-history":[{"count":1,"href":"https:\/\/ecosdelsur.com\/index.php?rest_route=\/wp\/v2\/posts\/48044\/revisions"}],"predecessor-version":[{"id":48046,"href":"https:\/\/ecosdelsur.com\/index.php?rest_route=\/wp\/v2\/posts\/48044\/revisions\/48046"}],"wp:featuredmedia":[{"embeddable":true,"href":"https:\/\/ecosdelsur.com\/index.php?rest_route=\/wp\/v2\/media\/48045"}],"wp:attachment":[{"href":"https:\/\/ecosdelsur.com\/index.php?rest_route=%2Fwp%2Fv2%2Fmedia&parent=48044"}],"wp:term":[{"taxonomy":"category","embeddable":true,"href":"https:\/\/ecosdelsur.com\/index.php?rest_route=%2Fwp%2Fv2%2Fcategories&post=48044"},{"taxonomy":"post_tag","embeddable":true,"href":"https:\/\/ecosdelsur.com\/index.php?rest_route=%2Fwp%2Fv2%2Ftags&post=48044"}],"curies":[{"name":"wp","href":"https:\/\/api.w.org\/{rel}","templated":true}]}}