{"id":48032,"date":"2026-09-03T16:18:15","date_gmt":"2026-09-03T19:18:15","guid":{"rendered":"https:\/\/ecosdelsur.com\/?p=48032"},"modified":"2026-09-03T16:20:28","modified_gmt":"2026-09-03T19:20:28","slug":"las-antiguas-puertas-de-la-municipalidad-ya-forman-parte-del-museo-del-hombre-y-su-entorno","status":"publish","type":"post","link":"https:\/\/ecosdelsur.com\/?p=48032","title":{"rendered":"Las antiguas puertas de la Municipalidad ya forman parte del Museo del Hombre y su Entorno"},"content":{"rendered":"<div class=\"main-breadcrumb clearfix\">\n<div class=\"item-breadcrumb\"><span class=\"fecha-detallenota\" style=\"color: #ff0000;\">03 septiembre 2026 &#8211; <\/span>El patrimonio hist\u00f3rico de Caleta Olivia vuelve a ocupar un lugar central en la recuperaci\u00f3n de su memoria. Las antiguas puertas del edificio de la Municipalidad, que datan aproximadamente de 1957, fueron restauradas y emplazadas en el acceso principal del futuro Museo del Hombre y su Entorno.<img decoding=\"async\" class=\"alignnone size-full wp-image-48036 lazyload\" data-src=\"https:\/\/ecosdelsur.com\/wp-content\/uploads\/2026\/09\/puertas-1.jpeg\" alt=\"\" width=\"1024\" height=\"675\" data-srcset=\"https:\/\/ecosdelsur.com\/wp-content\/uploads\/2026\/09\/puertas-1.jpeg 1024w, https:\/\/ecosdelsur.com\/wp-content\/uploads\/2026\/09\/puertas-1-300x198.jpeg 300w, https:\/\/ecosdelsur.com\/wp-content\/uploads\/2026\/09\/puertas-1-768x506.jpeg 768w\" data-sizes=\"(max-width: 1024px) 100vw, 1024px\" src=\"data:image\/svg+xml;base64,PHN2ZyB3aWR0aD0iMSIgaGVpZ2h0PSIxIiB4bWxucz0iaHR0cDovL3d3dy53My5vcmcvMjAwMC9zdmciPjwvc3ZnPg==\" style=\"--smush-placeholder-width: 1024px; --smush-placeholder-aspect-ratio: 1024\/675;\" \/><\/div>\n<\/div>\n<p>La restauraci\u00f3n de la antigua gamela ubicada sobre calle Eva Per\u00f3n contin\u00faa avanzando con el objetivo de concretar la instalaci\u00f3n definitiva del Museo del Hombre y su Entorno, un espacio destinado a preservar, recuperar y poner en valor parte de la historia y la identidad de Caleta Olivia.<img decoding=\"async\" class=\"alignnone size-full wp-image-48038 lazyload\" data-src=\"https:\/\/ecosdelsur.com\/wp-content\/uploads\/2026\/09\/puertas-3.jpeg\" alt=\"\" width=\"1024\" height=\"668\" data-srcset=\"https:\/\/ecosdelsur.com\/wp-content\/uploads\/2026\/09\/puertas-3.jpeg 1024w, https:\/\/ecosdelsur.com\/wp-content\/uploads\/2026\/09\/puertas-3-300x196.jpeg 300w, https:\/\/ecosdelsur.com\/wp-content\/uploads\/2026\/09\/puertas-3-768x501.jpeg 768w\" data-sizes=\"(max-width: 1024px) 100vw, 1024px\" src=\"data:image\/svg+xml;base64,PHN2ZyB3aWR0aD0iMSIgaGVpZ2h0PSIxIiB4bWxucz0iaHR0cDovL3d3dy53My5vcmcvMjAwMC9zdmciPjwvc3ZnPg==\" style=\"--smush-placeholder-width: 1024px; --smush-placeholder-aspect-ratio: 1024\/668;\" \/><br \/>\nEn este marco, y luego de un importante trabajo realizado por el equipo del Museo del Hombre y su Entorno, se concret\u00f3 la colocaci\u00f3n de las antiguas puertas que pertenecieron al edificio donde funcion\u00f3 la primera Municipalidad de la ciudad. Las piezas, que datan aproximadamente del a\u00f1o 1957, constituyen un valioso testimonio material de la historia institucional y urbana de Caleta Olivia.<br \/>\nLas puertas fueron recuperadas y hoy forman parte de la entrada principal del museo, otorg\u00e1ndole al espacio un fuerte significado hist\u00f3rico y simb\u00f3lico. Cada elemento recuperado representa una oportunidad para reconstruir la memoria colectiva y acercar a las nuevas generaciones a los distintos momentos que atraves\u00f3 la ciudad.<br \/>\nCabe recordar que Caleta Olivia lleva m\u00e1s de dos d\u00e9cadas sin contar con un museo abierto destinado espec\u00edficamente a preservar y difundir su historia. En este sentido, desde la Gesti\u00f3n de Patrimonio y Museo, junto al director y escultor Alberto Rojas y la reconocida muse\u00f3loga Silvia Parisi, se contin\u00faa trabajando en distintas gestiones y acciones destinadas a finalizar las obras y avanzar hacia la inauguraci\u00f3n definitiva del Museo del Hombre y su Entorno.<br \/>\nUn museo abierto a la comunidad<br \/>\nDesde el equipo del museo destacaron que el espacio se encuentra abierto a la comunidad, permitiendo que vecinos y vecinas puedan conocer de cerca los avances de la obra, como as\u00ed tambi\u00e9n las distintas piezas y objetos que han sido recuperados y donados por familias y vecinos de Caleta Olivia.<br \/>\nAsimismo, se invit\u00f3 a quienes posean objetos, documentos, fotograf\u00edas, piezas de colecci\u00f3n u otros elementos vinculados con la historia de la ciudad y deseen donarlos o entregarlos en pr\u00e9stamo al museo, a acercarse al espacio. All\u00ed podr\u00e1n recibir el asesoramiento de la muse\u00f3loga Silvia Parisi, quien explicar\u00e1 las formalidades y procedimientos correspondientes para la incorporaci\u00f3n de cada pieza al patrimonio del museo.<br \/>\nDesde el \u00c1rea de Museo y Patrimonio agradecieron especialmente a todas las personas que, mediante sus donaciones, aportes y colaboraci\u00f3n, contribuyen a recuperar y reconstruir la rica historia de Caleta Olivia.<br \/>\nPreservar antes de intervenir<br \/>\nEn paralelo con las tareas de recuperaci\u00f3n patrimonial, el \u00c1rea de Museo y Patrimonio de la Municipalidad de Caleta Olivia emiti\u00f3 la Circular N.\u00ba 001\/2026, mediante la cual se establece que toda intervenci\u00f3n art\u00edstica, cultural, ornamental, urbana o de cualquier otra \u00edndole que se proyecte realizar en espacios p\u00fablicos de la ciudad deber\u00e1 ser previamente comunicada al \u00e1rea, dependiente de la Secretar\u00eda de Cultura.<br \/>\nLa medida busca garantizar la preservaci\u00f3n de aquellos espacios que poseen valor hist\u00f3rico, patrimonial, cultural o simb\u00f3lico, as\u00ed como de los sitios que cuentan con antecedentes de protecci\u00f3n, intervenciones previas o normativa espec\u00edfica.<br \/>\nDesde el \u00e1rea explicaron que en los \u00faltimos tiempos se registraron intervenciones en espacios p\u00fablicos con antecedentes hist\u00f3ricos y patrimoniales que fueron realizadas sin la correspondiente articulaci\u00f3n con las \u00e1reas competentes. Por este motivo, se considera fundamental establecer mecanismos de coordinaci\u00f3n que permitan evitar modificaciones, alteraciones o superposici\u00f3n de acciones sobre bienes y espacios que se encuentran bajo resguardo.<br \/>\nEntre los objetivos de la disposici\u00f3n se encuentran verificar los antecedentes hist\u00f3ricos y patrimoniales de cada lugar, determinar la existencia de ordenanzas o medidas de protecci\u00f3n, evaluar posibles afectaciones sobre bienes de valor cultural, coordinar las acciones entre las distintas \u00e1reas municipales, brindar asesoramiento t\u00e9cnico y mantener un registro de las intervenciones realizadas en espacios p\u00fablicos.<br \/>\nDesde el \u00c1rea de Museo y Patrimonio remarcaron que esta medida no busca limitar las expresiones art\u00edsticas y culturales, sino garantizar que puedan desarrollarse de manera ordenada, coordinada y respetuosa de la historia y el patrimonio de la ciudad.<br \/>\nLa articulaci\u00f3n previa permitir\u00e1 fortalecer las pol\u00edticas de preservaci\u00f3n, protecci\u00f3n y puesta en valor del patrimonio cultural de Caleta Olivia, acompa\u00f1ando el proceso de recuperaci\u00f3n de espacios y objetos que forman parte de la identidad de la comunidad.<br \/>\nLa recuperaci\u00f3n y colocaci\u00f3n de las antiguas puertas de la Municipalidad constituye, en este sentido, mucho m\u00e1s que una tarea de restauraci\u00f3n: es una forma concreta de devolver a la comunidad un fragmento de su propia historia y convertirlo en parte de un museo que busca recuperar la memoria colectiva de Caleta Olivia.<\/p>\n","protected":false},"excerpt":{"rendered":"<p>03 septiembre 2026 &#8211; El patrimonio hist\u00f3rico de Caleta Olivia vuelve a ocupar un lugar central en la recuperaci\u00f3n de<\/p>\n","protected":false},"author":8,"featured_media":48037,"comment_status":"open","ping_status":"closed","sticky":false,"template":"","format":"standard","meta":{"footnotes":""},"categories":[1],"tags":[],"class_list":["post-48032","post","type-post","status-publish","format-standard","has-post-thumbnail","hentry","category-uncategorized"],"_links":{"self":[{"href":"https:\/\/ecosdelsur.com\/index.php?rest_route=\/wp\/v2\/posts\/48032","targetHints":{"allow":["GET"]}}],"collection":[{"href":"https:\/\/ecosdelsur.com\/index.php?rest_route=\/wp\/v2\/posts"}],"about":[{"href":"https:\/\/ecosdelsur.com\/index.php?rest_route=\/wp\/v2\/types\/post"}],"author":[{"embeddable":true,"href":"https:\/\/ecosdelsur.com\/index.php?rest_route=\/wp\/v2\/users\/8"}],"replies":[{"embeddable":true,"href":"https:\/\/ecosdelsur.com\/index.php?rest_route=%2Fwp%2Fv2%2Fcomments&post=48032"}],"version-history":[{"count":3,"href":"https:\/\/ecosdelsur.com\/index.php?rest_route=\/wp\/v2\/posts\/48032\/revisions"}],"predecessor-version":[{"id":48040,"href":"https:\/\/ecosdelsur.com\/index.php?rest_route=\/wp\/v2\/posts\/48032\/revisions\/48040"}],"wp:featuredmedia":[{"embeddable":true,"href":"https:\/\/ecosdelsur.com\/index.php?rest_route=\/wp\/v2\/media\/48037"}],"wp:attachment":[{"href":"https:\/\/ecosdelsur.com\/index.php?rest_route=%2Fwp%2Fv2%2Fmedia&parent=48032"}],"wp:term":[{"taxonomy":"category","embeddable":true,"href":"https:\/\/ecosdelsur.com\/index.php?rest_route=%2Fwp%2Fv2%2Fcategories&post=48032"},{"taxonomy":"post_tag","embeddable":true,"href":"https:\/\/ecosdelsur.com\/index.php?rest_route=%2Fwp%2Fv2%2Ftags&post=48032"}],"curies":[{"name":"wp","href":"https:\/\/api.w.org\/{rel}","templated":true}]}}