{"id":48017,"date":"2026-09-03T13:21:05","date_gmt":"2026-09-03T16:21:05","guid":{"rendered":"https:\/\/ecosdelsur.com\/?p=48017"},"modified":"2026-09-03T14:21:56","modified_gmt":"2026-09-03T17:21:56","slug":"simulacro-de-accidente-vial-el-municipio-fortalecio-la-articulacion-junto-a-equipos-de-emergencia","status":"publish","type":"post","link":"https:\/\/ecosdelsur.com\/?p=48017","title":{"rendered":"Simulacro de accidente vial: La Municipalidad  de Caleta Olivia fortaleci\u00f3 la articulaci\u00f3n junto a equipos de emergencia"},"content":{"rendered":"<p><span style=\"color: #ff0000;\">03 de Septiembre 2026. <\/span>Con el objetivo de robustecer la coordinaci\u00f3n y respuesta ante situaciones de emergencia, la Municipalidad de Caleta Olivia particip\u00f3 este jueves 3 de septiembre del simulacro de accidente vial organizado por la empresa Transbah\u00eda y desarrollado en la estaci\u00f3n de servicio \u201cEl Bierzo\u201d, ubicada en el acceso sur de la ciudad.<img decoding=\"async\" class=\"alignnone size-full wp-image-48025 lazyload\" data-src=\"https:\/\/ecosdelsur.com\/wp-content\/uploads\/2026\/09\/DSC_0523.jpg\" alt=\"\" width=\"1024\" height=\"667\" data-srcset=\"https:\/\/ecosdelsur.com\/wp-content\/uploads\/2026\/09\/DSC_0523.jpg 1024w, https:\/\/ecosdelsur.com\/wp-content\/uploads\/2026\/09\/DSC_0523-300x195.jpg 300w, https:\/\/ecosdelsur.com\/wp-content\/uploads\/2026\/09\/DSC_0523-768x500.jpg 768w\" data-sizes=\"(max-width: 1024px) 100vw, 1024px\" src=\"data:image\/svg+xml;base64,PHN2ZyB3aWR0aD0iMSIgaGVpZ2h0PSIxIiB4bWxucz0iaHR0cDovL3d3dy53My5vcmcvMjAwMC9zdmciPjwvc3ZnPg==\" style=\"--smush-placeholder-width: 1024px; --smush-placeholder-aspect-ratio: 1024\/667;\" \/><\/p>\n<p>El ejercicio contempl\u00f3 la simulaci\u00f3n de una colisi\u00f3n entre un cami\u00f3n y una camioneta, con derrame de combustible, principio de incendio y personas heridas. Participaron Protecci\u00f3n Civil, Tr\u00e1nsito, Bomberos de la Unidad 5ta, Bomberos Voluntarios, Hospital y trabajadores de la estaci\u00f3n de servicio.<img decoding=\"async\" class=\"alignnone size-full wp-image-48029 lazyload\" data-src=\"https:\/\/ecosdelsur.com\/wp-content\/uploads\/2026\/09\/DSC_0568.jpg\" alt=\"\" width=\"1024\" height=\"582\" data-srcset=\"https:\/\/ecosdelsur.com\/wp-content\/uploads\/2026\/09\/DSC_0568.jpg 1024w, https:\/\/ecosdelsur.com\/wp-content\/uploads\/2026\/09\/DSC_0568-300x171.jpg 300w, https:\/\/ecosdelsur.com\/wp-content\/uploads\/2026\/09\/DSC_0568-768x437.jpg 768w\" data-sizes=\"(max-width: 1024px) 100vw, 1024px\" src=\"data:image\/svg+xml;base64,PHN2ZyB3aWR0aD0iMSIgaGVpZ2h0PSIxIiB4bWxucz0iaHR0cDovL3d3dy53My5vcmcvMjAwMC9zdmciPjwvc3ZnPg==\" style=\"--smush-placeholder-width: 1024px; --smush-placeholder-aspect-ratio: 1024\/582;\" \/><\/p>\n<p>Concluida la tarea, el supervisor de Seguridad e Higiene municipal, Mat\u00edas Alca\u00edn destac\u00f3 que este tipo de pr\u00e1cticas \u201ces importante para pulir aquellos detalles en lo que es la actuaci\u00f3n en una emergencia, el rol de cada una de las fuerzas y c\u00f3mo compatibilizan para una mejor actuaci\u00f3n\u201d.<\/p>\n<figure class=\"wp-block-image size-large\"><img decoding=\"async\" class=\"wp-image-21908 lazyload\" data-src=\"https:\/\/caletaolivia.gov.ar\/wp-content\/uploads\/2026\/09\/WhatsApp-Image-2026-09-03-at-11.55.53-1024x684.jpeg\" data-sizes=\"(max-width: 1024px) 100vw, 1024px\" data-srcset=\"https:\/\/caletaolivia.gov.ar\/wp-content\/uploads\/2026\/09\/WhatsApp-Image-2026-09-03-at-11.55.53-1024x684.jpeg 1024w, https:\/\/caletaolivia.gov.ar\/wp-content\/uploads\/2026\/09\/WhatsApp-Image-2026-09-03-at-11.55.53-300x200.jpeg 300w, https:\/\/caletaolivia.gov.ar\/wp-content\/uploads\/2026\/09\/WhatsApp-Image-2026-09-03-at-11.55.53-768x513.jpeg 768w, https:\/\/caletaolivia.gov.ar\/wp-content\/uploads\/2026\/09\/WhatsApp-Image-2026-09-03-at-11.55.53-1536x1027.jpeg 1536w, https:\/\/caletaolivia.gov.ar\/wp-content\/uploads\/2026\/09\/WhatsApp-Image-2026-09-03-at-11.55.53.jpeg 1616w\" alt=\"\" width=\"1024\" height=\"684\" src=\"data:image\/svg+xml;base64,PHN2ZyB3aWR0aD0iMSIgaGVpZ2h0PSIxIiB4bWxucz0iaHR0cDovL3d3dy53My5vcmcvMjAwMC9zdmciPjwvc3ZnPg==\" style=\"--smush-placeholder-width: 1024px; --smush-placeholder-aspect-ratio: 1024\/684;\" \/><\/figure>\n<p>Al hacer un balance, resalt\u00f3 la respuesta r\u00e1pida y coordinada de los equipos durante el ejercicio, con la habilitaci\u00f3n inicial de una zona segura que permiti\u00f3 el ingreso del personal sanitario y el rescate de las personas accidentadas y subray\u00f3 la importancia del trabajo articulado para responder de manera efectiva en estos contextos.<img decoding=\"async\" class=\"alignnone size-full wp-image-48024 lazyload\" data-src=\"https:\/\/ecosdelsur.com\/wp-content\/uploads\/2026\/09\/DSC_0581.jpg\" alt=\"\" width=\"1024\" height=\"615\" data-srcset=\"https:\/\/ecosdelsur.com\/wp-content\/uploads\/2026\/09\/DSC_0581.jpg 1024w, https:\/\/ecosdelsur.com\/wp-content\/uploads\/2026\/09\/DSC_0581-300x180.jpg 300w, https:\/\/ecosdelsur.com\/wp-content\/uploads\/2026\/09\/DSC_0581-768x461.jpg 768w\" data-sizes=\"(max-width: 1024px) 100vw, 1024px\" src=\"data:image\/svg+xml;base64,PHN2ZyB3aWR0aD0iMSIgaGVpZ2h0PSIxIiB4bWxucz0iaHR0cDovL3d3dy53My5vcmcvMjAwMC9zdmciPjwvc3ZnPg==\" style=\"--smush-placeholder-width: 1024px; --smush-placeholder-aspect-ratio: 1024\/615;\" \/><\/p>\n<p>Por su parte, Jos\u00e9 Mar\u00eda Leoni, integrante del \u00e1rea de Calidad y Seguridad Vial de la empresa Transbah\u00eda, destac\u00f3 el alcance del operativo que cont\u00f3 con varios aspectos de complejidad. \u201cSimulamos con agua un derrame de combustible; hubo un principio de incendio; personas heridas y un descompensado card\u00edaco, pusimos varios puntos para entrenar la respuesta de los distintos equipos\u201d, subray\u00f3.<img decoding=\"async\" class=\"alignnone size-full wp-image-48023 lazyload\" data-src=\"https:\/\/ecosdelsur.com\/wp-content\/uploads\/2026\/09\/DSC_0573.jpg\" alt=\"\" width=\"1024\" height=\"625\" data-srcset=\"https:\/\/ecosdelsur.com\/wp-content\/uploads\/2026\/09\/DSC_0573.jpg 1024w, https:\/\/ecosdelsur.com\/wp-content\/uploads\/2026\/09\/DSC_0573-300x183.jpg 300w, https:\/\/ecosdelsur.com\/wp-content\/uploads\/2026\/09\/DSC_0573-768x469.jpg 768w\" data-sizes=\"(max-width: 1024px) 100vw, 1024px\" src=\"data:image\/svg+xml;base64,PHN2ZyB3aWR0aD0iMSIgaGVpZ2h0PSIxIiB4bWxucz0iaHR0cDovL3d3dy53My5vcmcvMjAwMC9zdmciPjwvc3ZnPg==\" style=\"--smush-placeholder-width: 1024px; --smush-placeholder-aspect-ratio: 1024\/625;\" \/><\/p>\n<p>Finalmente, detall\u00f3 que la jornada fue precedida por reuniones de planificaci\u00f3n y una instancia de capacitaci\u00f3n vinculada a protocolos y roles de cada equipo e incluir\u00e1 una reuni\u00f3n de cierre para evaluar el desarrollo del operativo e identificar aspectos a mejorar con el prop\u00f3sito de continuar fortaleciendo la capacidad de respuesta ante posibles emergencias.<img decoding=\"async\" class=\"alignnone size-full wp-image-48028 lazyload\" data-src=\"https:\/\/ecosdelsur.com\/wp-content\/uploads\/2026\/09\/DSC_0562.jpg\" alt=\"\" width=\"1024\" height=\"678\" data-srcset=\"https:\/\/ecosdelsur.com\/wp-content\/uploads\/2026\/09\/DSC_0562.jpg 1024w, https:\/\/ecosdelsur.com\/wp-content\/uploads\/2026\/09\/DSC_0562-300x199.jpg 300w, https:\/\/ecosdelsur.com\/wp-content\/uploads\/2026\/09\/DSC_0562-768x509.jpg 768w\" data-sizes=\"(max-width: 1024px) 100vw, 1024px\" src=\"data:image\/svg+xml;base64,PHN2ZyB3aWR0aD0iMSIgaGVpZ2h0PSIxIiB4bWxucz0iaHR0cDovL3d3dy53My5vcmcvMjAwMC9zdmciPjwvc3ZnPg==\" style=\"--smush-placeholder-width: 1024px; --smush-placeholder-aspect-ratio: 1024\/678;\" \/><\/p>\n","protected":false},"excerpt":{"rendered":"<p>03 de Septiembre 2026. Con el objetivo de robustecer la coordinaci\u00f3n y respuesta ante situaciones de emergencia, la Municipalidad de<\/p>\n","protected":false},"author":8,"featured_media":48026,"comment_status":"open","ping_status":"closed","sticky":false,"template":"","format":"standard","meta":{"footnotes":""},"categories":[1185],"tags":[],"class_list":["post-48017","post","type-post","status-publish","format-standard","has-post-thumbnail","hentry","category-comunicaciones-y-medios"],"_links":{"self":[{"href":"https:\/\/ecosdelsur.com\/index.php?rest_route=\/wp\/v2\/posts\/48017","targetHints":{"allow":["GET"]}}],"collection":[{"href":"https:\/\/ecosdelsur.com\/index.php?rest_route=\/wp\/v2\/posts"}],"about":[{"href":"https:\/\/ecosdelsur.com\/index.php?rest_route=\/wp\/v2\/types\/post"}],"author":[{"embeddable":true,"href":"https:\/\/ecosdelsur.com\/index.php?rest_route=\/wp\/v2\/users\/8"}],"replies":[{"embeddable":true,"href":"https:\/\/ecosdelsur.com\/index.php?rest_route=%2Fwp%2Fv2%2Fcomments&post=48017"}],"version-history":[{"count":3,"href":"https:\/\/ecosdelsur.com\/index.php?rest_route=\/wp\/v2\/posts\/48017\/revisions"}],"predecessor-version":[{"id":48030,"href":"https:\/\/ecosdelsur.com\/index.php?rest_route=\/wp\/v2\/posts\/48017\/revisions\/48030"}],"wp:featuredmedia":[{"embeddable":true,"href":"https:\/\/ecosdelsur.com\/index.php?rest_route=\/wp\/v2\/media\/48026"}],"wp:attachment":[{"href":"https:\/\/ecosdelsur.com\/index.php?rest_route=%2Fwp%2Fv2%2Fmedia&parent=48017"}],"wp:term":[{"taxonomy":"category","embeddable":true,"href":"https:\/\/ecosdelsur.com\/index.php?rest_route=%2Fwp%2Fv2%2Fcategories&post=48017"},{"taxonomy":"post_tag","embeddable":true,"href":"https:\/\/ecosdelsur.com\/index.php?rest_route=%2Fwp%2Fv2%2Ftags&post=48017"}],"curies":[{"name":"wp","href":"https:\/\/api.w.org\/{rel}","templated":true}]}}