{"id":48014,"date":"2026-09-03T13:18:58","date_gmt":"2026-09-03T16:18:58","guid":{"rendered":"https:\/\/ecosdelsur.com\/?p=48014"},"modified":"2026-09-03T13:18:58","modified_gmt":"2026-09-03T16:18:58","slug":"santa-cruz-puede-mantiene-conversaciones-para-preservar-los-puestos-de-trabajo-y-garantizar-el-abastecimiento","status":"publish","type":"post","link":"https:\/\/ecosdelsur.com\/?p=48014","title":{"rendered":"Santa Cruz Puede mantiene conversaciones para preservar los puestos de trabajo y garantizar el abastecimiento"},"content":{"rendered":"<p><span style=\"color: #ff0000;\">03 de Septiembre 2026. <\/span>La empresa sostiene el di\u00e1logo con el grupo empresario que gestiona las farmacias Autofarma, con el objetivo de evaluar alternativas que permitan preservar las fuentes laborales y asegurar la continuidad del abastecimiento de medicamentos donde funcionan los establecimientos.<\/p>\n<div class=\"redes mb-3\">\n<div class=\"d-flex flex-wrap justify-content-between align-items-center gap-3 my-2 mx-1\">\n<p>Ante la informaci\u00f3n de p\u00fablico conocimiento vinculada a una posible negociaci\u00f3n entre\u00a0<strong>Santa Cruz Puede S.A.U.<\/strong>\u00a0y el grupo empresario que gestiona las farmacias\u00a0<strong>Autofarma<\/strong>, la empresa estatal informa que actualmente mantiene conversaciones con los responsables de la firma.<\/p>\n<p>La instancia de di\u00e1logo tiene como principales objetivos\u00a0<strong>preservar las fuentes de trabajo<\/strong>\u00a0y garantizar la continuidad laboral de los trabajadores vinculados a la actividad, as\u00ed como\u00a0<strong>asegurar el abastecimiento de medicamentos<\/strong>\u00a0y sostener la funci\u00f3n social que cumplen las farmacias para la comunidad.<\/p>\n<p>En este marco, Santa Cruz Puede destaca la\u00a0<strong>buena predisposici\u00f3n de las partes involucradas<\/strong>\u00a0para analizar distintas alternativas y avanzar hacia una posible soluci\u00f3n que contemple tanto la situaci\u00f3n de los trabajadores como la continuidad de la prestaci\u00f3n del servicio.<\/p>\n<h3>Las conversaciones contin\u00faan<\/h3>\n<p>Actualmente, el proceso\u00a0<strong>se encuentra en etapa de an\u00e1lisis<\/strong>\u00a0y no existe una decisi\u00f3n definitiva respecto de los pasos a seguir.<\/p>\n<p>Santa Cruz Puede S.A.U. continuar\u00e1 evaluando la informaci\u00f3n necesaria junto con los responsables de Autofarma y, una vez finalizada esta instancia, comunicar\u00e1 oportunamente las decisiones que se adopten.<\/p>\n<p>La empresa estatal reafirma su compromiso con el\u00a0<strong>sostenimiento del empleo, el acceso a los medicamentos y la continuidad de servicios que cumplen una funci\u00f3n social fundamental para las comunidades de Santa Cruz<\/strong>.<\/p>\n<\/div>\n<\/div>\n","protected":false},"excerpt":{"rendered":"<p>03 de Septiembre 2026. La empresa sostiene el di\u00e1logo con el grupo empresario que gestiona las farmacias Autofarma, con el<\/p>\n","protected":false},"author":8,"featured_media":48015,"comment_status":"open","ping_status":"closed","sticky":false,"template":"","format":"standard","meta":{"footnotes":""},"categories":[1146],"tags":[],"class_list":["post-48014","post","type-post","status-publish","format-standard","has-post-thumbnail","hentry","category-ministerio-de-trabajo"],"_links":{"self":[{"href":"https:\/\/ecosdelsur.com\/index.php?rest_route=\/wp\/v2\/posts\/48014","targetHints":{"allow":["GET"]}}],"collection":[{"href":"https:\/\/ecosdelsur.com\/index.php?rest_route=\/wp\/v2\/posts"}],"about":[{"href":"https:\/\/ecosdelsur.com\/index.php?rest_route=\/wp\/v2\/types\/post"}],"author":[{"embeddable":true,"href":"https:\/\/ecosdelsur.com\/index.php?rest_route=\/wp\/v2\/users\/8"}],"replies":[{"embeddable":true,"href":"https:\/\/ecosdelsur.com\/index.php?rest_route=%2Fwp%2Fv2%2Fcomments&post=48014"}],"version-history":[{"count":1,"href":"https:\/\/ecosdelsur.com\/index.php?rest_route=\/wp\/v2\/posts\/48014\/revisions"}],"predecessor-version":[{"id":48016,"href":"https:\/\/ecosdelsur.com\/index.php?rest_route=\/wp\/v2\/posts\/48014\/revisions\/48016"}],"wp:featuredmedia":[{"embeddable":true,"href":"https:\/\/ecosdelsur.com\/index.php?rest_route=\/wp\/v2\/media\/48015"}],"wp:attachment":[{"href":"https:\/\/ecosdelsur.com\/index.php?rest_route=%2Fwp%2Fv2%2Fmedia&parent=48014"}],"wp:term":[{"taxonomy":"category","embeddable":true,"href":"https:\/\/ecosdelsur.com\/index.php?rest_route=%2Fwp%2Fv2%2Fcategories&post=48014"},{"taxonomy":"post_tag","embeddable":true,"href":"https:\/\/ecosdelsur.com\/index.php?rest_route=%2Fwp%2Fv2%2Ftags&post=48014"}],"curies":[{"name":"wp","href":"https:\/\/api.w.org\/{rel}","templated":true}]}}