{"id":48011,"date":"2026-09-03T12:35:25","date_gmt":"2026-09-03T15:35:25","guid":{"rendered":"https:\/\/ecosdelsur.com\/?p=48011"},"modified":"2026-09-03T12:35:25","modified_gmt":"2026-09-03T15:35:25","slug":"una-invitacion-para-poner-en-valor-las-voces-de-santa-cruz","status":"publish","type":"post","link":"https:\/\/ecosdelsur.com\/?p=48011","title":{"rendered":"Una invitaci\u00f3n para poner en valor las voces de Santa Cruz"},"content":{"rendered":"<p><span style=\"color: #ff0000;\">03 de Septiembre 2026. <\/span>En Casa de Santa Cruz se celebra por primera vez el D\u00eda de la Poes\u00eda Santacruce\u00f1a con un encuentro dedicado a la palabra, la memoria y la creaci\u00f3n literaria de nuestra provincia. El conversatorio se realizar\u00e1 el lunes 7 de septiembre, a las 15 h en 25 de Mayo 279 (CABA), y reunir\u00e1 a escritores y referentes culturales santacruce\u00f1os en un espacio de intercambio y reflexi\u00f3n en torno a la poes\u00eda.<\/p>\n<div class=\"redes mb-3\">\n<div class=\"d-flex flex-wrap justify-content-between align-items-center gap-3 my-2 mx-1\">\n<section class=\"ssi-block-main mb-5\">\n<div class=\"mb-2\">\n<div class=\"article-full\">\n<p>La jornada ser\u00e1 moderada por la\u00a0<strong>escritora Ana Elisa Medina<\/strong>\u00a0y la Directora General de Relaciones P\u00fablicas de la Casa de Santa Cruz,\u00a0<strong>Valentina Garc\u00eda Stur<\/strong>, quien sostuvo que\u00a0<strong>\u201ccelebrar por primera vez el D\u00eda de la Poes\u00eda Santacruce\u00f1a en nuestra Casa es una manera de reconocer y acompa\u00f1ar a quienes, a trav\u00e9s de la palabra, construyen memoria y mantienen viva nuestra identidad, visibilizando la enorme riqueza de la producci\u00f3n literaria de nuestra provincia\u201d<\/strong>.<\/p>\n<p>La fecha fue instituida mediante la\u00a0Ley Provincial N.\u00ba 4010, que establece el\u00a0<strong>6 de septiembre<\/strong>\u00a0de cada a\u00f1o como\u00a0<strong>D\u00eda de la Poes\u00eda Santacruce\u00f1a<\/strong>, en homenaje al natalicio de la escritora\u00a0Flora Rodr\u00edguez Lofredo. La normativa dispone, adem\u00e1s, el resguardo y la preservaci\u00f3n de su obra, promueve la difusi\u00f3n de sus escritos y establece la creaci\u00f3n de programas destinados a dar visibilidad a las y los escritores santacruce\u00f1os.<\/p>\n<p>En este marco, la<strong>\u00a0Casa de Santa Cruz<\/strong> propone un encuentro para celebrar la poes\u00eda poniendo en di\u00e1logo a quienes, desde la escritura y la palabra, mantienen viva la tradici\u00f3n literaria santacruce\u00f1a.<\/p>\n<\/div>\n<\/div>\n<\/section>\n<aside class=\"ssi-block-side\">\n<aside class=\"a-gallery mt-2\">\n<div class=\"row g-3 ssigallery-frontend mt-3 row-cols-2 row-cols-sm-3 row-cols-md-3 row-cols-lg-4\">\n<div class=\"col-6 col-sm-4 col-md-4 col-lg-3 mt-0\"><a class=\"ssig-item\" href=\"https:\/\/noticias.santacruz.gob.ar\/media\/ssigallery\/articulos\/26372\/galeria\/conversatorio_dia_de_poesia-02-01.png\" data-ssig=\"1\" data-caption=\"\" data-fancybox=\"ssigallery-article-26372\"><img decoding=\"async\" class=\"img-fluid rounded lazyload\" data-src=\"https:\/\/noticias.santacruz.gob.ar\/media\/ssigallery\/articulos\/26372\/galeria\/thumbs\/conversatorio_dia_de_poesia-02-01.png\" alt=\"Una invitaci\u00f3n para poner en valor las voces de Santa Cruz\" src=\"data:image\/svg+xml;base64,PHN2ZyB3aWR0aD0iMSIgaGVpZ2h0PSIxIiB4bWxucz0iaHR0cDovL3d3dy53My5vcmcvMjAwMC9zdmciPjwvc3ZnPg==\" \/><\/a><\/div>\n<div class=\"col-6 col-sm-4 col-md-4 col-lg-3 mt-0\"><a class=\"ssig-item\" href=\"https:\/\/noticias.santacruz.gob.ar\/media\/ssigallery\/articulos\/26372\/galeria\/conversatorio_dia_de_poesia-02-011.png\" data-ssig=\"1\" data-caption=\"\" data-fancybox=\"ssigallery-article-26372\"><img decoding=\"async\" class=\"img-fluid rounded lazyload\" data-src=\"https:\/\/noticias.santacruz.gob.ar\/media\/ssigallery\/articulos\/26372\/galeria\/thumbs\/conversatorio_dia_de_poesia-02-011.png\" alt=\"Una invitaci\u00f3n para poner en valor las voces de Santa Cruz\" src=\"data:image\/svg+xml;base64,PHN2ZyB3aWR0aD0iMSIgaGVpZ2h0PSIxIiB4bWxucz0iaHR0cDovL3d3dy53My5vcmcvMjAwMC9zdmciPjwvc3ZnPg==\" \/><\/a><\/div>\n<\/div>\n<\/aside>\n<\/aside>\n<\/div>\n<\/div>\n","protected":false},"excerpt":{"rendered":"<p>03 de Septiembre 2026. En Casa de Santa Cruz se celebra por primera vez el D\u00eda de la Poes\u00eda Santacruce\u00f1a<\/p>\n","protected":false},"author":8,"featured_media":48012,"comment_status":"open","ping_status":"closed","sticky":false,"template":"","format":"standard","meta":{"footnotes":""},"categories":[88],"tags":[],"class_list":["post-48011","post","type-post","status-publish","format-standard","has-post-thumbnail","hentry","category-cultura"],"_links":{"self":[{"href":"https:\/\/ecosdelsur.com\/index.php?rest_route=\/wp\/v2\/posts\/48011","targetHints":{"allow":["GET"]}}],"collection":[{"href":"https:\/\/ecosdelsur.com\/index.php?rest_route=\/wp\/v2\/posts"}],"about":[{"href":"https:\/\/ecosdelsur.com\/index.php?rest_route=\/wp\/v2\/types\/post"}],"author":[{"embeddable":true,"href":"https:\/\/ecosdelsur.com\/index.php?rest_route=\/wp\/v2\/users\/8"}],"replies":[{"embeddable":true,"href":"https:\/\/ecosdelsur.com\/index.php?rest_route=%2Fwp%2Fv2%2Fcomments&post=48011"}],"version-history":[{"count":1,"href":"https:\/\/ecosdelsur.com\/index.php?rest_route=\/wp\/v2\/posts\/48011\/revisions"}],"predecessor-version":[{"id":48013,"href":"https:\/\/ecosdelsur.com\/index.php?rest_route=\/wp\/v2\/posts\/48011\/revisions\/48013"}],"wp:featuredmedia":[{"embeddable":true,"href":"https:\/\/ecosdelsur.com\/index.php?rest_route=\/wp\/v2\/media\/48012"}],"wp:attachment":[{"href":"https:\/\/ecosdelsur.com\/index.php?rest_route=%2Fwp%2Fv2%2Fmedia&parent=48011"}],"wp:term":[{"taxonomy":"category","embeddable":true,"href":"https:\/\/ecosdelsur.com\/index.php?rest_route=%2Fwp%2Fv2%2Fcategories&post=48011"},{"taxonomy":"post_tag","embeddable":true,"href":"https:\/\/ecosdelsur.com\/index.php?rest_route=%2Fwp%2Fv2%2Ftags&post=48011"}],"curies":[{"name":"wp","href":"https:\/\/api.w.org\/{rel}","templated":true}]}}