{"id":48008,"date":"2026-09-03T12:24:59","date_gmt":"2026-09-03T15:24:59","guid":{"rendered":"https:\/\/ecosdelsur.com\/?p=48008"},"modified":"2026-09-03T12:24:59","modified_gmt":"2026-09-03T15:24:59","slug":"la-municipalidad-fortalece-las-acciones-de-prevencion-sobre-consumo-problematico-en-escuelas-secundarias","status":"publish","type":"post","link":"https:\/\/ecosdelsur.com\/?p=48008","title":{"rendered":"La Municipalidad fortalece las acciones de prevenci\u00f3n sobre consumo problem\u00e1tico en escuelas secundarias"},"content":{"rendered":"<p><span style=\"color: #ff0000;\">03 de Septiembre 2026. <\/span>La Municipalidad de Caleta Olivia, contin\u00faa desarrollando espacios de concientizaci\u00f3n destinados a estudiantes de las instituciones secundarias de la ciudad. En esta oportunidad, se llev\u00f3 adelante una charla sobre consumo problem\u00e1tico con alumnos de 5.\u00ba a\u00f1o del Colegio Secundario N.\u00ba 6.<\/p>\n<p>La actividad estuvo a cargo de Fernanda Breit, operadora del equipo de Consumo Problem\u00e1tico, quien explic\u00f3 que el objetivo principal es brindar herramientas a los adolescentes: \u201cNosotros venimos a concientizar a los chicos sobre el tema del consumo, que traten de no caer en el consumo y que siempre traten de pedir ayuda\u201d, se\u00f1al\u00f3.<\/p>\n<p>Durante el encuentro se abordaron diferentes aspectos vinculados a las adicciones. Desde el equipo remarcaron la importancia de trabajar estos temas con responsabilidad y de acuerdo con las necesidades de los estudiantes, generando un espacio de di\u00e1logo donde puedan realizar consultas y expresar sus inquietudes.<\/p>\n<figure class=\"wp-block-image size-large\"><img decoding=\"async\" class=\"wp-image-21904 lazyload\" data-src=\"https:\/\/caletaolivia.gov.ar\/wp-content\/uploads\/2026\/09\/WhatsApp-Image-2026-09-03-at-09.52.18-1024x576.jpeg\" data-sizes=\"(max-width: 1024px) 100vw, 1024px\" data-srcset=\"https:\/\/caletaolivia.gov.ar\/wp-content\/uploads\/2026\/09\/WhatsApp-Image-2026-09-03-at-09.52.18-1024x576.jpeg 1024w, https:\/\/caletaolivia.gov.ar\/wp-content\/uploads\/2026\/09\/WhatsApp-Image-2026-09-03-at-09.52.18-300x169.jpeg 300w, https:\/\/caletaolivia.gov.ar\/wp-content\/uploads\/2026\/09\/WhatsApp-Image-2026-09-03-at-09.52.18-768x432.jpeg 768w, https:\/\/caletaolivia.gov.ar\/wp-content\/uploads\/2026\/09\/WhatsApp-Image-2026-09-03-at-09.52.18.jpeg 1280w\" alt=\"\" width=\"1024\" height=\"576\" src=\"data:image\/svg+xml;base64,PHN2ZyB3aWR0aD0iMSIgaGVpZ2h0PSIxIiB4bWxucz0iaHR0cDovL3d3dy53My5vcmcvMjAwMC9zdmciPjwvc3ZnPg==\" style=\"--smush-placeholder-width: 1024px; --smush-placeholder-aspect-ratio: 1024\/576;\" \/><\/figure>\n<p>Como parte de la propuesta, tambi\u00e9n se brind\u00f3 a los j\u00f3venes un n\u00famero de contacto para que puedan solicitar asesoramiento mediante llamadas o mensajes. Adem\u00e1s, se dispuso una urna para que puedan dejar consultas o pedidos de ayuda de manera an\u00f3nima, tanto para ellos mismos como para personas de su entorno que atraviesen una situaci\u00f3n de consumo problem\u00e1tico.<\/p>\n<p>En esta jornada participaron estudiantes de 5.\u00ba C, mientras que las acciones continuar\u00e1n con el resto de los cursos. Breit inform\u00f3 que este viernes finalizar\u00e1n el trabajo con este grupo y que el viernes siguiente se completar\u00e1 la actividad con el otro quinto a\u00f1o. La propuesta forma parte de un trabajo que se desarrolla en distintas instituciones secundarias de la ciudad.<\/p>\n<p>La operadora tambi\u00e9n destac\u00f3 que durante este per\u00edodo se articulan otras acciones de concientizaci\u00f3n vinculadas a la prevenci\u00f3n del suicidio, en el marco de las actividades de Septiembre Naranja.<\/p>\n<figure class=\"wp-block-image size-large\"><img decoding=\"async\" class=\"wp-image-21903 lazyload\" data-src=\"https:\/\/caletaolivia.gov.ar\/wp-content\/uploads\/2026\/09\/WhatsApp-Image-2026-09-03-at-09.52.18-1-1024x576.jpeg\" data-sizes=\"(max-width: 1024px) 100vw, 1024px\" data-srcset=\"https:\/\/caletaolivia.gov.ar\/wp-content\/uploads\/2026\/09\/WhatsApp-Image-2026-09-03-at-09.52.18-1-1024x576.jpeg 1024w, https:\/\/caletaolivia.gov.ar\/wp-content\/uploads\/2026\/09\/WhatsApp-Image-2026-09-03-at-09.52.18-1-300x169.jpeg 300w, https:\/\/caletaolivia.gov.ar\/wp-content\/uploads\/2026\/09\/WhatsApp-Image-2026-09-03-at-09.52.18-1-768x432.jpeg 768w, https:\/\/caletaolivia.gov.ar\/wp-content\/uploads\/2026\/09\/WhatsApp-Image-2026-09-03-at-09.52.18-1.jpeg 1280w\" alt=\"\" width=\"1024\" height=\"576\" src=\"data:image\/svg+xml;base64,PHN2ZyB3aWR0aD0iMSIgaGVpZ2h0PSIxIiB4bWxucz0iaHR0cDovL3d3dy53My5vcmcvMjAwMC9zdmciPjwvc3ZnPg==\" style=\"--smush-placeholder-width: 1024px; --smush-placeholder-aspect-ratio: 1024\/576;\" \/><\/figure>\n<p>Desde la Municipalidad se reafirma el compromiso de continuar acercando herramientas de prevenci\u00f3n a las instituciones educativas, fortaleciendo el acompa\u00f1amiento a las juventudes y promoviendo el acceso a espacios donde puedan encontrar orientaci\u00f3n y ayuda ante situaciones de consumo problem\u00e1tico.<\/p>\n","protected":false},"excerpt":{"rendered":"<p>03 de Septiembre 2026. La Municipalidad de Caleta Olivia, contin\u00faa desarrollando espacios de concientizaci\u00f3n destinados a estudiantes de las instituciones<\/p>\n","protected":false},"author":8,"featured_media":48009,"comment_status":"open","ping_status":"closed","sticky":false,"template":"","format":"standard","meta":{"footnotes":""},"categories":[1185],"tags":[],"class_list":["post-48008","post","type-post","status-publish","format-standard","has-post-thumbnail","hentry","category-comunicaciones-y-medios"],"_links":{"self":[{"href":"https:\/\/ecosdelsur.com\/index.php?rest_route=\/wp\/v2\/posts\/48008","targetHints":{"allow":["GET"]}}],"collection":[{"href":"https:\/\/ecosdelsur.com\/index.php?rest_route=\/wp\/v2\/posts"}],"about":[{"href":"https:\/\/ecosdelsur.com\/index.php?rest_route=\/wp\/v2\/types\/post"}],"author":[{"embeddable":true,"href":"https:\/\/ecosdelsur.com\/index.php?rest_route=\/wp\/v2\/users\/8"}],"replies":[{"embeddable":true,"href":"https:\/\/ecosdelsur.com\/index.php?rest_route=%2Fwp%2Fv2%2Fcomments&post=48008"}],"version-history":[{"count":1,"href":"https:\/\/ecosdelsur.com\/index.php?rest_route=\/wp\/v2\/posts\/48008\/revisions"}],"predecessor-version":[{"id":48010,"href":"https:\/\/ecosdelsur.com\/index.php?rest_route=\/wp\/v2\/posts\/48008\/revisions\/48010"}],"wp:featuredmedia":[{"embeddable":true,"href":"https:\/\/ecosdelsur.com\/index.php?rest_route=\/wp\/v2\/media\/48009"}],"wp:attachment":[{"href":"https:\/\/ecosdelsur.com\/index.php?rest_route=%2Fwp%2Fv2%2Fmedia&parent=48008"}],"wp:term":[{"taxonomy":"category","embeddable":true,"href":"https:\/\/ecosdelsur.com\/index.php?rest_route=%2Fwp%2Fv2%2Fcategories&post=48008"},{"taxonomy":"post_tag","embeddable":true,"href":"https:\/\/ecosdelsur.com\/index.php?rest_route=%2Fwp%2Fv2%2Ftags&post=48008"}],"curies":[{"name":"wp","href":"https:\/\/api.w.org\/{rel}","templated":true}]}}