{"id":48005,"date":"2026-09-03T12:22:25","date_gmt":"2026-09-03T15:22:25","guid":{"rendered":"https:\/\/ecosdelsur.com\/?p=48005"},"modified":"2026-09-03T12:22:25","modified_gmt":"2026-09-03T15:22:25","slug":"el-gobierno-avanza-en-la-construccion-del-polideportivo-de-piedra-buena","status":"publish","type":"post","link":"https:\/\/ecosdelsur.com\/?p=48005","title":{"rendered":"El Gobierno avanza en la construcci\u00f3n del Polideportivo de Piedra Buena"},"content":{"rendered":"<p><span style=\"color: #ff0000;\">03 de Septiembre 2026. <\/span>Se trata de una inversi\u00f3n superior a los $3.800 millones que se ejecuta a trav\u00e9s del IDUV. Son 2.448 m2 y su finalizaci\u00f3n se proyecta para abril de 2027.<\/p>\n<div class=\"redes mb-3\">\n<div class=\"d-flex flex-wrap justify-content-between align-items-center gap-3 my-2 mx-1\">\n<section class=\"ssi-block-main mb-5\">\n<div class=\"mb-2\">\n<div class=\"article-full\">\n<p>El Gobierno provincial, a trav\u00e9s del Instituto de Desarrollo Urbano y Vivienda (IDUV),<strong>\u00a0<\/strong>lleva adelante la construcci\u00f3n de un nuevo Polideportivo en\u00a0<strong>Comandante Luis Piedra Buena<\/strong>.<br \/>\n<strong>Ubicado en la\u00a0<\/strong>Manzana 46, se trata de una inversi\u00f3n que supera los 3.800 millones de pesos. La obra, adjudicada a la empresa Chimen Aike S.A., alcanz\u00f3 un 19,12% de avance f\u00edsico y prev\u00e9 su finalizaci\u00f3n para abril de 2027.<\/p>\n<p>La edificaci\u00f3n alcanzar\u00e1 una superficie cubierta de 2448 m\u00b2 y se transformar\u00e1 en una pieza urbana clave en materia de equipamiento social y deportivo.<\/p>\n<h2>Detalles t\u00e9cnicos e inversi\u00f3n en infraestructura<\/h2>\n<p>La obra corresponde a la Licitaci\u00f3n P\u00fablica N\u00b0 06\/IDUV\/2025 que se adjudic\u00f3 por\u00a0<strong>$3.834.141.219,19<\/strong>. El proyecto se realiza en el predio delimitado por la Avenida Rivadavia, S\u00e1enz Pe\u00f1a, Avenida Gobernador Mayer y Pueyrred\u00f3n, integrando el \u00e1rea donde actualmente funcionan el Centro Cultural Mario Otero y el play\u00f3n vecinal.<\/p>\n<figure class=\"ssi-inline-image my-3\"><img decoding=\"async\" class=\"img-fluid lazyload\" data-src=\"https:\/\/noticias.santacruz.gob.ar\/media\/ssigallery\/articulos\/26368\/inline\/WhatsApp_Image_2026-09-03_at_10.15.50.jpeg\" alt=\"El Gobierno avanza en la construcci\u00f3n del Polideportivo de Piedra Buena\" src=\"data:image\/svg+xml;base64,PHN2ZyB3aWR0aD0iMSIgaGVpZ2h0PSIxIiB4bWxucz0iaHR0cDovL3d3dy53My5vcmcvMjAwMC9zdmciPjwvc3ZnPg==\" \/><\/figure>\n<h2>Impacto comunitario y sistema constructivo<\/h2>\n<p>El predio contempla un gimnasio desarrollado en una sola planta equipado con\u00a0<strong>cancha principal, tribunas, sala de musculaci\u00f3n, vestuarios y sanitarios adaptados para personas con movilidad reducida<\/strong>. El dise\u00f1o integral suma \u00e1reas de enfermer\u00eda, administraci\u00f3n, cocina y dependencias operativas.<\/p>\n<p>Respecto a la construcci\u00f3n, se utiliza un\u00a0<strong>sistema tradicional<\/strong>\u00a0mixto de hormig\u00f3n armado y estructura met\u00e1lica, con cerramientos en mamposter\u00eda de ladrillo cer\u00e1mico y calefacci\u00f3n por aire caliente conectada a las redes de servicios p\u00fablicos b\u00e1sicos.<\/p>\n<p>A trav\u00e9s de la decisi\u00f3n del gobernador\u00a0<strong>Claudio Vidal<\/strong>, se reafirma el objetivo de priorizar el deporte y la contenci\u00f3n social que este brinda. Al tiempo que se impulsa el empleo local.<\/p>\n<\/div>\n<\/div>\n<\/section>\n<aside class=\"ssi-block-side\">\n<aside class=\"a-gallery mt-2\">\n<div class=\"row g-3 ssigallery-frontend mt-3 row-cols-2 row-cols-sm-3 row-cols-md-3 row-cols-lg-4\">\n<div class=\"col-6 col-sm-4 col-md-4 col-lg-3 mt-0\"><a class=\"ssig-item\" href=\"https:\/\/noticias.santacruz.gob.ar\/media\/ssigallery\/articulos\/26368\/galeria\/WhatsApp_Image_2026-09-03_at_10.15.50__1_.jpeg\" data-ssig=\"1\" data-caption=\"\" data-fancybox=\"ssigallery-article-26368\"><img decoding=\"async\" class=\"img-fluid rounded lazyload\" data-src=\"https:\/\/noticias.santacruz.gob.ar\/media\/ssigallery\/articulos\/26368\/galeria\/thumbs\/WhatsApp_Image_2026-09-03_at_10.15.50__1_.jpeg\" alt=\"El Gobierno avanza en la construcci\u00f3n del Polideportivo de Piedra Buena\" src=\"data:image\/svg+xml;base64,PHN2ZyB3aWR0aD0iMSIgaGVpZ2h0PSIxIiB4bWxucz0iaHR0cDovL3d3dy53My5vcmcvMjAwMC9zdmciPjwvc3ZnPg==\" \/><\/a><\/div>\n<div class=\"col-6 col-sm-4 col-md-4 col-lg-3 mt-0\"><a class=\"ssig-item\" href=\"https:\/\/noticias.santacruz.gob.ar\/media\/ssigallery\/articulos\/26368\/galeria\/WhatsApp_Image_2026-09-03_at_10.17.19.jpeg\" data-ssig=\"1\" data-caption=\"\" data-fancybox=\"ssigallery-article-26368\"><img decoding=\"async\" class=\"img-fluid rounded lazyload\" data-src=\"https:\/\/noticias.santacruz.gob.ar\/media\/ssigallery\/articulos\/26368\/galeria\/thumbs\/WhatsApp_Image_2026-09-03_at_10.17.19.jpeg\" alt=\"El Gobierno avanza en la construcci\u00f3n del Polideportivo de Piedra Buena\" src=\"data:image\/svg+xml;base64,PHN2ZyB3aWR0aD0iMSIgaGVpZ2h0PSIxIiB4bWxucz0iaHR0cDovL3d3dy53My5vcmcvMjAwMC9zdmciPjwvc3ZnPg==\" \/><\/a><\/div>\n<\/div>\n<\/aside>\n<\/aside>\n<\/div>\n<\/div>\n","protected":false},"excerpt":{"rendered":"<p>03 de Septiembre 2026. Se trata de una inversi\u00f3n superior a los $3.800 millones que se ejecuta a trav\u00e9s del<\/p>\n","protected":false},"author":8,"featured_media":48006,"comment_status":"open","ping_status":"closed","sticky":false,"template":"","format":"standard","meta":{"footnotes":""},"categories":[1094],"tags":[],"class_list":["post-48005","post","type-post","status-publish","format-standard","has-post-thumbnail","hentry","category-gobierno"],"_links":{"self":[{"href":"https:\/\/ecosdelsur.com\/index.php?rest_route=\/wp\/v2\/posts\/48005","targetHints":{"allow":["GET"]}}],"collection":[{"href":"https:\/\/ecosdelsur.com\/index.php?rest_route=\/wp\/v2\/posts"}],"about":[{"href":"https:\/\/ecosdelsur.com\/index.php?rest_route=\/wp\/v2\/types\/post"}],"author":[{"embeddable":true,"href":"https:\/\/ecosdelsur.com\/index.php?rest_route=\/wp\/v2\/users\/8"}],"replies":[{"embeddable":true,"href":"https:\/\/ecosdelsur.com\/index.php?rest_route=%2Fwp%2Fv2%2Fcomments&post=48005"}],"version-history":[{"count":1,"href":"https:\/\/ecosdelsur.com\/index.php?rest_route=\/wp\/v2\/posts\/48005\/revisions"}],"predecessor-version":[{"id":48007,"href":"https:\/\/ecosdelsur.com\/index.php?rest_route=\/wp\/v2\/posts\/48005\/revisions\/48007"}],"wp:featuredmedia":[{"embeddable":true,"href":"https:\/\/ecosdelsur.com\/index.php?rest_route=\/wp\/v2\/media\/48006"}],"wp:attachment":[{"href":"https:\/\/ecosdelsur.com\/index.php?rest_route=%2Fwp%2Fv2%2Fmedia&parent=48005"}],"wp:term":[{"taxonomy":"category","embeddable":true,"href":"https:\/\/ecosdelsur.com\/index.php?rest_route=%2Fwp%2Fv2%2Fcategories&post=48005"},{"taxonomy":"post_tag","embeddable":true,"href":"https:\/\/ecosdelsur.com\/index.php?rest_route=%2Fwp%2Fv2%2Ftags&post=48005"}],"curies":[{"name":"wp","href":"https:\/\/api.w.org\/{rel}","templated":true}]}}