{"id":48002,"date":"2026-09-03T12:20:47","date_gmt":"2026-09-03T15:20:47","guid":{"rendered":"https:\/\/ecosdelsur.com\/?p=48002"},"modified":"2026-09-03T12:20:47","modified_gmt":"2026-09-03T15:20:47","slug":"familia-narvaez-la-ultima-mudanza-y-la-nueva-vida-para-nosotros","status":"publish","type":"post","link":"https:\/\/ecosdelsur.com\/?p=48002","title":{"rendered":"Familia Narv\u00e1ez: \u201cLa \u00faltima mudanza y la nueva vida para nosotros\u201d"},"content":{"rendered":"<p><span style=\"color: #ff0000;\">03 de Septiembre 2026. <\/span>Los conocimos cuando su n\u00famero sali\u00f3 sorteado y la emoci\u00f3n no les permit\u00eda dimensionar que el sue\u00f1o finalmente comenzaba a hacerse realidad. volvimos a encontrarlos, pero esta vez con las llaves en sus manos: recibieron su vivienda de manos del gobernador Claudio Vidal.<\/p>\n<div class=\"redes mb-3\">\n<div class=\"d-flex flex-wrap justify-content-between align-items-center gap-3 my-2 mx-1\">\n<p>Hay historias que merecen ser contadas dos veces. La primera, cuando el sue\u00f1o comienza. La segunda, cuando finalmente se hace realidad.<\/p>\n<p>A la<strong>\u00a0familia Narv\u00e1ez<\/strong>\u00a0la conocimos cuando su n\u00famero apareci\u00f3 en el sorteo de los adjudicatarios de las \u00a0<strong>56 viviendas construidas por el Gobierno de Santa Cruz<\/strong>\u00a0a trav\u00e9s del IDUV. Aquella vez, la emoci\u00f3n, las l\u00e1grimas y la incredulidad fueron protagonistas.\u00a0<strong>Despu\u00e9s de 23 a\u00f1os de espera<\/strong>, el sue\u00f1o de tener una casa propia comenzaba a dejar de ser una ilusi\u00f3n.<\/p>\n<p>Hoy volvimos a acompa\u00f1arlos, pero la escena fue diferente: ya desde el interior de la nueva casa.<\/p>\n<p>El gobernador\u00a0<strong>Claudio Vidal<\/strong>\u00a0hizo entrega de la vivienda a la familia, que ya piensa en lo que suceder\u00e1 despu\u00e9s de recibirlas: abrir la puerta, entrar con sus muebles y comenzar a vivir en el lugar que durante tantos a\u00f1os imaginaron.<\/p>\n<p><strong>\u201cEstamos muy felices, estamos muy contentos. Ya queremos estar ac\u00e1, ya viviendo, as\u00ed que seguramente a la tarde comenzaremos la mudanza\u201d<\/strong>, cont\u00f3 Alcides, visiblemente emocionado.<\/p>\n<p>Son seis integrantes: Alcides y M\u00f3nica con sus hijos Nicol\u00e1s, Florencia, Nazarena e \u00cfan Seis personas que durante m\u00e1s de dos d\u00e9cadas compartieron una casa alquilada y que ahora tienen, finalmente, un lugar propio donde proyectar el futuro.<\/p>\n<h2>Una espera interminable<\/h2>\n<p>Para Florencia, esta historia comenz\u00f3 mucho antes de que apareciera el n\u00famero de su familia en un sorteo.<\/p>\n<blockquote class=\"ssi-editorial-block ssi-quote ssi-quote-featured\"><p>\u201cHace 23 a\u00f1os que est\u00e1bamos a la espera. Siempre, toda mi infancia vi c\u00f3mo mis pap\u00e1s alquilaban, la lucha del d\u00eda a d\u00eda\u201d, relat\u00f3.<\/p><\/blockquote>\n<p>Por eso, recibir las llaves tiene para ella un significado que trasciende la vivienda. Es cerrar una historia que acompa\u00f1\u00f3 pr\u00e1cticamente toda su vida y abrir otra completamente diferente.<\/p>\n<blockquote class=\"ssi-editorial-block ssi-quote ssi-quote-featured\"><p>\u201cYo les aseguro que todo llega y la verdad que es un sue\u00f1o. Nosotros estamos ac\u00e1 y a\u00fan no lo creemos, seguimos sin creerlo\u201d, expres\u00f3.<\/p><\/blockquote>\n<p>La incredulidad todav\u00eda permanece. Pero esta vez hay una diferencia: la llave que sostiene en sus manos confirma que el sue\u00f1o ya no est\u00e1 adelante, sino que est\u00e1 sucediendo.<\/p>\n<h2>La mudanza que ser\u00e1 la \u00faltima<\/h2>\n<p>Durante a\u00f1os, la familia tuvo que afrontar alquileres y los aumentos que implicaban cada renovaci\u00f3n. Una realidad que, como para tantas familias santacruce\u00f1as, significaba reorganizar permanentemente la econom\u00eda del hogar.<\/p>\n<figure class=\"ssi-inline-image my-3\"><img decoding=\"async\" class=\"img-fluid lazyload\" data-src=\"https:\/\/noticias.santacruz.gob.ar\/media\/ssigallery\/articulos\/26370\/inline\/WhatsApp_Image_2026-09-03_at_11.46.37_AM__1_.jpeg\" alt=\"Familia Narv\u00e1ez: \u201cLa \u00faltima mudanza y la nueva vida para nosotros\u201d\" src=\"data:image\/svg+xml;base64,PHN2ZyB3aWR0aD0iMSIgaGVpZ2h0PSIxIiB4bWxucz0iaHR0cDovL3d3dy53My5vcmcvMjAwMC9zdmciPjwvc3ZnPg==\" \/><\/figure>\n<p>Florencia cuenta que incluso el \u00faltimo alquiler ya hab\u00eda sufrido un aumento.<\/p>\n<p><strong>\u201cEs un gran alivio\u201d<\/strong>, reconoce.<\/p>\n<p>La vivienda propia significa dejar atr\u00e1s ese gasto y poder destinar los recursos familiares a otras necesidades. Entre ellas, acompa\u00f1ar a uno de sus integrantes que se destaca como deportista en la ciudad.<\/p>\n<blockquote class=\"ssi-editorial-block ssi-quote ssi-quote-featured\"><p>\u201cTenemos a mi hermano que hace un deporte, que gracias a Dios es un deportista destacado en la ciudad, y se nos estaba complicando mucho el hecho de deporte, alquiler, todo lo que conlleva\u201d, explic\u00f3.<\/p><\/blockquote>\n<p><strong>\u201cHoy a la tarde, ya en la noche, cerrar la puerta y la \u00faltima mudanza y la nueva vida, porque esto es una nueva vida para nosotros\u201d<\/strong>, dijo.<\/p>\n<p>Despu\u00e9s de d\u00e9cada de alquilar, de acomodarse a las posibilidades econ\u00f3micas y de imaginar c\u00f3mo ser\u00eda ese momento, la familia Narv\u00e1ez prepara cajas una vez m\u00e1s.<\/p>\n<p>Pero esta vez es diferente porque ser\u00e1 la \u00faltima vez.<\/p>\n<h2>\u201cNunca pierdan las esperanzas\u201d<\/h2>\n<p>Con la emoci\u00f3n todav\u00eda presente, Florencia eligi\u00f3 convertir su propia historia en un mensaje para quienes contin\u00faan esperando una vivienda.<\/p>\n<blockquote class=\"ssi-editorial-block ssi-quote ssi-quote-featured\"><p>\u201cQue todo se puede, que nunca pierdan las esperanzas\u201d, expres\u00f3.<\/p><\/blockquote>\n<p>Y agreg\u00f3 una invitaci\u00f3n a quienes hoy tienen la posibilidad de inscribirse al programa Construir Santa Cruz que busca relevar las necesidades de vivienda de toda la provincia:\u00a0<strong>\u201cAprovechen, que la verdad que vale la pena\u201d<\/strong>.<\/p>\n<figure class=\"ssi-inline-image my-3\"><img decoding=\"async\" class=\"img-fluid lazyload\" data-src=\"https:\/\/noticias.santacruz.gob.ar\/media\/ssigallery\/articulos\/26370\/inline\/WhatsApp_Image_2026-09-03_at_11.46.18_AM.jpeg\" alt=\"Familia Narv\u00e1ez: \u201cLa \u00faltima mudanza y la nueva vida para nosotros\u201d\" src=\"data:image\/svg+xml;base64,PHN2ZyB3aWR0aD0iMSIgaGVpZ2h0PSIxIiB4bWxucz0iaHR0cDovL3d3dy53My5vcmcvMjAwMC9zdmciPjwvc3ZnPg==\" \/><\/figure>\n<p>Las llaves est\u00e1n en sus manos. Las cajas est\u00e1n listas. Y la pr\u00f3xima mudanza ser\u00e1 la \u00faltima.<\/p>\n<p>Despu\u00e9s de 23 a\u00f1os, comienza una nueva vida para los seis.<\/p>\n<\/div>\n<\/div>\n","protected":false},"excerpt":{"rendered":"<p>03 de Septiembre 2026. Los conocimos cuando su n\u00famero sali\u00f3 sorteado y la emoci\u00f3n no les permit\u00eda dimensionar que el<\/p>\n","protected":false},"author":8,"featured_media":48003,"comment_status":"open","ping_status":"closed","sticky":false,"template":"","format":"standard","meta":{"footnotes":""},"categories":[1094],"tags":[],"class_list":["post-48002","post","type-post","status-publish","format-standard","has-post-thumbnail","hentry","category-gobierno"],"_links":{"self":[{"href":"https:\/\/ecosdelsur.com\/index.php?rest_route=\/wp\/v2\/posts\/48002","targetHints":{"allow":["GET"]}}],"collection":[{"href":"https:\/\/ecosdelsur.com\/index.php?rest_route=\/wp\/v2\/posts"}],"about":[{"href":"https:\/\/ecosdelsur.com\/index.php?rest_route=\/wp\/v2\/types\/post"}],"author":[{"embeddable":true,"href":"https:\/\/ecosdelsur.com\/index.php?rest_route=\/wp\/v2\/users\/8"}],"replies":[{"embeddable":true,"href":"https:\/\/ecosdelsur.com\/index.php?rest_route=%2Fwp%2Fv2%2Fcomments&post=48002"}],"version-history":[{"count":1,"href":"https:\/\/ecosdelsur.com\/index.php?rest_route=\/wp\/v2\/posts\/48002\/revisions"}],"predecessor-version":[{"id":48004,"href":"https:\/\/ecosdelsur.com\/index.php?rest_route=\/wp\/v2\/posts\/48002\/revisions\/48004"}],"wp:featuredmedia":[{"embeddable":true,"href":"https:\/\/ecosdelsur.com\/index.php?rest_route=\/wp\/v2\/media\/48003"}],"wp:attachment":[{"href":"https:\/\/ecosdelsur.com\/index.php?rest_route=%2Fwp%2Fv2%2Fmedia&parent=48002"}],"wp:term":[{"taxonomy":"category","embeddable":true,"href":"https:\/\/ecosdelsur.com\/index.php?rest_route=%2Fwp%2Fv2%2Fcategories&post=48002"},{"taxonomy":"post_tag","embeddable":true,"href":"https:\/\/ecosdelsur.com\/index.php?rest_route=%2Fwp%2Fv2%2Ftags&post=48002"}],"curies":[{"name":"wp","href":"https:\/\/api.w.org\/{rel}","templated":true}]}}