{"id":47994,"date":"2026-09-03T10:29:46","date_gmt":"2026-09-03T13:29:46","guid":{"rendered":"https:\/\/ecosdelsur.com\/?p=47994"},"modified":"2026-09-03T10:29:46","modified_gmt":"2026-09-03T13:29:46","slug":"vialidad-provincial-desarrolla-diversas-tareas-para-optimizar-la-transitabilidad-en-rutas","status":"publish","type":"post","link":"https:\/\/ecosdelsur.com\/?p=47994","title":{"rendered":"Vialidad Provincial desarrolla diversas tareas para optimizar la transitabilidad en rutas"},"content":{"rendered":"<p><span style=\"color: #ff0000;\">03 de Septiembre 2026. <\/span>La Administraci\u00f3n General de Vialidad Provincial de Santa Cruz lleva adelante trabajos en distintos puntos de las rutas de Santa Cruz. Mantenimiento, drenaje, perfilado y controles de carga son algunas de las tareas.<\/p>\n<div class=\"redes mb-3\">\n<div class=\"d-flex flex-wrap justify-content-between align-items-center gap-3 my-2 mx-1\">\n<section class=\"ssi-block-main mb-5\">\n<div class=\"mb-2\">\n<div class=\"article-full\">\n<p>El Gobierno de Santa Cruz, a trav\u00e9s de la Administraci\u00f3n General de Vialidad Provincial (AGVP), estuvo realizando labores en La Esperanza, Gobernador Gregores y Piedra Buena, para garantizar un tr\u00e1nsito seguro y confiable en las v\u00edas santacruce\u00f1as que comunican las distintitas localidades.<\/p>\n<p>Personal de la AGVP del Distrito Vial Gobernador Gregores, de la balanza fija de La Esperanza y del Distrito Vial Piedra Buena realizan operativos de mantenimiento en distintos sectores de las rutas, con intervenciones destinadas a mejorar las condiciones de circulaci\u00f3n y asegurar el trayecto de quienes viajan hacia otras ciudades.<\/p>\n<p><strong>Bacheo y mantenimiento en el Puente de Piedra Buena de Ruta N\u00b03<\/strong><\/p>\n<p>El Distrito Vial Piedra Buena comenz\u00f3 con trabajos de bacheo sobre el puente de Comandante Luis Piedra Buena, en la Ruta Nacional N\u00ba3, con el objetivo de mejorar las condiciones de transitabilidad del sector.<\/p>\n<figure class=\"ssi-inline-image my-3\"><img decoding=\"async\" class=\"img-fluid lazyload\" data-src=\"https:\/\/noticias.santacruz.gob.ar\/media\/ssigallery\/articulos\/26367\/inline\/WhatsApp_Image_2026-09-03_at_9.20.02_AM.jpeg\" alt=\"Vialidad Provincial desarrolla diversas tareas para optimizar la transitabilidad en rutas\" src=\"data:image\/svg+xml;base64,PHN2ZyB3aWR0aD0iMSIgaGVpZ2h0PSIxIiB4bWxucz0iaHR0cDovL3d3dy53My5vcmcvMjAwMC9zdmciPjwvc3ZnPg==\" \/><\/figure>\n<p>Las tareas consistieron en la\u00a0<strong>limpieza de los baches, imprimaci\u00f3n con emulsi\u00f3n asf\u00e1ltica y posterior llenado<\/strong>, utilizando una mezcla elaborada por el propio personal del Distrito, compuesta por emulsi\u00f3n asf\u00e1ltica, piedra triturada de distintos calibres y arena.<\/p>\n<p>Desde el ente valoraron el desempe\u00f1o de los operarios afectados a estos trabajos, que tendr\u00e1n continuidad: Juan Carlos Fern\u00e1ndez, Jorge Ch\u00e1ves, Albino Maldonado, Carlos Stout, Miguel Vargas, Ra\u00fal Vargas, Sergio Maliqueo y Mat\u00edas Fern\u00e1ndez.<\/p>\n<h2>Trabajos de drenaje en Ruta Nacional N\u00b040 Sur<\/h2>\n<p>El Distrito Vial Gobernador Gregores realiz\u00f3, durante la jornada de ayer, la\u00a0<strong>colocaci\u00f3n de un tubo de alcantarilla<\/strong>\u00a0para mejorar el desag\u00fce sobre la Ruta Nacional N\u00ba40 Sur, a la altura de la Estancia La Guillermina.<\/p>\n<figure class=\"ssi-inline-image my-3\"><img decoding=\"async\" class=\"img-fluid lazyload\" data-src=\"https:\/\/noticias.santacruz.gob.ar\/media\/ssigallery\/articulos\/26367\/inline\/WhatsApp_Image_2026-09-03_at_9.15.07_AM.jpeg\" alt=\"Vialidad Provincial desarrolla diversas tareas para optimizar la transitabilidad en rutas\" src=\"data:image\/svg+xml;base64,PHN2ZyB3aWR0aD0iMSIgaGVpZ2h0PSIxIiB4bWxucz0iaHR0cDovL3d3dy53My5vcmcvMjAwMC9zdmciPjwvc3ZnPg==\" \/><\/figure>\n<p>La intervenci\u00f3n permitir\u00e1 canalizar correctamente el agua y evitar su acumulaci\u00f3n sobre la calzada, contribuyendo a preservar el sector y mejorar las condiciones de circulaci\u00f3n.<\/p>\n<h2>Controles de cargas en La Esperanza<\/h2>\n<p>La Direcci\u00f3n de Control de Cargas, Pesos y Dimensiones informa que contin\u00faan desarroll\u00e1ndose los trabajos de inspecci\u00f3n, control de dimensiones y pesaje de veh\u00edculos de carga en la balanza fija de La Esperanza.<\/p>\n<p>Estas tareas permiten\u00a0<strong>verificar el cumplimiento de la normativa vigente<\/strong>, fortalecer la seguridad vial y contribuir a la preservaci\u00f3n de la infraestructura de nuestras rutas.<\/p>\n<h2>Trabajos de perfilado en Ruta Nacional N\u00b040 Sur<\/h2>\n<p>El Distrito Vial Gobernador Gregores realiz\u00f3 trabajos de\u00a0<strong>perfilado y eliminaci\u00f3n de huellones<\/strong>, sobre la Ruta Nacional N\u00ba40 Sur, en el tramo comprendido entre el empalme de la Ruta Provincial N\u00ba29 y la Ruta Provincial N\u00ba73.<\/p>\n<p><strong>Estas tareas de conservaci\u00f3n continuar\u00e1n durante toda la semana<\/strong>, con el objetivo de mejorar las condiciones de transitabilidad y seguridad en este importante tramo.<\/p>\n<p>La AGVP reconoce especialmente el compromiso y trabajo de los maquinistas Oscar Rial y Alejandro Rivera, quienes se encuentran afectados a estas tareas.<\/p>\n<p>Finalmente, cabe mencionar que el presidente de la Administraci\u00f3n General de Vialidad Provincial,\u00a0<strong>Julio Bujer<\/strong>, en el marco de la gesti\u00f3n del gobernador\u00a0<strong>Claudio Vidal<\/strong>, contin\u00faa trabajando en la conservaci\u00f3n y recuperaci\u00f3n de las rutas de Santa Cruz.<\/p>\n<\/div>\n<\/div>\n<\/section>\n<aside class=\"ssi-block-side\">\n<aside class=\"a-gallery mt-2\">\n<div class=\"row g-3 ssigallery-frontend mt-3 row-cols-2 row-cols-sm-3 row-cols-md-3 row-cols-lg-4\">\n<div class=\"col-6 col-sm-4 col-md-4 col-lg-3 mt-0\"><a class=\"ssig-item\" href=\"https:\/\/noticias.santacruz.gob.ar\/media\/ssigallery\/articulos\/26367\/galeria\/WhatsApp_Image_2026-09-03_at_9.12.10_AM.jpeg\" data-ssig=\"1\" data-caption=\"\" data-fancybox=\"ssigallery-article-26367\"><img decoding=\"async\" class=\"img-fluid rounded lazyload\" data-src=\"https:\/\/noticias.santacruz.gob.ar\/media\/ssigallery\/articulos\/26367\/galeria\/thumbs\/WhatsApp_Image_2026-09-03_at_9.12.10_AM.jpeg\" alt=\"Vialidad Provincial desarrolla diversas tareas para optimizar la transitabilidad en rutas\" src=\"data:image\/svg+xml;base64,PHN2ZyB3aWR0aD0iMSIgaGVpZ2h0PSIxIiB4bWxucz0iaHR0cDovL3d3dy53My5vcmcvMjAwMC9zdmciPjwvc3ZnPg==\" \/><\/a><\/div>\n<div class=\"col-6 col-sm-4 col-md-4 col-lg-3 mt-0\"><a class=\"ssig-item\" href=\"https:\/\/noticias.santacruz.gob.ar\/media\/ssigallery\/articulos\/26367\/galeria\/WhatsApp_Image_2026-09-03_at_9.12.10_AM__1_.jpeg\" data-ssig=\"1\" data-caption=\"\" data-fancybox=\"ssigallery-article-26367\"><img decoding=\"async\" class=\"img-fluid rounded lazyload\" data-src=\"https:\/\/noticias.santacruz.gob.ar\/media\/ssigallery\/articulos\/26367\/galeria\/thumbs\/WhatsApp_Image_2026-09-03_at_9.12.10_AM__1_.jpeg\" alt=\"Vialidad Provincial desarrolla diversas tareas para optimizar la transitabilidad en rutas\" src=\"data:image\/svg+xml;base64,PHN2ZyB3aWR0aD0iMSIgaGVpZ2h0PSIxIiB4bWxucz0iaHR0cDovL3d3dy53My5vcmcvMjAwMC9zdmciPjwvc3ZnPg==\" \/><\/a><\/div>\n<div class=\"col-6 col-sm-4 col-md-4 col-lg-3 mt-0\"><\/div>\n<\/div>\n<\/aside>\n<\/aside>\n<\/div>\n<\/div>\n","protected":false},"excerpt":{"rendered":"<p>03 de Septiembre 2026. La Administraci\u00f3n General de Vialidad Provincial de Santa Cruz lleva adelante trabajos en distintos puntos de<\/p>\n","protected":false},"author":8,"featured_media":47995,"comment_status":"open","ping_status":"closed","sticky":false,"template":"","format":"standard","meta":{"footnotes":""},"categories":[1173],"tags":[],"class_list":["post-47994","post","type-post","status-publish","format-standard","has-post-thumbnail","hentry","category-vialidad-provincial"],"_links":{"self":[{"href":"https:\/\/ecosdelsur.com\/index.php?rest_route=\/wp\/v2\/posts\/47994","targetHints":{"allow":["GET"]}}],"collection":[{"href":"https:\/\/ecosdelsur.com\/index.php?rest_route=\/wp\/v2\/posts"}],"about":[{"href":"https:\/\/ecosdelsur.com\/index.php?rest_route=\/wp\/v2\/types\/post"}],"author":[{"embeddable":true,"href":"https:\/\/ecosdelsur.com\/index.php?rest_route=\/wp\/v2\/users\/8"}],"replies":[{"embeddable":true,"href":"https:\/\/ecosdelsur.com\/index.php?rest_route=%2Fwp%2Fv2%2Fcomments&post=47994"}],"version-history":[{"count":2,"href":"https:\/\/ecosdelsur.com\/index.php?rest_route=\/wp\/v2\/posts\/47994\/revisions"}],"predecessor-version":[{"id":47997,"href":"https:\/\/ecosdelsur.com\/index.php?rest_route=\/wp\/v2\/posts\/47994\/revisions\/47997"}],"wp:featuredmedia":[{"embeddable":true,"href":"https:\/\/ecosdelsur.com\/index.php?rest_route=\/wp\/v2\/media\/47995"}],"wp:attachment":[{"href":"https:\/\/ecosdelsur.com\/index.php?rest_route=%2Fwp%2Fv2%2Fmedia&parent=47994"}],"wp:term":[{"taxonomy":"category","embeddable":true,"href":"https:\/\/ecosdelsur.com\/index.php?rest_route=%2Fwp%2Fv2%2Fcategories&post=47994"},{"taxonomy":"post_tag","embeddable":true,"href":"https:\/\/ecosdelsur.com\/index.php?rest_route=%2Fwp%2Fv2%2Ftags&post=47994"}],"curies":[{"name":"wp","href":"https:\/\/api.w.org\/{rel}","templated":true}]}}