{"id":47988,"date":"2026-09-03T10:24:27","date_gmt":"2026-09-03T13:24:27","guid":{"rendered":"https:\/\/ecosdelsur.com\/?p=47988"},"modified":"2026-09-03T10:24:27","modified_gmt":"2026-09-03T13:24:27","slug":"distrigas-y-el-enrege-coordinan-la-supervision-del-servicio-publico-de-gas","status":"publish","type":"post","link":"https:\/\/ecosdelsur.com\/?p=47988","title":{"rendered":"Distrigas y el ENReGE coordinan la supervisi\u00f3n del servicio p\u00fablico de gas"},"content":{"rendered":"<p><span style=\"color: #ff0000;\">03 de Septiembre 2026. <\/span>El presidente de Distrigas S.A., Juan Carlos Berasaluce, mantuvo un encuentro institucional con delegados del Ente Nacional Regulador del Gas y la Electricidad para revisar el servicio y la normativa vigente.<\/p>\n<div class=\"redes mb-3\">\n<div class=\"d-flex flex-wrap justify-content-between align-items-center gap-3 my-2 mx-1\">\n<p><strong data-path-to-node=\"2\" data-index-in-node=\"7\">El titular de Distrigas S.A., Juan Carlos Berasaluce, junto a los delegados Cecilia Markic y V\u00edctor Bourguet, articularon pautas sobre la distribuci\u00f3n del gas natural.<\/strong>\u00a0Las autoridades avanzaron en el control del suministro dentro del nuevo marco regulatorio nacional que rige en Santa Cruz. La iniciativa busca optimizar la fiscalizaci\u00f3n y la eficiencia del servicio que impacta en las comunidades santacruce\u00f1as.<\/p>\n<figure class=\"ssi-inline-image my-3\"><img decoding=\"async\" class=\"img-fluid lazyload\" data-src=\"https:\/\/noticias.santacruz.gob.ar\/media\/ssigallery\/articulos\/26366\/inline\/793122296_18111952769020732_3294735397596790412_n.jpg\" alt=\"Distrigas y el ENReGE coordinan la supervisi\u00f3n del servicio p\u00fablico de gas\" src=\"data:image\/svg+xml;base64,PHN2ZyB3aWR0aD0iMSIgaGVpZ2h0PSIxIiB4bWxucz0iaHR0cDovL3d3dy53My5vcmcvMjAwMC9zdmciPjwvc3ZnPg==\" \/><\/figure>\n<h2 data-path-to-node=\"5\">Articulaci\u00f3n institucional y control regulatorio<\/h2>\n<p data-path-to-node=\"6\"><strong data-path-to-node=\"6\" data-index-in-node=\"0\">&#8220;Desde Distrigas S.A. continuamos fortaleciendo los v\u00ednculos institucionales y el di\u00e1logo con los organismos que intervienen en la regulaci\u00f3n de los servicios p\u00fablicos esenciales para las comunidades de Santa Cruz&#8221;<\/strong>, se\u00f1alaron desde la empresa provincial tras el encuentro t\u00e9cnico. La labor conjunta busca optimizar la eficiencia y operatividad en la entrega del suministro energ\u00e9tico.<\/p>\n<p data-path-to-node=\"7\">La mesa de di\u00e1logo permiti\u00f3 alinear los criterios de trabajo tras la consolidaci\u00f3n del ENReGE, organismo que desde mayo de 2026 unific\u00f3 el control del transporte y distribuci\u00f3n de gas y electricidad en todo el pa\u00eds. Esta actualizaci\u00f3n institucional ratifica el compromiso del Gobierno de Santa Cruz de garantizar un seguimiento riguroso del servicio que reciben los usuarios santacruce\u00f1os.<\/p>\n<\/div>\n<\/div>\n","protected":false},"excerpt":{"rendered":"<p>03 de Septiembre 2026. El presidente de Distrigas S.A., Juan Carlos Berasaluce, mantuvo un encuentro institucional con delegados del Ente<\/p>\n","protected":false},"author":8,"featured_media":47989,"comment_status":"open","ping_status":"closed","sticky":false,"template":"","format":"standard","meta":{"footnotes":""},"categories":[1155],"tags":[],"class_list":["post-47988","post","type-post","status-publish","format-standard","has-post-thumbnail","hentry","category-distrigas"],"_links":{"self":[{"href":"https:\/\/ecosdelsur.com\/index.php?rest_route=\/wp\/v2\/posts\/47988","targetHints":{"allow":["GET"]}}],"collection":[{"href":"https:\/\/ecosdelsur.com\/index.php?rest_route=\/wp\/v2\/posts"}],"about":[{"href":"https:\/\/ecosdelsur.com\/index.php?rest_route=\/wp\/v2\/types\/post"}],"author":[{"embeddable":true,"href":"https:\/\/ecosdelsur.com\/index.php?rest_route=\/wp\/v2\/users\/8"}],"replies":[{"embeddable":true,"href":"https:\/\/ecosdelsur.com\/index.php?rest_route=%2Fwp%2Fv2%2Fcomments&post=47988"}],"version-history":[{"count":1,"href":"https:\/\/ecosdelsur.com\/index.php?rest_route=\/wp\/v2\/posts\/47988\/revisions"}],"predecessor-version":[{"id":47990,"href":"https:\/\/ecosdelsur.com\/index.php?rest_route=\/wp\/v2\/posts\/47988\/revisions\/47990"}],"wp:featuredmedia":[{"embeddable":true,"href":"https:\/\/ecosdelsur.com\/index.php?rest_route=\/wp\/v2\/media\/47989"}],"wp:attachment":[{"href":"https:\/\/ecosdelsur.com\/index.php?rest_route=%2Fwp%2Fv2%2Fmedia&parent=47988"}],"wp:term":[{"taxonomy":"category","embeddable":true,"href":"https:\/\/ecosdelsur.com\/index.php?rest_route=%2Fwp%2Fv2%2Fcategories&post=47988"},{"taxonomy":"post_tag","embeddable":true,"href":"https:\/\/ecosdelsur.com\/index.php?rest_route=%2Fwp%2Fv2%2Ftags&post=47988"}],"curies":[{"name":"wp","href":"https:\/\/api.w.org\/{rel}","templated":true}]}}