{"id":47985,"date":"2026-09-03T10:19:50","date_gmt":"2026-09-03T13:19:50","guid":{"rendered":"https:\/\/ecosdelsur.com\/?p=47985"},"modified":"2026-09-03T10:19:50","modified_gmt":"2026-09-03T13:19:50","slug":"ultiman-detalles-para-la-inauguracion-de-la-feria-provincial-del-libro","status":"publish","type":"post","link":"https:\/\/ecosdelsur.com\/?p=47985","title":{"rendered":"Ultiman detalles para la inauguraci\u00f3n de la Feria Provincial del Libro"},"content":{"rendered":"<p><span style=\"color: #ff0000;\">03 de Septiembre 2026. <\/span>La Feria Provincial del Libro comenzar\u00e1 este viernes a las 12:30 en el sal\u00f3n Luis Villarreal, donde se realizar\u00e1 el corte de cinta inaugural. El encuentro se extender\u00e1 durante 10 d\u00edas, con una programaci\u00f3n que incluir\u00e1 la participaci\u00f3n de 50 escritores, 35 autores noveles, editoriales provinciales, patag\u00f3nicas y nacionales, adem\u00e1s de talleres, conversatorios y presentaciones de libros.<\/p>\n<div class=\"redes mb-3\">\n<div class=\"d-flex flex-wrap justify-content-between align-items-center gap-3 my-2 mx-1\">\n<p>La Secretar\u00eda de Estado de Cultura se encuentra ultimando los detalles con vistas a la 32\u00b0 Edici\u00f3n de la Feria Provincial Libro que se llevar\u00e1 adelante desde este viernes 4 de septiembre hasta el 13 inclusive, que contar\u00e1 con la participaci\u00f3n de escritores nacionales, nuevos autores provinciales, editoriales provinciales, patag\u00f3nicas y nacionales, adem\u00e1s se realizar\u00e1n a lo largo de su desarrollo talleres, conversatorios y presentaci\u00f3n de libros.<\/p>\n<p>Desde la organizaci\u00f3n informaron que la grilla nacional se desarrollar\u00e1 del 5 al 13, inclusive y entre los invitados se encuentran Facundo Pastor, Fernando Signorini, Claudina Kutnowski, Felipe Pigna, Osvaldo Gross y Diego Frankel. Las actividades con escritores invitados se concentrar\u00e1n despu\u00e9s de las 18:30, dentro de una franja prevista entre las 18:00 y las 21:00 horas.<\/p>\n<h2>Inauguraci\u00f3n<\/h2>\n<p>La secretaria de Estado de Cultura,\u00a0<strong>Silvia D\u2019Andrea<\/strong>, confirm\u00f3 que la apertura se realizar\u00e1 este viernes a las 12:30 en el sal\u00f3n\u00a0<strong>Luis Villarreal<\/strong>\u00a0e invit\u00f3 al corte de cinta que marcar\u00e1 el inicio de la Feria Provincial del Libro.<\/p>\n<p>La organizaci\u00f3n se encuentra a cargo de equipos t\u00e9cnicos vinculados con el montaje y el dise\u00f1o. Para esta edici\u00f3n, tambi\u00e9n colabor\u00f3 un grupo proveniente de Comodoro Rivadavia, que particip\u00f3 en el armado de la feria del libro de esa ciudad.<\/p>\n<p>\u201cLa organizaci\u00f3n est\u00e1 en manos de toda la gente que sabe el montaje, sobre todo de la feria. En este caso, hay un equipo que nos est\u00e1 ayudando, que viene de Comodoro Rivadavia, que ha hecho el montaje de la feria del libro en Comodoro\u201d, dijo\u00a0<strong>Silvia D\u2019Andrea.<\/strong><\/p>\n<h2>Una feria con nuevos pabellones y una puesta por colores<\/h2>\n<p>La secretaria de Cultura explic\u00f3 que este a\u00f1o el espacio presentar\u00e1 una disposici\u00f3n distinta. A diferencia de ediciones anteriores, los sectores no estar\u00e1n organizados \u00fanicamente por salas, sino mediante nuevos pabellones identificados por colores.<\/p>\n<p>\u201cRealmente va a ser una sorpresa con mucho color. Ahora no estaremos separados en las salas como sol\u00edamos hacerlo, sino que somos los pabellones nuevos y por colores tambi\u00e9n\u201d, se\u00f1al\u00f3.<\/p>\n<p>El montaje implic\u00f3 una tarea distinta para los equipos acostumbrados a otros formatos de trabajo.\u00a0<strong>Silvia D\u2019Andrea<\/strong>\u00a0compar\u00f3 la propuesta con un dise\u00f1o de interiores por el nivel de planificaci\u00f3n requerido.<\/p>\n<p>\u201cHay muchas novedades que son interesantes y son tambi\u00e9n comprometidas al momento de montar, porque hay gente que estaba acostumbrada a otro tipo de trabajo, y ahora se ha sumado esto que es un dise\u00f1o de interiores\u201d, afirm\u00f3.<\/p>\n<p>Los trabajos comenzaron con la participaci\u00f3n de las \u00e1reas de mantenimiento, dise\u00f1o y organizaci\u00f3n de artes visuales.<\/p>\n<p>\u201cAgradezco infinitamente a la gente de mantenimiento y dise\u00f1o que est\u00e1n trabajando a full desde hace 3 d\u00edas, armando todo seg\u00fan los dise\u00f1os que se trajeron\u201d, sostuvo la funcionaria.<\/p>\n<p><strong>Programa de la Feria Provincial del Libro: escritores e invitados nacionales<\/strong><\/p>\n<p>La programaci\u00f3n incluir\u00e1 a 50 escritores, que participar\u00e1n durante los 10 d\u00edas con presentaciones de libros, talleres y conversatorios. Tambi\u00e9n estar\u00e1n presentes libreros y editoriales de Buenos Aires, junto con representantes de editoriales de la provincia y de distintas regiones de la Patagonia.<\/p>\n<p>\u201c50 escritores que van a estar en la grilla durante los 10 d\u00edas presentando sus libros, otros haciendo talleres y conversatorios sobre libros que ya han sido presentados, pero que est\u00e1n retomando vigencia en la feria\u201d, explic\u00f3 Silvia D\u2019Andrea.<\/p>\n<p>La agenda nacional comenzar\u00e1 con Facundo Pastor. Luego, el d\u00eda 9, ser\u00e1 el turno de Fernando Signorini. El d\u00eda 12 participar\u00e1n Claudina Kutnowski y Felipe Pigna.<\/p>\n<p>Para el cierre del 13 se anunci\u00f3 una doble cartelera con Osvaldo Gross y Diego Frankel.<\/p>\n<p>\u201cTodo lo que sea la grilla nacional es del 5 al 13, inclusive. Abre Facundo Pastor, sigue el 5, sigue Fernando Signorini el d\u00eda 9\u201d, detall\u00f3 la secretaria de Cultura.<\/p>\n<p>M\u00e1s adelante, agreg\u00f3: \u201cEl d\u00eda 12 est\u00e1n Claudina Kutnowski y Felipe Pigna. Y el d\u00eda 13 tambi\u00e9n es doble la cartelera nacional, porque van a estar Osvaldo Gross y Diego Frankel en el cierre, propiamente dicho, de la feria\u201d.<\/p>\n<p>Los horarios previstos para los invitados nacionales se ubicar\u00e1n entre las 18 y las 21. La organizaci\u00f3n advirti\u00f3 que podr\u00eda existir flexibilidad debido a la cantidad de actividades y a la participaci\u00f3n prevista en talleres y conversatorios.<\/p>\n<p>\u201cTodos van a tener horario entre las 18 y las 21 horas. Por supuesto, va a haber una flexibilidad tambi\u00e9n, porque son muchas las actividades, ya hay muchos anotados para los talleres y los conversatorios\u201d, indic\u00f3\u00a0<strong>Silvia D\u2019Andrea<\/strong>.<\/p>\n<h2>35 escritores noveles tendr\u00e1n espacio en la feria<\/h2>\n<p>La\u00a0<strong>Feria Provincial del Libro<\/strong>\u00a0tambi\u00e9n ofrecer\u00e1 un lugar destacado para autores que se presentan por primera vez en un encuentro de alcance provincial. En total, participar\u00e1n 35 escritores.<\/p>\n<p>\u201cPor supuesto, hay 35 nuevos escritores que van a estar en la feria\u201d, confirm\u00f3 la secretaria de Cultura.<\/p>\n<p>Algunos de esos autores ya participaron en ferias locales realizadas en distintos puntos de la provincia. Seg\u00fan explic\u00f3\u00a0<strong>Silvia D\u2019Andrea<\/strong>, varios llegaron a esta instancia despu\u00e9s de recibir reconocimientos en sus localidades.<\/p>\n<p>\u201cAlgunos ya vienen de sus ferias locales, porque ya hubo ferias dentro de la provincia, y algunos ya vienen galardonados desde sus ferias\u201d, se\u00f1al\u00f3.<\/p>\n<p>La funcionaria destac\u00f3 que la convocatoria busc\u00f3 reunir a escritores del \u00e1mbito nacional, provincial y local, adem\u00e1s de garantizar la presencia de los municipios.<\/p>\n<p>\u201cNosotros, como organizaci\u00f3n de la provincia en la Feria Provincial del Libro, buscamos que est\u00e9n todos presentes, buscamos la representaci\u00f3n nacional, la de los locales y, por supuesto, de que todos los municipios est\u00e9n presentes en la feria\u201d, afirm\u00f3.<\/p>\n<h2>Editoriales de toda la Patagonia<\/h2>\n<p>La edici\u00f3n de este a\u00f1o incorporar\u00e1 adem\u00e1s la participaci\u00f3n del\u00a0<strong>Ente Patagonia Cultura<\/strong>, que estar\u00e1 representado a trav\u00e9s de editoriales y libros de autores de distintas provincias patag\u00f3nicas.<\/p>\n<p>\u201cTambi\u00e9n este a\u00f1o se le suma el ente cultural Patagonia con las editoriales que hay en la Patagonia\u201d, precis\u00f3\u00a0<strong>Silvia D\u2019Andrea<\/strong>.<\/p>\n<p>La propuesta incluir\u00e1 publicaciones de escritores de Neuqu\u00e9n, La Pampa, R\u00edo Negro, Chubut y Tierra del Fuego, cuyos libros fueron enviados para formar parte de la feria.<\/p>\n<h2>Expectativa de la organizaci\u00f3n por la apertura<\/h2>\n<p>A pocos d\u00edas de la inauguraci\u00f3n, la secretaria de Cultura reconoci\u00f3 que la organizaci\u00f3n aguarda con expectativa la apertura de los espacios y el comienzo de las actividades.<\/p>\n<p>\u201cPor supuesto, la ansiedad es mucha, queremos ya ver todo realizado\u201d, expres\u00f3.<\/p>\n<p>Silvia D\u2019Andrea tambi\u00e9n agradeci\u00f3 el trabajo de los equipos involucrados en el montaje y de quienes prepararon los escenarios para las distintas propuestas culturales.<\/p>\n<p>\u201cPor supuesto, a la gente de organizaci\u00f3n de artes visuales que est\u00e1n absolutamente compenetrados con que esos escenarios brillen para estos 10 d\u00edas\u201d, manifest\u00f3.<\/p>\n<p>Finalmente, destac\u00f3 la participaci\u00f3n esperada del p\u00fablico, de los libreros y de los escritores del interior de la provincia.<\/p>\n<p>\u201cY, por supuesto, al p\u00fablico que se va a acercar y que va a disfrutar, porque ese es nuestro fin \u00faltimo, que la gente disfrute de lo que estamos proponiendo\u201d.<\/p>\n<\/div>\n<\/div>\n","protected":false},"excerpt":{"rendered":"<p>03 de Septiembre 2026. La Feria Provincial del Libro comenzar\u00e1 este viernes a las 12:30 en el sal\u00f3n Luis Villarreal,<\/p>\n","protected":false},"author":8,"featured_media":47986,"comment_status":"open","ping_status":"closed","sticky":false,"template":"","format":"standard","meta":{"footnotes":""},"categories":[1094],"tags":[],"class_list":["post-47985","post","type-post","status-publish","format-standard","has-post-thumbnail","hentry","category-gobierno"],"_links":{"self":[{"href":"https:\/\/ecosdelsur.com\/index.php?rest_route=\/wp\/v2\/posts\/47985","targetHints":{"allow":["GET"]}}],"collection":[{"href":"https:\/\/ecosdelsur.com\/index.php?rest_route=\/wp\/v2\/posts"}],"about":[{"href":"https:\/\/ecosdelsur.com\/index.php?rest_route=\/wp\/v2\/types\/post"}],"author":[{"embeddable":true,"href":"https:\/\/ecosdelsur.com\/index.php?rest_route=\/wp\/v2\/users\/8"}],"replies":[{"embeddable":true,"href":"https:\/\/ecosdelsur.com\/index.php?rest_route=%2Fwp%2Fv2%2Fcomments&post=47985"}],"version-history":[{"count":1,"href":"https:\/\/ecosdelsur.com\/index.php?rest_route=\/wp\/v2\/posts\/47985\/revisions"}],"predecessor-version":[{"id":47987,"href":"https:\/\/ecosdelsur.com\/index.php?rest_route=\/wp\/v2\/posts\/47985\/revisions\/47987"}],"wp:featuredmedia":[{"embeddable":true,"href":"https:\/\/ecosdelsur.com\/index.php?rest_route=\/wp\/v2\/media\/47986"}],"wp:attachment":[{"href":"https:\/\/ecosdelsur.com\/index.php?rest_route=%2Fwp%2Fv2%2Fmedia&parent=47985"}],"wp:term":[{"taxonomy":"category","embeddable":true,"href":"https:\/\/ecosdelsur.com\/index.php?rest_route=%2Fwp%2Fv2%2Fcategories&post=47985"},{"taxonomy":"post_tag","embeddable":true,"href":"https:\/\/ecosdelsur.com\/index.php?rest_route=%2Fwp%2Fv2%2Ftags&post=47985"}],"curies":[{"name":"wp","href":"https:\/\/api.w.org\/{rel}","templated":true}]}}